{"id":955,"date":"2017-01-30T21:38:03","date_gmt":"2017-01-30T19:38:03","guid":{"rendered":"http:\/\/tmbgy.ro\/?p=955"},"modified":"2017-01-30T21:38:03","modified_gmt":"2017-01-30T19:38:03","slug":"az-imadsag-ereje","status":"publish","type":"post","link":"https:\/\/tmbgy.demhub.net\/?p=955","title":{"rendered":"Az im\u00e1ds\u00e1g ereje"},"content":{"rendered":"<h3 class=\"western\" style=\"text-align: left;\" align=\"center\"><span style=\"font-family: arial, helvetica, sans-serif; font-size: 12pt; color: #000000;\">ApCsel 12,1-17<\/span><\/h3>\n<p><span style=\"color: #000000; font-size: 12pt; font-family: arial, helvetica, sans-serif;\"><span lang=\"hu-HU\"> Az im\u00e1ds\u00e1g t\u00e9m\u00e1ja nagyon ismert minden kereszty\u00e9n el\u0151tt, m\u00e9gis ez az a gyakorlat amely a legk\u00f6nnyebben van mell\u0151zve, elfelejtve.<\/span><\/span><\/p>\n<p><span style=\"font-size: 12pt; font-family: arial, helvetica, sans-serif; color: #000000;\"> Gondolkozt\u00e1l azon: Mi\u00e9rt?\u00a0<\/span><\/p>\n<p><span style=\"font-size: 12pt; font-family: arial, helvetica, sans-serif; color: #000000;\"><span lang=\"hu-HU\"> Mondhatn\u00e1nk azt is hogy az ima\u00f3r\u00e1k a legkev\u00e9sb\u00e9 kedvelt alkalma<\/span><span lang=\"hu-HU\">k egyes<\/span><span lang=\"hu-HU\"> gy\u00fclekezetek<\/span><span lang=\"hu-HU\">ben<\/span><span lang=\"hu-HU\">.<\/span><\/span><\/p>\n<p><span style=\"font-family: arial, helvetica, sans-serif; font-size: 12pt; color: #000000;\"> Gondolkozt\u00e1l azon: Mi\u00e9rt?<\/span><\/p>\n<p><span style=\"font-family: arial, helvetica, sans-serif; font-size: 12pt; color: #000000;\"> Az is megfigyelhet\u0151 hogy amikor valaki megt\u00e9r, minden buzd\u00edt\u00e1st az im\u00e1ra nagyon komolyan vesz, majd ahogy telik az id\u0151 kezdi elhanyagolni az im\u00e1t. <\/span><\/p>\n<p><span style=\"font-family: arial, helvetica, sans-serif; font-size: 12pt; color: #000000;\">Mi\u00e9rt t\u00f6rt\u00e9nnek ezek? Mi\u00e9rt nem ugrunk akkor amikor k\u00e9rve vagyunk im\u00e1dkozni, mi\u00e9rt nincs f\u0151 helyen az im\u00e1dkoz\u00e1s \u00e9let\u00fcnkben, gy\u00fclekezet\u00fcnkben?<\/span><\/p>\n<p><span style=\"font-family: arial, helvetica, sans-serif; font-size: 12pt; color: #000000;\"> \u00c9s mint egy z\u00e1r\u00f3jelben, megk\u00e9rdezem azt is ha gondolkozt\u00e1l azon, mi\u00e9rt vannak gy\u00fclekezetek ahol l\u00fcktet az \u00e9let, m\u00edg m\u00e1shol tetszhalott, vagy l\u00e1gymeleg \u00e1llapot van? Mintha nem lenne \u00e9let, nincs buzg\u00f3s\u00e1g, nincs munkav\u00e1gy, minden vonszolva megy, nincsenek megt\u00e9r\u00e9sek?<\/span><\/p>\n<p><span style=\"font-family: arial, helvetica, sans-serif; font-size: 12pt; color: #000000;\"> Foglalkoztattak ezek a k\u00e9rd\u00e9sek, \u00e9s \u00fagy hiszem a v\u00e1lasz egy r\u00e9sz\u00e9t megtal\u00e1ltam.<\/span><\/p>\n<p><span style=\"font-family: arial, helvetica, sans-serif; font-size: 12pt; color: #000000;\"> Szeretn\u00e9k ma n\u00e9h\u00e1ny olyan dolgot le\u00edrni, ami meger\u0151s\u00edtsen benn\u00fcnket az im\u00e1dkoz\u00e1s ter\u00fclet\u00e9n.<\/span><\/p>\n<p><span style=\"font-family: arial, helvetica, sans-serif; font-size: 12pt; color: #000000;\"> A gyenge h\u00edv\u0151 \u00e9letnek k\u00fcl\u00f6nb\u00f6z\u0151 okai vannak, egyik ok\u00e1t Isten \u00edgy \u00e1llap\u00edtja meg:<\/span><\/p>\n<p><span style=\"font-size: 12pt;\"><span style=\"font-family: arial, helvetica, sans-serif; color: #000000;\"><span lang=\"hu-HU\"><b>H\u00f3s 4:6 <\/b><\/span><\/span><span style=\"color: #000000;\"><span lang=\"hu-HU\"><i><span style=\"color: #000000;\">Elv\u00e9sz az \u00e9n n\u00e9pem, mivelhogy tudom\u00e1ny n\u00e9lk\u00fcl val\u00f3.<\/span><b> <\/b><\/i><\/span><\/span><\/span><\/p>\n<p><span style=\"font-family: arial, helvetica, sans-serif; font-size: 12pt; color: #000000;\"><i> <\/i>Sokszor ez egyik ok, hogy nem ismerj\u00fck Istent, nem ismerj\u00fck az \u0150 b\u00e1n\u00e1sm\u00f3dj\u00e1t az emberrel, \u00e9s nem ismerj\u00fck \u00f6nmagunkat sem, \u00e9s nem ismerj\u00fck azt sem amivel benn\u00fcnket b\u00edzott meg.<\/span><\/p>\n<p><span style=\"color: #000000; font-size: 12pt; font-family: arial, helvetica, sans-serif;\"><span lang=\"hu-HU\"> Egy nagyon \u00e9rdekes igeszakasz van el\u0151tt\u00fcnk, P\u00e9ter apostol fogs\u00e1ga \u00e9s szabadul\u00e1sa.<\/span><\/span><\/p>\n<p><span style=\"color: #000000; font-size: 12pt; font-family: arial, helvetica, sans-serif;\"><span lang=\"hu-HU\"> Nemcsak nek\u00fcnk vannak k\u00eds\u00e9rt\u00e9seink az im\u00e1dkoz\u00e1s ter\u00fclet\u00e9n, az els\u0151 gy\u00fclekezetben is voltak hasonl\u00f3 probl\u00e9m\u00e1k, eml\u00e9kezz\u00fcnk arra, mikor \u00fagy im\u00e1dkoztak, hogy megmozdult a hely, itt is buzg\u00f3n im\u00e1dkoznak <\/span><\/span><\/p>\n<p><span style=\"font-family: arial, helvetica, sans-serif; font-size: 12pt; color: #000000;\"><b>Csel 12:5<\/b><b> <\/b><i>P\u00e9tert teh\u00e1t b\u00f6rt\u00f6nben \u0151rizt\u00e9k, a gy\u00fclekezet pedig buzg\u00f3n im\u00e1dkozott \u00e9rte Istenhez.<\/i><\/span><\/p>\n<p><span style=\"font-family: arial, helvetica, sans-serif; font-size: 12pt; color: #000000;\">majd mikor meghallgat\u00e1sr\u00f3l van sz\u00f3, a hit\u00fcket l\u00e1tjuk:<\/span><\/p>\n<p><span style=\"color: #000000; font-size: 12pt; font-family: arial, helvetica, sans-serif;\"><b>Csel 12:12-<\/b><b>17<\/b><b> <\/b><i>Miut\u00e1n ezt meg\u00e9rtette, elment J\u00e1nos (akit M\u00e1rknak is neveznek) anyj\u00e1nak, M\u00e1ri\u00e1nak a h\u00e1z\u00e1hoz, ahol sokan \u00f6sszegy\u0171ltek \u00e9s im\u00e1dkoztak. Amikor P\u00e9ter z\u00f6rgetett a bej\u00e1rati kapun\u00e1l, egy Rod\u00e9 nev\u0171 szolg\u00e1l\u00f3le\u00e1ny ment oda, hogy hallgat\u00f3zz\u00e9k. Ahogy megismerte P\u00e9ter hangj\u00e1t, \u00f6r\u00f6m\u00e9ben nem nyitotta ki a kaput, hanem befutott, \u00e9s h\u00edr\u00fcl adta, hogy P\u00e9ter \u00e1ll a kapu el\u0151tt. Azok pedig azt mondt\u00e1k neki, hogy elment az esze. \u0150 azonban csak er\u0151s\u00edtgette, hogy \u00fagy van. Azok pedig azt mondt\u00e1k, hogy az \u0151 angyala az. P\u00e9ter pedig tov\u00e1bb z\u00f6rgetett. Amikor v\u00e9g\u00fcl kaput nyitottak, \u00e9s megl\u00e1tt\u00e1k, el\u00e1lm\u00e9lkodtak.<\/i><\/span><\/p>\n<p><span style=\"color: #000000; font-size: 12pt; font-family: arial, helvetica, sans-serif;\"><span lang=\"hu-HU\"> Mi is hasonl\u00f3ak vagyunk hozz\u00e1juk, nem tudjuk elhinni, hogy az ami\u00e9rt im\u00e1dkoztunk megt\u00f6rt\u00e9nik.<\/span><\/span><\/p>\n<p><span style=\"color: #000000; font-size: 12pt; font-family: arial, helvetica, sans-serif;\"><span lang=\"hu-HU\">S\u0151t azt gondoljuk, mi praktikusabb emberek vagyunk, mi\u00e9rt t\u00f6lts\u00fck az im\u00e1dkoz\u00e1ssal az id\u0151t, ha \u00fagy l\u00e1tjuk n\u00e9ha nem t\u00f6rt\u00e9nik semmi?<\/span><\/span><\/p>\n<p><span style=\"font-family: arial, helvetica, sans-serif; font-size: 12pt; color: #000000;\"> Az im\u00e1dkoz\u00e1sra sok buzd\u00edt\u00e1s van, az \u00dar J\u00e9zus tan\u00edt, buzd\u00edt a k\u00e9r\u00e9sre, ezt teszik az apostolok is. M\u00e9gis olyan gyenge az ima \u00e9let\u00fcnk. <\/span><\/p>\n<p><span style=\"font-family: arial, helvetica, sans-serif; font-size: 12pt; color: #000000;\">Id\u00e9zek n\u00e9h\u00e1ny igehelyet:<\/span><\/p>\n<p><span style=\"font-family: arial, helvetica, sans-serif; color: #000000; font-size: 12pt;\"><span lang=\"hu-HU\"><b>Mt 7:7-8<\/b><\/span><b> <\/b><span lang=\"hu-HU\"><i>K\u00e9rjetek \u00e9s adatik n\u00e9ktek; keressetek \u00e9s tal\u00e1ltok; z\u00f6rgessetek \u00e9s megnyittatik n\u00e9ktek. <\/i><\/span><i>Mert a ki k\u00e9r, mind kap; \u00e9s a ki keres, tal\u00e1l; \u00e9s a z\u00f6rget\u0151nek megnyittatik.<\/i><\/span><\/p>\n<p><span style=\"font-size: 12pt; font-family: arial, helvetica, sans-serif; color: #000000;\"><span lang=\"hu-HU\"><b>Mt 21:22<\/b><\/span><b> <\/b><span lang=\"hu-HU\"><i>\u00c9s a mit k\u00f6ny\u00f6rg\u00e9setekben k\u00e9rtek, mindazt meg is kapj\u00e1tok, ha hisztek.<\/i><\/span><\/span><\/p>\n<p><span style=\"color: #000000; font-size: 12pt; font-family: arial, helvetica, sans-serif;\"><span lang=\"hu-HU\"><b>Mrk 11:24<\/b><\/span><b> <\/b><span lang=\"hu-HU\"><i>Az\u00e9rt mondom n\u00e9ktek: A mit k\u00f6ny\u00f6rg\u00e9setekben k\u00e9rtek, higgy\u00e9tek, hogy mindazt megnyeritek, \u00e9s megl\u00e9szen n\u00e9ktek.<\/i><\/span><\/span><\/p>\n<p><span style=\"font-size: 12pt; font-family: arial, helvetica, sans-serif; color: #000000;\"><span lang=\"hu-HU\"><b>Jn 14:13-14<\/b><\/span><b> <\/b><span lang=\"hu-HU\"><i>\u00c9s ak\u00e1rmit k\u00e9rtek majd az \u00e9n nevemben, megcselekszem azt, hogy dics\u0151\u00edttess\u00e9k az Atya a Fi\u00faban.<\/i><\/span><\/span><\/p>\n<p><span style=\"font-family: arial, helvetica, sans-serif; color: #000000; font-size: 12pt;\"><i>Ha valamit k\u00e9rtek az \u00e9n nevemben, \u00e9n megcselekszem azt.<\/i><\/span><\/p>\n<p><span style=\"font-size: 12pt; font-family: arial, helvetica, sans-serif; color: #000000;\"><span lang=\"hu-HU\"><b>Jn 16:24<\/b><\/span><b> <\/b><span lang=\"hu-HU\"><i>Mostan\u00e1ig semmit sem k\u00e9rtetek az Aty\u00e1t\u00f3l az \u00e9n nevemben: k\u00e9rjetek \u00e9s megkapj\u00e1tok, hogy a ti \u00f6r\u00f6metek teljes legyen.<\/i><\/span><\/span><\/p>\n<p><span style=\"color: #000000; font-size: 12pt; font-family: arial, helvetica, sans-serif;\"><span lang=\"hu-HU\">Tudjuk a parancsot, \u00e9rezz\u00fck a sz\u00fcks\u00e9get, im\u00e1dkozni kell, \u00e9s m\u00e9gis mi\u00e9rt nem im\u00e1dkozik a h\u00edv\u0151 ember? Mi\u00e9rt tudjuk olyan k\u00f6nnyen elhanyagolni? <\/span><\/span><\/p>\n<p><span style=\"font-family: arial, helvetica, sans-serif; font-size: 12pt; color: #000000;\"> Egyesek szerint az ima a l\u00e9lek l\u00e9legzet v\u00e9tele, m\u00e9gis sokan l\u00e9legz\u00e9s n\u00e9lk\u00fcl pr\u00f3b\u00e1lnak meg\u00e9lni. <\/span><\/p>\n<p><span style=\"font-family: arial, helvetica, sans-serif; font-size: 12pt; color: #000000;\"> Legy\u00fcnk \u0151szint\u00e9k most \u00f6nmagunkkal szembe.<\/span><\/p>\n<p><span style=\"font-family: arial, helvetica, sans-serif; font-size: 12pt; color: #000000;\"> Azt nem merj\u00fck kimondani hogy nem hisz\u00fcnk a meghallgat\u00e1sban, mert Isten meg\u00edg\u00e9rte, de nem alkalmazzuk az im\u00e1t, ami m\u00e9gis a hitetlens\u00e9gr\u0151l tesz bizonys\u00e1got.<\/span><\/p>\n<p><span style=\"font-family: arial, helvetica, sans-serif; font-size: 12pt; color: #000000;\"> Mi a hitetlens\u00e9g\u00fcnknek az oka?<\/span><\/p>\n<ul>\n<li>\n<h3 class=\"western\" align=\"left\"><span style=\"color: #000000; font-size: 12pt; font-family: arial, helvetica, sans-serif;\"><span lang=\"hu-HU\">Sokszor im\u00e1dkozunk, \u00e9s semmi l\u00e1that\u00f3 nem t\u00f6rt\u00e9nik, olyan amit mi v\u00e1runk, \u00e9s id\u0151vel m\u00e1r nem is hissz\u00fck hogy van \u00e9rtelme.<\/span><\/span><\/h3>\n<\/li>\n<li>\n<h3 class=\"western\" align=\"left\"><span style=\"font-family: arial, helvetica, sans-serif; font-size: 12pt; color: #000000;\">Tal\u00e1n nagy bizonytalans\u00e1g van benn\u00fcnk k\u00e9r\u00e9seinkkel kapcsolatosan. Vagy \u00e9ppen Isten akarat\u00e1val kapcsolatosan?<\/span><\/h3>\n<\/li>\n<li>\n<h3 class=\"western\" align=\"left\"><span style=\"font-family: arial, helvetica, sans-serif; font-size: 12pt; color: #000000;\">Vagy nem \u00e9rtett\u00fck meg az im\u00e1dkoz\u00e1s l\u00e9nyeg\u00e9t, mi\u00e9rt is adta Isten ezt a lehet\u0151s\u00e9get gyermekeinek?<\/span><\/h3>\n<\/li>\n<\/ul>\n<h3 class=\"western\" align=\"left\"><span style=\"font-family: arial, helvetica, sans-serif; font-size: 12pt; color: #000000;\"> Az\u00e9rt biztos nem adta, hogy csak lefoglaljon benn\u00fcnket, az\u00e9rt sem hogy el\u00e1m\u00edtson, hamis nyugalmat kapjunk, k\u00f6zben semmi sem t\u00f6rt\u00e9nik.<\/span><\/h3>\n<p><span style=\"font-family: arial, helvetica, sans-serif; font-size: 12pt; color: #000000;\"> Az im\u00e1ds\u00e1g nem az \u00f6nszuggeszti\u00f3nak eszk\u00f6ze sem, ahogy egyesek gondolj\u00e1k.<\/span><\/p>\n<p><span style=\"font-size: 12pt; font-family: arial, helvetica, sans-serif; color: #000000;\">Vizsg\u00e1ljunk meg egy igeverset amivel sokan nyugtatj\u00e1k magukat, meg m\u00e1sokat is, akkor mikor im\u00e1jukra nem t\u00f6rt\u00e9nik semmi, \u00e9s ez okot is ad, hogy meglankadjanak az im\u00e1ban:<\/span><\/p>\n<p><span style=\"font-size: 12pt; font-family: arial, helvetica, sans-serif; color: #000000;\"><span lang=\"hu-HU\"><b>1J\u00e1n 5:14<\/b><\/span><b> <\/b><span lang=\"hu-HU\"><i>\u00c9s ez az a bizodalom, a mellyel \u0151 hozz\u00e1 vagyunk, hogy ha k\u00e9r\u00fcnk valamit az \u0151 akarata szerint, meghallgat minket:<\/i><\/span><\/span><\/p>\n<p><span style=\"font-family: arial, helvetica, sans-serif; font-size: 12pt; color: #000000;\">Hogyan \u00e9rtelmezz\u00fck ezt az Igeverset? <\/span><\/p>\n<p><span style=\"font-family: arial, helvetica, sans-serif; font-size: 12pt; color: #000000;\">Ennek az igeversnek 3 \u00e9rtelmez\u00e9se is lehet, n\u00e9zz\u00fck meg \u00e9rv\u00e9nyess\u00e9g\u00fcket:<\/span><\/p>\n<ol>\n<li>\n<h3 class=\"western\" align=\"left\"><span style=\"font-family: arial, helvetica, sans-serif; font-size: 12pt; color: #000000;\"><strong>ha k\u00e9r\u00e9seink Isten akarata szerintiek<\/strong> \u0150 meghallgat, k\u00f6vetkezik, ha nem akarata szerintiek akkor nem hallgat meg, ha nem hallgat meg, vagyis nem t\u00f6rt\u00e9nik az amit v\u00e1runk, igazoljuk magunkat, nem volt Isten akarata szerinti a k\u00e9r\u00e9s\u00fcnk,<\/span><\/h3>\n<\/li>\n<li>\n<h3 class=\"western\" align=\"left\"><span style=\"color: #000000; font-size: 12pt; font-family: arial, helvetica, sans-serif;\"><span lang=\"hu-HU\"><strong>k\u00e9r\u00fcnk valamit, \u0150 pedig akarata szerint hallgat meg minket,<\/strong> \u2026teh\u00e1t meghallgat, de akarata szerint teljes\u00edti k\u00e9r\u00e9s\u00fcnk,<\/span><\/span><\/h3>\n<\/li>\n<li>\n<h3 class=\"western\" align=\"left\"><span style=\"color: #000000; font-size: 12pt; font-family: arial, helvetica, sans-serif;\"><span lang=\"hu-HU\"><strong>k\u00e9r\u00fcnk valamit az \u0150 akarata szerint,<\/strong> vagyis \u00edg\u00e9ret\u00e9re alapozva, J\u00e9zus nev\u00e9ben \u00e9s \u0150 meghallgat minket.<\/span><\/span><\/h3>\n<\/li>\n<\/ol>\n<h3 class=\"western\" align=\"left\"><span style=\"font-family: arial, helvetica, sans-serif; font-size: 12pt; color: #000000;\">Mind a 3 v\u00e1lasz nem lehet helyes, melyik a helytelen v\u00e1lasz?<\/span><\/h3>\n<p><span style=\"color: #000000; font-size: 12pt; font-family: arial, helvetica, sans-serif;\"><span lang=\"hu-HU\">n\u00e9zz\u00fck meg a k\u00f6vetkez\u0151 k\u00e9t igeverset is: <\/span><\/span><\/p>\n<p><span style=\"color: #000000; font-size: 12pt; font-family: arial, helvetica, sans-serif;\"><span lang=\"hu-HU\"><b>1J\u00e1n 5:14<\/b><\/span> <span lang=\"hu-HU\"><i>\u00c9s ez az a bizodalom, a mellyel \u0151 hozz\u00e1 vagyunk, hogy <\/i><\/span><span lang=\"hu-HU\"><i><b>ha k\u00e9r\u00fcnk valamit<\/b><\/i><\/span><span lang=\"hu-HU\"><i> az \u0151 akarata szerint, meghallgat minket:<\/i><\/span><\/span><\/p>\n<p><span style=\"color: #000000; font-size: 12pt; font-family: arial, helvetica, sans-serif;\"><span lang=\"hu-HU\"><b>1J\u00e1n 5:15<\/b><\/span> <span lang=\"hu-HU\"><i>\u00c9s ha tudjuk, hogy meghallgat benn\u00fcnket, <\/i><\/span><span lang=\"hu-HU\"><i><b>ak\u00e1rmit k\u00e9r\u00fcnk<\/b><\/i><\/span><span lang=\"hu-HU\"><i>, tudjuk, hogy megvannak a k\u00e9r\u00e9seink, a melyeket k\u00e9rt\u00fcnk \u0151 t\u0151le.<\/i><\/span><\/span><\/p>\n<p><span style=\"font-family: arial, helvetica, sans-serif; font-size: 12pt; color: #000000;\">Ha az els\u0151 v\u00e1laszt tartjuk helyesnek, akkor a k\u00e9t igevers k\u00f6z\u00f6tt ellent\u00e9t van. <\/span><\/p>\n<p><span style=\"font-size: 12pt; font-family: arial, helvetica, sans-serif; color: #000000;\"><span lang=\"hu-HU\"><b> Valamit<\/b><\/span><span lang=\"hu-HU\"> akarata szerint k\u00e9r\u00fcnk \u2013 vagy <\/span><span lang=\"hu-HU\"><b>ak\u00e1rmit<\/b><\/span><span lang=\"hu-HU\"> k\u00e9r\u00fcnk ;<\/span><span lang=\"hu-HU\">s meghallgat minket.<\/span><\/span><\/p>\n<p><span style=\"font-family: arial, helvetica, sans-serif; font-size: 12pt; color: #000000;\"> \u00c9s ellent\u00e9t van m\u00e1s igeversekkel is, pl.<\/span><\/p>\n<p><span style=\"font-size: 12pt; font-family: arial, helvetica, sans-serif; color: #000000;\"><span lang=\"hu-HU\"><b>Jn 14,13-14<\/b><\/span><b> <\/b><span lang=\"hu-HU\"><i>Ak\u00e1rmit k\u00e9rtek majd az \u00e9n nevemben, megteszem azt, hogy dics\u0151\u00edttess\u00e9k az Atya a Fi\u00faban. Ha valamit k\u00e9rtek az \u00e9n nevemben, megteszem azt.<\/i><\/span><\/span><\/p>\n<p><span style=\"font-family: arial, helvetica, sans-serif; font-size: 12pt; color: #000000;\">vagy<\/span><\/p>\n<p><span style=\"font-size: 12pt; font-family: arial, helvetica, sans-serif; color: #000000;\"><span lang=\"hu-HU\"><b>Jn 16,24<\/b><\/span><b> <\/b><span lang=\"hu-HU\"><i>Mostan\u00e1ig semmit sem k\u00e9rtetek az Aty\u00e1t\u00f3l az \u00e9n nevemben, k\u00e9rjetek, \u00e9s megkapj\u00e1tok, hogy a ti \u00f6r\u00f6m\u00f6t\u00f6k teljes legyen.<\/i><\/span><\/span><\/p>\n<p><span style=\"font-family: arial, helvetica, sans-serif; font-size: 12pt; color: #000000;\"> Viszont ha elfogadjuk a 2. \u00e9s a 3. v\u00e1laszt \u00f6sszhang van az igeversek k\u00f6z\u00f6tt.<\/span><\/p>\n<p><span style=\"font-size: 12pt; font-family: arial, helvetica, sans-serif; color: #000000;\"><span lang=\"hu-HU\"><b>Hissz\u00fck mi hogy,<\/b><\/span><span lang=\"hu-HU\"> Isten meghallgatja k\u00e9r\u00e9seinket? Ak\u00e1rmit k\u00e9r\u00fcnk?<\/span><\/span><\/p>\n<p><span style=\"font-size: 12pt; font-family: arial, helvetica, sans-serif; color: #000000;\"><span lang=\"hu-HU\"><b>Hissz\u00fck azt hogy<\/b><\/span><span lang=\"hu-HU\"> Isten megv\u00e1ltoztatja terv\u00e9t, el\u0151bbi akarat\u00e1t, az\u00e9rt mert mi im\u00e1dkozunk, k\u00e9r\u00fcnk valamit? <\/span><\/span><\/p>\n<p><span style=\"font-family: arial, helvetica, sans-serif; font-size: 12pt; color: #000000;\">Vagy \u00fagy gondoljuk, Istennek megvan a terve, \u00e9s ott nincs v\u00e1ltoz\u00e1s, minden terve szerint t\u00f6rt\u00e9nik, mintha nem is Istenben, hanem a &#8220;sorsban&#8221; hinn\u00e9nk, <\/span><\/p>\n<p><span style=\"font-family: arial, helvetica, sans-serif; font-size: 12pt; color: #000000;\"><b>Teh\u00e1t: Mit hisz\u00fcnk?<\/b><\/span><\/p>\n<ul>\n<li>\n<h3 class=\"western\" align=\"left\"><span style=\"font-size: 12pt; font-family: arial, helvetica, sans-serif; color: #000000;\"><span lang=\"hu-HU\">ha im\u00e1dkozunk, k\u00e9r\u00fcnk valamit <\/span><span lang=\"hu-HU\"><u><b>ami az \u0150 akarata szerint van<\/b><\/u><\/span><span lang=\"hu-HU\"> meghallgat, ha nincs akarata szerint nem hallgat meg, \u00edgy is \u00fagy is az t\u00f6rt\u00e9nik amit Isten akar, \u00e9s akkor mi\u00e9rt im\u00e1dkozzunk? Csak az\u00e9rt hogy legyen elfoglalts\u00e1gunk?<\/span><\/span><\/h3>\n<\/li>\n<li>\n<h3 class=\"western\" align=\"left\"><span style=\"font-size: 12pt; font-family: arial, helvetica, sans-serif; color: #000000;\"><span lang=\"hu-HU\"><b>Vagy hisz\u00fck azt,<\/b><\/span><span lang=\"hu-HU\"> hogy \u00edg\u00e9rete szerint meghallgat, <\/span><span lang=\"hu-HU\">megvannak k\u00e9r\u00e9seink n\u00e1la, akarata szerint hallgat meg a javunkra, a megfelel\u0151 id\u0151ben? Bizodalmunk van benne? <\/span><\/span><\/h3>\n<\/li>\n<\/ul>\n<h3 class=\"western\" align=\"left\"><span style=\"font-family: arial, helvetica, sans-serif; font-size: 12pt; color: #000000;\">Egy egyszer\u0171 p\u00e9lda \u00e9rthet\u0151bb\u00e9 teszi el\u0151tt\u00fcnk: a gyermek k\u00e9r sz\u00fcleit\u0151l egy rollert, de sz\u00fclei egy biciklit vesznek neki. Nem volt meghallgatva a k\u00e9r\u00e9s? Meg volt hallgatva, a sz\u00fcl\u0151k akarata szerint, a gyermek jav\u00e1ra, m\u00e9g t\u00f6bbet kapott mint rem\u00e9lt.<\/span><\/h3>\n<p><span style=\"font-family: arial, helvetica, sans-serif; font-size: 12pt; color: #000000;\"> Hogy van h\u00e1t? Isten minden k\u00e9r\u00e9s\u00fcnket meghallgatja? M\u00e9g akkor is ha eredetileg \u0150 m\u00e1st akart? Vagy \u0150 m\u00e1sk\u00e9pp tervezte? K\u00f6zbe l\u00e9phet\u00fcnk mi az \u0150 terv\u00e9be? Isten enged n\u00e9k\u00fcnk belesz\u00f3l\u00e1st terveibe?<\/span><\/p>\n<p><span style=\"font-family: arial, helvetica, sans-serif; font-size: 12pt; color: #000000;\">A teljes Ir\u00e1s szerint: Isten meghallgatja im\u00e1inkat!<\/span><\/p>\n<p><span style=\"font-size: 12pt; font-family: arial, helvetica, sans-serif; color: #000000;\"><span lang=\"hu-HU\"> Igaz, meghallgat akarata szerint, a jobbat adja nek\u00fcnk, \u0150 jobban tudja k\u00e9r\u00e9seinket, v\u00e1gyainkat, <\/span><span lang=\"hu-HU\"><u>\u00e9s nek\u00fcnk megvan a bizodalmunk<\/u><\/span><span lang=\"hu-HU\"> benne, hogy k\u00e9r\u00e9seink megvannak n\u00e1la \u00e9s az alkalmas id\u0151ben megadja azokat, \u00fagy <\/span><span lang=\"hu-HU\">a<\/span><span lang=\"hu-HU\">hogy az a javunkra le<\/span><span lang=\"hu-HU\">sz<\/span><span lang=\"hu-HU\">.<\/span><\/span><\/p>\n<p><span style=\"font-family: arial, helvetica, sans-serif; font-size: 12pt; color: #000000;\">Egy igehely ahol b\u00e1tor\u00edt\u00e1st tal\u00e1lunk arra hogy van \u00e9rtelme im\u00e1dkozni:<\/span><\/p>\n<p><span style=\"font-size: 12pt; font-family: arial, helvetica, sans-serif; color: #000000;\"><span lang=\"hu-HU\"><b>1Kor 3:9<\/b><\/span><b> <\/b><span lang=\"hu-HU\"><i><b>Mert <\/b><\/i><\/span><span lang=\"hu-HU\"><i><u><b>Isten munkat\u00e1rsai<\/b><\/u><\/i><\/span><span lang=\"hu-HU\"><i><b> vagyunk: Isten sz\u00e1nt\u00f3f\u00f6ldje, Isten \u00e9p\u00fclete vagytok.<\/b><\/i><\/span><\/span><\/p>\n<p><span style=\"font-family: arial, helvetica, sans-serif; font-size: 12pt; color: #000000;\"><span lang=\"hu-HU\"><u>Isten benn\u00fcnket, gyermekeit,<\/u><\/span><span lang=\"hu-HU\"> benne h\u00edv\u0151ket, <\/span><span lang=\"hu-HU\"><u>munkat\u00e1rsainak v\u00e1lasztott.<\/u><\/span><span lang=\"hu-HU\"> Nem jelenti azt hogy minden \u00fagy fog t\u00f6rt\u00e9nni ahogy mi akarjuk, Isten d\u00f6nti el, \u00e9s \u0150 jobban tudja mi kell t\u00f6rt\u00e9njen <\/span>de adott n\u00e9k\u00fcnk is belesz\u00f3l\u00e1st a vil\u00e1g esem\u00e9nyekbe,<\/span><\/p>\n<ul>\n<li>\n<h3 class=\"western\" align=\"left\"><span style=\"font-size: 12pt; font-family: arial, helvetica, sans-serif; color: #000000;\"><span lang=\"hu-HU\">lesznek esem\u00e9nyek amelyek <\/span><span lang=\"hu-HU\"><u>megt\u00f6rt\u00e9nnek<\/u><\/span><span lang=\"hu-HU\"> mert mi im\u00e1dkozunk, <\/span><\/span><\/h3>\n<\/li>\n<li>\n<h3 class=\"western\" align=\"left\"><span style=\"font-size: 12pt; font-family: arial, helvetica, sans-serif; color: #000000;\"><span lang=\"hu-HU\">lesznek m\u00e1s esem\u00e9nyek <\/span><span lang=\"hu-HU\">amelyek<\/span> <span lang=\"hu-HU\"><u>nem t\u00f6rt\u00e9nnek meg,<\/u><\/span><span lang=\"hu-HU\"> mert benn\u00fcnket nem \u00e9rdekel, mi k\u00f6z\u00f6mb\u00f6sek vagyunk.<\/span><\/span><\/h3>\n<\/li>\n<\/ul>\n<h3 class=\"western\" align=\"left\"><span style=\"font-size: 12pt; font-family: arial, helvetica, sans-serif; color: #000000;\"><span lang=\"hu-HU\">P\u00e9ld\u00e1kat szeretn\u00e9k id\u00e9zni, amelyek igazolj\u00e1k ezt, hogy <\/span><span lang=\"hu-HU\"><u>belesz\u00f3lhatunk<\/u><\/span><span lang=\"hu-HU\"> Isten terv\u00e9be,<br \/>\n<\/span><\/span><\/h3>\n<ol>\n<li>\n<h3 class=\"western\" align=\"left\"><span style=\"font-family: arial, helvetica, sans-serif; font-size: 12pt; color: #000000;\">M\u00e1r a teremt\u00e9skor, Isten az embert munkat\u00e1rs\u00e1nak v\u00e1lasztotta, az ember lett megb\u00edzva hogy nevet adjon az \u00e1llatoknak.<\/span><\/h3>\n<\/li>\n<\/ol>\n<h3 class=\"western\" align=\"left\"><span style=\"color: #000000; font-size: 12pt; font-family: arial, helvetica, sans-serif;\"><span lang=\"hu-HU\"><b>1M\u00f3z 2:19-20 <\/b><\/span><span lang=\"hu-HU\"><i>\u00c9s form\u00e1lt vala az \u00dar Isten a f\u00f6ldb\u0151l mindenf\u00e9le mezei vadat, \u00e9s mindenf\u00e9le \u00e9gi madarat, \u00e9s elviv\u00e9 az emberhez, hogy l\u00e1ssa, minek nevezze azokat; mert a mely nevet adott az ember az \u00e9l\u0151 \u00e1llatnak, az annak neve. \u00c9s nevet ada az ember minden baromnak, az \u00e9g madarainak, \u00e9s minden mezei vadnak;<\/i><\/span><\/span><\/h3>\n<ol start=\"2\">\n<li>\n<h3 class=\"western\" align=\"left\"><span style=\"color: #000000; font-size: 12pt; font-family: arial, helvetica, sans-serif;\"><span lang=\"hu-HU\">\u00c1brah\u00e1m k\u00f6zbenj\u00e1r\u00e1sa Szodoma \u00e9s Gomora eset\u00e9ben, Isten terve a v\u00e1rosok megsemmis\u00edt\u00e9se volt. Az alku ut\u00e1n Isten k\u00e9sz v\u00e1ltoztatni terv\u00e9n. Az alku nem teljes\u00fclt, nem volt 10 igaz sem hogy megkegyelmezzen a v\u00e1rosoknak, ez\u00e9rt Isten csak az igazakat menti meg, \u00e9s m\u00e9g ekkor is L\u00f3t k\u00e9r\u00e9s\u00e9re Isten megkegyelmezett egy kis v\u00e1rosk\u00e1nak, Co\u00e1rnak.<\/span><\/span><\/h3>\n<\/li>\n<li>\n<h3 class=\"western\" align=\"left\"><span style=\"font-family: arial, helvetica, sans-serif; font-size: 12pt; color: #000000;\">J\u00f3b im\u00e1j\u00e1ra is sz\u00fcks\u00e9g volt,<\/span><\/h3>\n<\/li>\n<\/ol>\n<h3 class=\"western\" align=\"left\"><span style=\"font-size: 12pt; font-family: arial, helvetica, sans-serif; color: #000000;\"><span lang=\"hu-HU\"><b>J\u00f3b 42:8<\/b><\/span><i><b> <\/b><\/i><span lang=\"hu-HU\"><i>J\u00f3b pedig, az \u00e9n szolg\u00e1m, im\u00e1dkozz\u00e9k ti \u00e9rettetek; mert csak az \u0151 szem\u00e9ly\u00e9re tekintek, hogy retteneteset ne cselekedjem veletek, mivelhogy nem sz\u00f3ltatok fel\u0151lem igaz\u00e1n, mint az \u00e9n szolg\u00e1m J\u00f3b.<\/i><\/span><\/span><\/h3>\n<p><span style=\"font-size: 12pt; font-family: arial, helvetica, sans-serif; color: #000000;\"><span lang=\"hu-HU\"><b>J\u00f3b 42:10<\/b><\/span><b> <\/b><span lang=\"hu-HU\"><i>Azut\u00e1n elt\u00e1vol\u00edt\u00e1 Isten J\u00f3br\u00f3l a csap\u00e1st, miut\u00e1n im\u00e1dkozott vala az \u0151 bar\u00e1tai\u00e9rt, \u00e9s k\u00e9tszeresen visszaad\u00e1 az \u00dar J\u00f3bnak mindazt, a mije volt.<\/i><\/span><\/span><\/p>\n<ol start=\"4\">\n<li>\n<h3 class=\"western\" align=\"left\"><span style=\"color: #000000; font-size: 12pt; font-family: arial, helvetica, sans-serif;\"><span lang=\"hu-HU\">M\u00f3zes k\u00e9tszer is k\u00f6zbenj\u00e1r a n\u00e9p\u00e9rt,<\/span><\/span><\/h3>\n<\/li>\n<\/ol>\n<h3 class=\"western\" align=\"left\"><span style=\"font-size: 12pt;\"><span style=\"font-family: arial, helvetica, sans-serif; color: #000000;\"><span lang=\"hu-HU\"><b>2M\u00f3z 32:9-10<\/b><\/span><b> <\/b><span lang=\"hu-HU\"><i>Monda ism\u00e9t az \u00dar M\u00f3zesnek: L\u00e1tom ezt a n\u00e9pet, bizony kem\u00e9nynyak\u00fa n\u00e9p. <\/i><\/span><\/span><span style=\"font-family: arial, helvetica, sans-serif; color: #000000;\"><i>Az\u00e9rt hagyj b\u00e9k\u00e9t n\u00e9kem, hadd gerjedjen fel haragom ellen\u00fck, \u00e9s t\u00f6r\u00f6ljem el \u0151ket: T\u00e9ged azonban nagy n\u00e9pp\u00e9 teszlek.<\/i><\/span><\/span><\/h3>\n<p><span style=\"font-family: arial, helvetica, sans-serif; font-size: 12pt; color: #000000;\"> Mit tett M\u00f3zes? Im\u00e1dkozott, k\u00f6zbenj\u00e1rt a n\u00e9p\u00e9rt, az eredm\u00e9ny? Isten megv\u00e1ltoztatta terv\u00e9t, meg\u00e1ll\u00edtotta a csap\u00e1st, m\u00e1sodj\u00e1ra is hasonl\u00f3an, de megb\u00fcnteti a hitetleneket,<\/span><\/p>\n<ol start=\"5\">\n<li>\n<h3 class=\"western\" align=\"left\"><span style=\"color: #000000; font-size: 12pt; font-family: arial, helvetica, sans-serif;\"><span lang=\"hu-HU\">Ez\u00e9ki\u00e1s im\u00e1ja, \u00e9s \u00e9lete meghosszabb\u00edt\u00e1sa,<\/span><\/span><\/h3>\n<\/li>\n<\/ol>\n<h3 class=\"western\" align=\"left\"><span style=\"font-size: 12pt;\"><span style=\"font-family: arial, helvetica, sans-serif; color: #000000;\"><span lang=\"hu-HU\"><b>2Kir 20:1-6<\/b><\/span><b> <\/b><span lang=\"hu-HU\"><i>Ebben az id\u0151ben hal\u00e1losan megbetegedett Ez\u00e9ki\u00e1s, \u00e9s hozz\u00e1 menv\u00e9n \u00c9zsai\u00e1s pr\u00f3f\u00e9ta, az \u00c1m\u00f3s fia, monda n\u00e9ki: Azt mondja az \u00dar: Rendeld el h\u00e1zadat, mert meghalsz \u00e9s nem \u00e9lsz. <\/i><\/span><\/span><span style=\"font-family: arial, helvetica, sans-serif; color: #000000;\"><i>Akkor arczczal a falhoz fordult, \u00e9s k\u00f6ny\u00f6rg\u00f6tt az \u00darnak, mondv\u00e1n: <\/i><\/span><span style=\"font-family: arial, helvetica, sans-serif; color: #000000;\"><i>\u00d3h Uram, eml\u00e9kezz\u00e9l meg r\u00f3la, hogy te el\u0151tted h\u0171s\u00e9ggel \u00e9s t\u00f6k\u00e9letes sz\u00edvvel j\u00e1rtam, \u00e9s hogy azt cselekedtem, a mi j\u00f3 volt a te szemeid el\u0151tt. \u00c9s s\u00edrt Ez\u00e9ki\u00e1s nagy s\u00edr\u00e1ssal. <\/i><\/span><span style=\"color: #000000; font-family: arial, helvetica, sans-serif;\"><span lang=\"hu-HU\"><i>Azonban \u00c9zsai\u00e1s m\u00e9g alig \u00e9rt a v\u00e1ros k\u00f6zep\u00e9re, mikor az \u00dar besz\u00e9de l\u0151n \u0151 hozz\u00e1, mondv\u00e1n: <\/i><\/span><\/span><span style=\"color: #000000; font-family: arial, helvetica, sans-serif;\"><span lang=\"hu-HU\"><i>Menj vissza \u00e9s mondd meg Ez\u00e9ki\u00e1snak, az n\u00e9pem fejedelm\u00e9nek: Azt mondja az \u00dar, D\u00e1vidnak, a te aty\u00e1dnak Istene: Meghallgattam a te im\u00e1ds\u00e1godat, l\u00e1ttam a te k\u00f6nnyhullat\u00e1sidat, \u00edme \u00e9n meggy\u00f3gy\u00edtlak t\u00e9ged, harmadnapra felm\u00e9gy az \u00dar h\u00e1z\u00e1ba; <\/i><\/span><\/span><span style=\"font-family: arial, helvetica, sans-serif; color: #000000;\"><i>\u00c9s a te id\u0151det tizen\u00f6t esztend\u0151vel meghosszabb\u00edtom, \u00e9s megszabad\u00edtlak t\u00e9ged \u00e9s e v\u00e1rost Assiria kir\u00e1ly\u00e1nak kez\u00e9b\u0151l, \u00e9s megoltalmazom e v\u00e1rost \u00e9n \u00e9rettem \u00e9s D\u00e1vid\u00e9rt, az \u00e9n szolg\u00e1m\u00e9rt.<\/i><\/span><\/span><\/h3>\n<ol start=\"6\">\n<li>\n<h3 class=\"western\" align=\"left\"><span style=\"color: #000000; font-size: 12pt; font-family: arial, helvetica, sans-serif;\"><span lang=\"hu-HU\">Ill\u00e9s im\u00e1ja, 3 \u00e9s f\u00e9l \u00e9vi sz\u00e1razs\u00e1g,<\/span><\/span><\/h3>\n<\/li>\n<\/ol>\n<h3 class=\"western\" align=\"left\"><span style=\"color: #000000; font-size: 12pt; font-family: arial, helvetica, sans-serif;\"><span lang=\"hu-HU\"><b>Jak 5:17 <\/b><\/span><span lang=\"hu-HU\"><i>Ill\u00e9s ember volt, hozz\u00e1nk hasonl\u00f3 term\u00e9szet\u0171; \u00e9s im\u00e1ds\u00e1ggal k\u00e9r\u00e9, hogy ne legyen es\u0151, \u00e9s nem volt es\u0151 a f\u00f6ld\u00f6n h\u00e1rom esztendeig \u00e9s hat h\u00f3napig:<\/i><\/span><\/span><\/h3>\n<p><span style=\"font-family: arial, helvetica, sans-serif; font-size: 12pt; color: #000000;\">Teh\u00e1t Isten: <\/span><\/p>\n<ul>\n<li>\n<h3 class=\"western\" align=\"left\"><span style=\"font-family: arial, helvetica, sans-serif; font-size: 12pt; color: #000000;\">belesz\u00f3l\u00e1st adott az embernek a teremt\u00e9s munk\u00e1j\u00e1ba, <\/span><\/h3>\n<\/li>\n<li>\n<h3 class=\"western\" align=\"left\"><span style=\"font-family: arial, helvetica, sans-serif; font-size: 12pt; color: #000000;\">lehetett vele alkudni, k\u00e9sz volt megkegyelmezni a b\u0171n\u00f6s v\u00e1rosoknak, az igaz emberek\u00e9rt,<\/span><\/h3>\n<\/li>\n<li>\n<h3 class=\"western\" align=\"left\"><span style=\"font-family: arial, helvetica, sans-serif; font-size: 12pt; color: #000000;\">J\u00f3b im\u00e1j\u00e1ra is sz\u00fcks\u00e9g volt, hogy bar\u00e1tai bocs\u00e1natot nyerjenek,<\/span><\/h3>\n<\/li>\n<li>\n<h3 class=\"western\" align=\"left\"><span style=\"font-family: arial, helvetica, sans-serif; font-size: 12pt; color: #000000;\">M\u00f3zes im\u00e1j\u00e1ra 2-szer is megkegyelmez a n\u00e9pnek,<\/span><\/h3>\n<\/li>\n<li>\n<h3 class=\"western\" align=\"left\"><span style=\"font-family: arial, helvetica, sans-serif; font-size: 12pt; color: #000000;\">Ez\u00e9ki\u00e1snak meghosszabb\u00edtja \u00e9let\u00e9t,<\/span><\/h3>\n<\/li>\n<li>\n<h3 class=\"western\" align=\"left\"><span style=\"font-family: arial, helvetica, sans-serif; font-size: 12pt; color: #000000;\">Ill\u00e9s im\u00e1j\u00e1ra nem volt es\u0151,<\/span><\/h3>\n<\/li>\n<\/ul>\n<h3 class=\"western\" align=\"left\"><span style=\"font-size: 12pt; font-family: arial, helvetica, sans-serif; color: #000000;\"><span lang=\"hu-HU\">A k\u00f6vetkeztet\u00e9s: Isten <\/span><span lang=\"hu-HU\"><u><b>belesz\u00f3l\u00e1st<\/b><\/u><\/span><span lang=\"hu-HU\"><b> adott az embernek<\/b><\/span><span lang=\"hu-HU\"> a vil\u00e1g esem\u00e9nyekbe, az emberek \u00e9let\u00e9be, eg\u00e9szs\u00e9g, hal\u00e1l, b\u0171nbocs\u00e1nat, k\u00e9rd\u00e9s\u00e9be,<\/span><span lang=\"hu-HU\"> hiszed-\u00e9 ezt?<\/span><\/span><\/h3>\n<p><span style=\"font-size: 12pt; font-family: arial, helvetica, sans-serif; color: #000000;\"><span lang=\"hu-HU\"><b>1Kor 3:9<\/b><\/span><b> <\/b><span lang=\"hu-HU\"><i><b>Mert Isten munkat\u00e1rsai vagyunk.<\/b><\/i><\/span><\/span><\/p>\n<p><span style=\"font-family: arial, helvetica, sans-serif; font-size: 12pt; color: #000000;\">Felfogjuk milyen nagy kiv\u00e1lts\u00e1gban van r\u00e9sz\u00fcnk? \u00c9s milyen nagy felel\u0151ss\u00e9g ez?<\/span><\/p>\n<ul>\n<li>\n<h3 class=\"western\" align=\"left\"><span style=\"font-size: 12pt; font-family: arial, helvetica, sans-serif; color: #000000;\"><span lang=\"hu-HU\">Belesz\u00f3lhatunk: \u00e9let\u00fcnk form\u00e1l\u00e1s\u00e1ban, <\/span><span lang=\"hu-HU\"><u>szeretteink \u00e9let\u00e9nek alakul\u00e1s\u00e1ba<\/u><\/span><span lang=\"hu-HU\">, <\/span><span lang=\"hu-HU\">belesz\u00f3lhatunk, k\u00f6zbenj\u00e1rhatunk \u00e9rt\u00fck, (az igaz, hogy Isten tiszteletben tartja a szabad akaratot, de ki lesz az aki nem mondja majd ott: &#8220;ha tudtam volna megt\u00e9rtem volna&#8221;. \u00c9s Isten tud k\u00fcl\u00f6n\u00f6s m\u00f3don sz\u00f3lni, egy \u00fajabb es\u00e9lyt adni a felismer\u00e9sre, a megt\u00e9r\u00e9sre), az \u00e9n vagy a te k\u00f6zbenj\u00e1r\u00e1sodra.<\/span><\/span><\/h3>\n<\/li>\n<li>\n<h3 class=\"western\" align=\"left\"><span style=\"font-family: arial, helvetica, sans-serif; font-size: 12pt; color: #000000;\">Esem\u00e9nyek t\u00f6rt\u00e9nnek meg, mert mi im\u00e1dkozunk,<\/span><\/h3>\n<\/li>\n<li>\n<h3 class=\"western\" align=\"left\"><span style=\"color: #000000; font-size: 12pt; font-family: arial, helvetica, sans-serif;\"><span lang=\"hu-HU\">Esem\u00e9nyek, katasztr\u00f3f\u00e1k nem t\u00f6rt\u00e9nnek meg mert mi im\u00e1dkozunk,<\/span><\/span><\/h3>\n<\/li>\n<li>\n<h3 class=\"western\" align=\"left\"><span style=\"color: #000000; font-size: 12pt; font-family: arial, helvetica, sans-serif;\"><span lang=\"hu-HU\">Gy\u00fclekezet\u00fcnkben elkezd az \u00e9let l\u00fcktetni, emberek t\u00e9rnek meg, mert mi im\u00e1dkozunk, \u00e9s hittel dolgozunk,<\/span><\/span><\/h3>\n<\/li>\n<li>\n<h3 class=\"western\" align=\"left\"><span style=\"font-family: arial, helvetica, sans-serif; font-size: 12pt; color: #000000;\">vagy gy\u00fclekezet\u00fcnk fogy, l\u00e1gymeleg lesz, mert mi nem im\u00e1dkozunk,<\/span><\/h3>\n<\/li>\n<\/ul>\n<h3 class=\"western\" align=\"left\"><span style=\"font-family: arial, helvetica, sans-serif; font-size: 12pt; color: #000000;\">M\u00e9g egyszer: tudat\u00e1ban vagy milyen nagy lehet\u0151s\u00e9ged van?<\/span><\/h3>\n<ul>\n<li>\n<h3 class=\"western\" align=\"left\"><span style=\"font-family: arial, helvetica, sans-serif; font-size: 12pt; color: #000000;\">Im\u00e1dkozhatsz \u00e9s Isten meghallgat, igaz akarata szerint hallgat meg, a te javadra, <\/span><\/h3>\n<\/li>\n<\/ul>\n<h3 class=\"western\" align=\"left\"><span style=\"font-family: arial, helvetica, sans-serif; font-size: 12pt; color: #000000;\">de megvan n\u00e1la k\u00e9r\u00e9sed, figyelembe veszi azt, <\/span><\/h3>\n<ul>\n<li>\n<h3 class=\"western\" align=\"left\"><span style=\"font-family: arial, helvetica, sans-serif; font-size: 12pt; color: #000000;\">az esem\u00e9nyek foly\u00e1s\u00e1t k\u00e9sz \u00f6v\u00e9i\u00e9rt megv\u00e1ltoztatni, csak az\u00e9rt mert munkat\u00e1rsainak v\u00e1lasztott benn\u00fcnket, mert gyermekei vagyunk!<\/span><\/h3>\n<\/li>\n<\/ul>\n<h3 class=\"western\" align=\"left\"><span style=\"font-family: arial, helvetica, sans-serif; font-size: 12pt; color: #000000;\"><b>\u00c9s ezek ut\u00e1n, tudsz nem im\u00e1dkozni?<\/b><\/span><\/h3>\n<p><span style=\"font-family: arial, helvetica, sans-serif; font-size: 12pt; color: #000000;\">Isten maga csod\u00e1lkozik hogy nincs k\u00f6zbenj\u00e1r\u00f3&#8230;<\/span><\/p>\n<p><span style=\"font-size: 12pt; font-family: arial, helvetica, sans-serif; color: #000000;\"><span lang=\"hu-HU\"><b>\u00c9zs 59:16<\/b><\/span><b> <\/b><span lang=\"hu-HU\"><i>Amikor l\u00e1tta, hogy nincsen senki, \u00e1lm\u00e9lkodott, hogy nincs, aki k\u00f6zbenj\u00e1r\u00f3 lenne,<\/i><\/span><i><b> <\/b><\/i><\/span><\/p>\n<p><span style=\"font-family: arial, helvetica, sans-serif; font-size: 12pt; color: #000000;\"> Hogyan \u00e9lsz az im\u00e1val?<\/span><\/p>\n<p><span style=\"font-family: arial, helvetica, sans-serif; font-size: 12pt; color: #000000;\"> \u00c9s ha nem im\u00e1dkozol: Mi\u00e9rt nem?<\/span><\/p>\n<p><span style=\"font-family: arial, helvetica, sans-serif; font-size: 12pt; color: #000000;\">A szentek im\u00e1ds\u00e1gai, ami \u00e1ltal komolyan veszik Istent, \u00e9lnek a lehet\u0151s\u00e9ggel, m\u00e9g a mennyben is ott lesznek:<\/span><\/p>\n<p><span style=\"color: #000000; font-size: 12pt; font-family: arial, helvetica, sans-serif;\"><span lang=\"hu-HU\"><b>Jel 5:8 <\/b><\/span><span lang=\"hu-HU\"><i>\u00e9s amikor \u00e1tvette a k\u00f6nyvet, a n\u00e9gy \u00e9l\u0151l\u00e9ny \u00e9s a huszonn\u00e9gy v\u00e9n leborult a B\u00e1r\u00e1ny el\u0151tt, mindegyikn\u00e9l h\u00e1rfa \u00e9s f\u00fcst\u00f6l\u0151szerrel teli aranycs\u00e9sze volt, amelyek a szentek im\u00e1ds\u00e1gai.<\/i><\/span><\/span><\/p>\n<ul>\n<li>\n<h3 class=\"western\" align=\"left\"><span style=\"font-family: arial, helvetica, sans-serif; font-size: 12pt; color: #000000;\">A te im\u00e1id is ott lesznek? <\/span><\/h3>\n<\/li>\n<li>\n<h3 class=\"western\" align=\"left\"><span style=\"font-family: arial, helvetica, sans-serif; font-size: 12pt; color: #000000;\">Vagy mardos majd a lelkiismeret, ha egy\u00fctt dolgozt\u00e1l volna Istennel, m\u00e1sok is \u00fcdv\u00f6ss\u00e9get nyertek volna, <\/span><\/h3>\n<\/li>\n<li>\n<h3 class=\"western\" align=\"left\"><span style=\"font-size: 12pt; font-family: arial, helvetica, sans-serif; color: #000000;\"><span lang=\"hu-HU\">m\u00e1sok meggy\u00f3gyultak volna, lehet \u00e9ppen te is,<\/span> <span lang=\"hu-HU\">m\u00e1sk\u00e9pp alakult volna az \u00e9let\u00fck, m\u00e1s lett volna a gyermekeid \u00e9lete, \u00e9s a te \u00e9leted is?<\/span><\/span><\/h3>\n<\/li>\n<li>\n<h3 class=\"western\" align=\"left\"><span style=\"font-family: arial, helvetica, sans-serif; font-size: 12pt; color: #000000;\">M\u00e1s lenne a gy\u00fclekezeted \u00e9lete, er\u0151teljesebbek lenn\u00e9nek a szolg\u00e1latok, ha im\u00e1ban k\u00e9rn\u00e9d Istent, \u00e9s hittel tenn\u00e9d is amit kell, (\u00edme a felelet a k\u00fcl\u00f6nbs\u00e9gekre a gy\u00fclekezetek k\u00f6z\u00f6tt).<\/span><\/h3>\n<\/li>\n<\/ul>\n<h3 class=\"western\" align=\"left\"><span style=\"font-family: arial, helvetica, sans-serif; font-size: 12pt; color: #000000;\"><b>Mond hiszel Isten szav\u00e1nak, \u00edg\u00e9reteinek?<\/b><\/span><\/h3>\n<p><span style=\"font-family: arial, helvetica, sans-serif; font-size: 12pt; color: #000000;\"><b>Im\u00e1dkozni fogsz?<\/b><\/span><\/p>\n","protected":false},"excerpt":{"rendered":"<p>ApCsel 12,1-17 Az im\u00e1ds\u00e1g t\u00e9m\u00e1ja nagyon ismert minden kereszty\u00e9n el\u0151tt, m\u00e9gis ez az a gyakorlat amely a legk\u00f6nnyebben van mell\u0151zve, elfelejtve. Gondolkozt\u00e1l azon: Mi\u00e9rt?\u00a0 Mondhatn\u00e1nk azt is hogy az ima\u00f3r\u00e1k a legkev\u00e9sb\u00e9 kedvelt alkalmak egyes gy\u00fclekezetekben. Gondolkozt\u00e1l azon: Mi\u00e9rt? Az is megfigyelhet\u0151 hogy amikor valaki megt\u00e9r, minden buzd\u00edt\u00e1st az im\u00e1ra nagyon komolyan vesz, majd ahogy&#8230;<\/p>\n","protected":false},"author":2,"featured_media":0,"comment_status":"closed","ping_status":"closed","sticky":false,"template":"","format":"standard","meta":{"_kad_post_transparent":"","_kad_post_title":"","_kad_post_layout":"","_kad_post_sidebar_id":"","_kad_post_content_style":"","_kad_post_vertical_padding":"","_kad_post_feature":"","_kad_post_feature_position":"","_kad_post_header":false,"_kad_post_footer":false,"_kad_post_classname":"","footnotes":""},"categories":[3,5],"tags":[48,55,73,88],"class_list":["post-955","post","type-post","status-publish","format-standard","hentry","category-hitmelyito-tanulmanyok","category-legujabb-irasok","tag-hit","tag-ima","tag-keres","tag-meghallgatas"],"_links":{"self":[{"href":"https:\/\/tmbgy.demhub.net\/index.php?rest_route=\/wp\/v2\/posts\/955","targetHints":{"allow":["GET"]}}],"collection":[{"href":"https:\/\/tmbgy.demhub.net\/index.php?rest_route=\/wp\/v2\/posts"}],"about":[{"href":"https:\/\/tmbgy.demhub.net\/index.php?rest_route=\/wp\/v2\/types\/post"}],"author":[{"embeddable":true,"href":"https:\/\/tmbgy.demhub.net\/index.php?rest_route=\/wp\/v2\/users\/2"}],"replies":[{"embeddable":true,"href":"https:\/\/tmbgy.demhub.net\/index.php?rest_route=%2Fwp%2Fv2%2Fcomments&post=955"}],"version-history":[{"count":0,"href":"https:\/\/tmbgy.demhub.net\/index.php?rest_route=\/wp\/v2\/posts\/955\/revisions"}],"wp:attachment":[{"href":"https:\/\/tmbgy.demhub.net\/index.php?rest_route=%2Fwp%2Fv2%2Fmedia&parent=955"}],"wp:term":[{"taxonomy":"category","embeddable":true,"href":"https:\/\/tmbgy.demhub.net\/index.php?rest_route=%2Fwp%2Fv2%2Fcategories&post=955"},{"taxonomy":"post_tag","embeddable":true,"href":"https:\/\/tmbgy.demhub.net\/index.php?rest_route=%2Fwp%2Fv2%2Ftags&post=955"}],"curies":[{"name":"wp","href":"https:\/\/api.w.org\/{rel}","templated":true}]}}