{"id":781,"date":"2018-11-18T19:32:50","date_gmt":"2018-11-18T17:32:50","guid":{"rendered":"http:\/\/tmbgy.ro\/?p=781"},"modified":"2018-11-18T19:32:50","modified_gmt":"2018-11-18T17:32:50","slug":"advent-es-karacsony","status":"publish","type":"post","link":"https:\/\/tmbgy.demhub.net\/?p=781","title":{"rendered":"Advent \u00e9s Kar\u00e1csony"},"content":{"rendered":"<p class=\"western\" align=\"LEFT\"><span style=\"font-family: Droid Sans,sans-serif;\"><span style=\"font-size: medium;\">A kereszty\u00e9n vil\u00e1g adventet \u00fcnnepel, k\u00e9sz\u00fcl a kar\u00e1csony meg\u00fcnnepl\u00e9s\u00e9re.<\/span><\/span><\/p>\n<p class=\"western\" align=\"LEFT\"><span style=\"font-family: Droid Sans,sans-serif;\"><span style=\"font-size: medium;\">A vil\u00e1gnak az advent csak kar\u00e1csonyra val\u00f3 k\u00e9sz\u00fcl\u0151d\u00e9s, takar\u00edt\u00e1s, bev\u00e1s\u00e1rl\u00e1sok, s\u00fct\u00e9s f\u0151z\u00e9s, azt\u00e1n a kar\u00e1csony az aj\u00e1nd\u00e9kok, ev\u00e9s, iv\u00e1s alkalma.<\/span><\/span><\/p>\n<p class=\"western\" align=\"LEFT\"><span style=\"font-family: Droid Sans,sans-serif;\"><span style=\"font-size: medium;\">Ha nem lenne a sok j\u00f3 falat, az aj\u00e1nd\u00e9kok, a kar\u00e1csonyfa, nem is lenne az \u00fcnnep.<\/span><\/span><\/p>\n<p class=\"western\" align=\"LEFT\"><span style=\"font-family: Droid Sans,sans-serif;\"><span style=\"font-size: medium;\"><b> Mond n\u00e1lad mi adja meg az \u00fcnnep sz\u00edn\u00e9t, l\u00e9nyeg\u00e9t?<\/b> <\/span><\/span><\/p>\n<p class=\"western\" align=\"LEFT\"><span style=\"font-family: Droid Sans,sans-serif;\"><span style=\"font-size: medium;\"><b> Mit jelent az advent, \u00e9s kar\u00e1csony?<\/b><\/span><\/span><\/p>\n<p class=\"western\" align=\"LEFT\"><span style=\"font-family: Droid Sans,sans-serif;\"><span style=\"font-size: medium;\">Akinek csak ezek, a felsoroltak, adj\u00e1k meg az \u00fcnnep hangulat\u00e1t, var\u00e1zs\u00e1t, nem igazi az \u00fcnnepl\u00e9se, csak kereszty\u00e9n k\u00f6nt\u00f6sbe \u00f6lt\u00f6ztetett pog\u00e1ny, b\u00e1lv\u00e1ny isteneknek szentelt \u00fcnnepl\u00e9s.<\/span><\/span><\/p>\n<p class=\"western\" align=\"LEFT\"><span style=\"font-family: Droid Sans,sans-serif;\"><span style=\"font-size: medium;\">Nem baj, nem b\u0171n az \u00fcnnepl\u00e9s, a megeml\u00e9kez\u00e9s, <b>de hogyan kell \u00fcnnepelj\u00fcnk?<\/b><\/span><\/span><\/p>\n<p class=\"western\" align=\"LEFT\"><span style=\"font-family: Droid Sans,sans-serif;\"><span style=\"font-size: medium;\">N\u00e9zz\u00fcnk meg n\u00e9h\u00e1ny szem\u00e9lyt hogyan v\u00e1rta \u00e9s \u00fcnnepelte az \u00dar J\u00e9zus sz\u00fclet\u00e9s\u00e9t, \u00e9s k\u00f6zben vizsg\u00e1ljuk meg mi hogyan \u00fcnnepel\u00fcnk: <\/span><\/span><\/p>\n<p class=\"western\" align=\"LEFT\"><span style=\"font-family: Droid Sans,sans-serif;\"><span style=\"font-size: medium;\"><u><b>1.- J\u00f3zsef \u00e9s M\u00e1ria,<\/b><\/u><\/span><\/span><\/p>\n<p class=\"western\" align=\"LEFT\"><span style=\"font-family: Droid Sans,sans-serif;\"><span style=\"font-size: medium;\"> <i>a) M\u00e1t\u00e9 1,24 J\u00f3zsef pedig az \u00e1lomb\u00f3l felserkenv\u00e9n, \u00fagy t\u0151n, a mint az \u00dar angyala parancsolta vala n\u00e9ki, \u00e9s feles\u00e9g\u00e9t mag\u00e1hoz vev\u00e9.<\/i><\/span><\/span><\/p>\n<p class=\"western\" align=\"LEFT\"><span style=\"font-family: Droid Sans,sans-serif;\"><span style=\"font-size: medium;\"><i> Luk 1,38 Monda pedig M\u00e1ria: Imhol az \u00darnak szolg\u00e1l\u00f3ja; legyen n\u00e9kem a te besz\u00e9ded szerint. \u00c9s elm\u00e9ne \u0151 t\u0151le az angyal.<\/i><\/span><\/span><\/p>\n<p class=\"western\" align=\"LEFT\"><span style=\"font-family: Droid Sans,sans-serif;\"><span style=\"font-size: medium;\"><b>Itt az Isten ir\u00e1nti engedelmess\u00e9g nyilv\u00e1nul meg.<\/b><\/span><\/span><\/p>\n<p class=\"western\" align=\"LEFT\"><span style=\"font-family: Droid Sans,sans-serif;\"><span style=\"font-size: medium;\"> <b>Hogyan nyilv\u00e1nul meg ma ez az engedelmess\u00e9g?<\/b><\/span><\/span><\/p>\n<p class=\"western\" align=\"LEFT\"><span style=\"font-family: Droid Sans,sans-serif;\"><span style=\"font-size: medium;\">A j\u00f3 v\u00e1lasz \u00e9rdek\u00e9ben csak egy seg\u00e9dk\u00e9rd\u00e9s: <b>komolyan veszed te azt amit Isten a Bibli\u00e1ban kijelent, parancsol?<\/b><\/span><\/span><\/p>\n<p class=\"western\" align=\"LEFT\"><span style=\"font-family: Droid Sans,sans-serif;\"><span style=\"font-size: medium;\"> b) <i>Luk 1,46 Akkor monda M\u00e1ria: Magasztalja az \u00e9n lelkem az Urat,<\/i><\/span><\/span><\/p>\n<p class=\"western\" align=\"LEFT\"><span style=\"font-family: Droid Sans,sans-serif;\"><span style=\"font-size: medium;\"><i> Luk 1,47 \u00c9s \u00f6rvendez az \u00e9n lelkem az \u00e9n megtart\u00f3 Istenemben.<\/i><\/span><\/span><\/p>\n<p class=\"western\" align=\"LEFT\"><span style=\"font-family: Droid Sans,sans-serif;\"><span style=\"font-size: medium;\"><b>Ebb\u0151l az t\u0171nik ki, hogy M\u00e1ria <\/b><b>magasztalva, \u00e9s \u00f6r\u00f6mmel, ujjongva<\/b><b> engedelmeskedett.<\/b> <b>M<\/b><b>egl\u00e1tszik-e ma Isten n\u00e9p\u00e9n<\/b><b>, rajtad, <\/b><b> az ujjong\u00f3 \u00f6r\u00f6m,&#8230; ?<\/b> <\/span><\/span><\/p>\n<p class=\"western\" align=\"LEFT\"><span style=\"font-family: Droid Sans,sans-serif;\"><span style=\"font-size: medium;\"> <b>Tudsz-e \u00f6rvendeni, hogy az \u00dar J\u00e9zus \u00e9rted j\u00f6tt le, \u00e9s megv\u00e1ltott? <\/b><\/span><\/span><\/p>\n<p class=\"western\" align=\"LEFT\"><span style=\"font-family: Droid Sans,sans-serif;\"><span style=\"font-size: medium;\"> <b>L\u00e1tj\u00e1k-e azt az emberek hogy j\u00f3 Isten gyermek\u00e9nek lenni, <\/b><\/span><\/span><\/p>\n<p class=\"western\" align=\"LEFT\"><span style=\"font-family: Droid Sans,sans-serif;\"><span style=\"font-size: medium;\"><u><b>2.- Zakari\u00e1s \u00e9s Erzs\u00e9bet<\/b><\/u><\/span><\/span><\/p>\n<p class=\"western\" align=\"LEFT\"><span style=\"font-family: Droid Sans,sans-serif;\"><span style=\"font-size: medium;\"> <i>Luk 1,6 \u00c9s mind a ketten igazak val\u00e1nak az Isten el\u0151tt, kik az \u00darnak minden parancsolataiban \u00e9s rendel\u00e9seiben feddhetetlen\u00fcl j\u00e1rtak.<\/i><\/span><\/span><\/p>\n<p class=\"western\" align=\"LEFT\"><span style=\"font-family: Droid Sans,sans-serif;\"><span style=\"font-size: medium;\"><i> <\/i>Ma sokan nem t\u00f6r\u0151dtek Istennel, az igazs\u00e1ggal, feddhetetlens\u00e9ggel, \u00edgy volt ez r\u00e9gen is de Zakari\u00e1s \u00e9s Erzs\u00e9bet <b>igazak \u00e9s fedhetetlenek<\/b><b> voltak. <\/b><\/span><\/span><\/p>\n<p class=\"western\" align=\"LEFT\"><span style=\"font-family: Droid Sans,sans-serif;\"><span style=\"font-size: medium;\"><b> Jellemez -e t\u00e9ged az igazs\u00e1g? a feddhetetlens\u00e9g?<\/b><\/span><\/span><\/p>\n<p class=\"western\" align=\"LEFT\"><span style=\"font-family: Droid Sans,sans-serif;\"><span style=\"font-size: medium;\"><b> Meg vagy-e igazulva J\u00e9zus Krisztusban? &#8230;\u00e9s j\u00e1rsz-e az igazs\u00e1g szerint?<\/b><\/span><\/span><\/p>\n<p class=\"western\" align=\"LEFT\"><span style=\"font-family: Droid Sans,sans-serif;\"><span style=\"font-size: medium;\"><u><b>3.- Simeon \u00e9s Anna,<\/b><\/u> <\/span><\/span><\/p>\n<p class=\"western\" align=\"LEFT\"><span style=\"font-family: Droid Sans,sans-serif;\"><span style=\"font-size: medium;\"> <i>Luk 2,25 \u00c9s \u00edm\u00e9 vala Jeruzs\u00e1lemben egy ember, a kinek neve Simeon volt, \u00e9s ez az ember igaz \u00e9s istenf\u00e9l\u0151 vala, a ki v\u00e1rta az Izr\u00e1el vigasztal\u00e1s\u00e1t, \u00e9s a Szent L\u00e9lek vala \u0151 rajta.<\/i><\/span><\/span><\/p>\n<p class=\"western\" align=\"LEFT\"><span style=\"font-family: Droid Sans,sans-serif;\"><span style=\"font-size: medium;\">Figyeld meg: igaz, istenf\u00e9l\u0151, v\u00e1rta a Mesi\u00e1st, Szentl\u00e9lek volt rajta.<\/span><\/span><\/p>\n<p class=\"western\" align=\"LEFT\"><span style=\"font-family: Droid Sans,sans-serif;\"><span style=\"font-size: medium;\"><b>V\u00e1rod-e te az \u00dar J\u00e9zus visszaj\u00f6vetel\u00e9t, <\/b><\/span><\/span><\/p>\n<p class=\"western\" align=\"LEFT\"><span style=\"font-family: Droid Sans,sans-serif;\"><span style=\"font-size: medium;\"><b>A Szentl\u00e9lek benned lakik, \u0151 vezet, ir\u00e1ny\u00edt?<\/b><\/span><\/span><\/p>\n<p class=\"western\" align=\"LEFT\"><span style=\"font-family: Droid Sans,sans-serif;\"><span style=\"font-size: medium;\"> <i>Luk 2,36 \u00c9s vala egy pr\u00f3f\u00e9taasszony, Anna, a F\u00e1nuel le\u00e1nya, az \u00c1ser nemzets\u00e9g\u00e9b\u0151l &#8230;<\/i><\/span><\/span><\/p>\n<p class=\"western\" align=\"LEFT\"><span style=\"font-family: Droid Sans,sans-serif;\"><span style=\"font-size: medium;\"><i> Luk 2,37 &#8230;nem t\u00e1voz\u00e9k el a templomb\u00f3l, hanem b\u00f6jt\u00f6l\u00e9sekkel \u00e9s im\u00e1dkoz\u00e1sokkal <u>szolg\u00e1l<\/u> vala \u00e9jjel \u00e9s nappal.<\/i><\/span><\/span><\/p>\n<p class=\"western\" align=\"LEFT\"><span style=\"font-family: Droid Sans,sans-serif;\"><span style=\"font-size: medium;\"><b>Anna sz\u00fcntelen Isten jelenl\u00e9t\u00e9ben, \u00e9lt \u00e9s akt\u00edvan, szolg\u00e1lva v\u00e1rta,<\/b><\/span><\/span><\/p>\n<p class=\"western\" align=\"LEFT\"><span style=\"font-family: Droid Sans,sans-serif;\"><span style=\"font-size: medium;\"><b>Isten jelenl\u00e9te jellemezi \u00e9leted?<\/b><\/span><\/span><\/p>\n<p class=\"western\" align=\"LEFT\"><span style=\"font-family: Droid Sans,sans-serif;\"><span style=\"font-size: medium;\"><b>Akt\u00edvan, szolg\u00e1lva v\u00e1rod \u0151t?<\/b><\/span><\/span><\/p>\n<p class=\"western\" align=\"LEFT\"><span style=\"font-family: Droid Sans,sans-serif;\"><span style=\"font-size: medium;\"><u><b>4.- A p\u00e1sztorok<\/b><\/u><\/span><\/span><\/p>\n<p class=\"western\" align=\"LEFT\"><span style=\"font-family: Droid Sans,sans-serif;\"><span style=\"font-size: medium;\"> <i>Luk 2,15 \u00c9s l\u0151n, hogy mikor elmentek az angyalok \u0151 t\u0151l\u00fck a mennybe, mond\u00e1nak a p\u00e1sztoremberek egym\u00e1snak: Menj\u00fcnk el mind Betlehemig, \u00e9s l\u00e1ssuk meg e dolgot, a melyet az \u00dar megjelentett n\u00e9k\u00fcnk.<\/i><\/span><\/span><\/p>\n<p class=\"western\" align=\"LEFT\"><span style=\"font-family: Droid Sans,sans-serif;\"><span style=\"font-size: medium;\"><b>A p\u00e1sztorok hittel fogadt\u00e1k a h\u00edrt, \u00e9rdekelte \u0151ket, elmentek hogy meg\u00e9rts\u00e9k mindazt ami t\u00f6rt\u00e9nt.<\/b><\/span><\/span><\/p>\n<p class=\"western\" align=\"LEFT\"><span style=\"font-family: Droid Sans,sans-serif;\"><span style=\"font-size: medium;\"><b>Akkor amikor Isten sz\u00f3l, meghallod-e hittel fogadod?<\/b><\/span><\/span><\/p>\n<p class=\"western\" align=\"LEFT\"><span style=\"font-family: Droid Sans,sans-serif;\"><span style=\"font-size: medium;\"><u><b>5. Egy eg\u00e9sz t\u00f6meg, &#8211; a n\u00e9p, akik hallottak r\u00f3la<\/b><\/u><\/span><\/span><\/p>\n<p class=\"western\" align=\"LEFT\"><span style=\"font-family: Droid Sans,sans-serif;\"><span style=\"font-size: medium;\"> <b>a p\u00e1sztorok szav\u00e1ra elcsod\u00e1lkoztak, Lk 2,18<\/b><\/span><\/span><\/p>\n<p class=\"western\" align=\"LEFT\"><span style=\"font-family: Droid Sans,sans-serif;\"><span style=\"font-size: medium;\"><b> Anna besz\u00e9d\u00e9re nem olvasunk semmi reakci\u00f3r\u00f3l, Lk 2,38<\/b><\/span><\/span><\/p>\n<p class=\"western\" align=\"LEFT\"><span style=\"font-family: Droid Sans,sans-serif;\"><span style=\"font-size: medium;\">Teh\u00e1t elcsod\u00e1lkoztak, vagy k\u00f6z\u00f6mb\u00f6sek maradtak.<\/span><\/span><\/p>\n<p class=\"western\" align=\"LEFT\"><span style=\"font-family: Droid Sans,sans-serif;\"><span style=\"font-size: medium;\">lehet \u00edgy is viszonyulni Istenhez, lehet \u00edgy is v\u00e1rni az \u00dar J\u00e9zus visszaj\u00f6vetel\u00e9t.<\/span><\/span><\/p>\n<p class=\"western\" align=\"LEFT\"><span style=\"font-family: Droid Sans,sans-serif;\"><span style=\"font-size: medium;\"><b>Te hogyan \u00fcnnepelsz?<\/b> <\/span><\/span><\/p>\n<p class=\"western\" align=\"LEFT\"><span style=\"font-family: Droid Sans,sans-serif;\"><span style=\"font-size: medium;\">Lehet \u00fagy mint a felsorolt szem\u00e9lyek, <\/span><\/span><\/p>\n<p class=\"western\" align=\"LEFT\"><span style=\"font-family: Droid Sans,sans-serif;\"><span style=\"font-size: medium;\"> engedelmess\u00e9gben Isten ir\u00e1nt,<\/span><\/span><\/p>\n<p class=\"western\" align=\"LEFT\"><span style=\"font-family: Droid Sans,sans-serif;\"><span style=\"font-size: medium;\"> magasztalva, \u00e9s \u00f6r\u00f6mmel, ujjongva.<\/span><\/span><\/p>\n<p class=\"western\" align=\"LEFT\"><span style=\"font-family: Droid Sans,sans-serif;\"><span style=\"font-size: medium;\"> igazan \u00e9s fedhetetlen\u00fcl<\/span><\/span><\/p>\n<p class=\"western\" align=\"LEFT\"><span style=\"font-family: Droid Sans,sans-serif;\"><span style=\"font-size: medium;\"> istenf\u00e9lelemben,<\/span><\/span><\/p>\n<p class=\"western\" align=\"LEFT\"><span style=\"font-family: Droid Sans,sans-serif;\"><span style=\"font-size: medium;\"> v\u00e1rva az \u00dar J\u00e9zus visszaj\u00f6vetel\u00e9t,<\/span><\/span><\/p>\n<p class=\"western\" align=\"LEFT\"><span style=\"font-family: Droid Sans,sans-serif;\"><span style=\"font-size: medium;\"> a Szentl\u00e9lek vezet\u00e9se alatt, vele betelve.<\/span><\/span><\/p>\n<p class=\"western\" align=\"LEFT\"><span style=\"font-family: Droid Sans,sans-serif;\"><span style=\"font-size: medium;\"><b>Mert van mit \u00fcnnepelni,<\/b> az \u00dar J\u00e9zus f\u00f6ldre j\u00f6tt, hogy n\u00e9k\u00fcnk \u00e9let\u00fcnk legyen, \u00e9s b\u0151velkedj\u00fcnk<\/span><\/span><\/p>\n<p class=\"western\" align=\"LEFT\"><span style=\"font-family: Droid Sans,sans-serif;\"><span style=\"font-size: medium;\">Ez \u00fcnnepnek az is \u00fczenete: <b>lehet tiszt\u00e1n, helyesen \u00e9lni \u00e9s \u00fcnnepelni,<\/b> abban az id\u0151ben is lehetett, \u00e9s \u00fagy kell ma is \u00e9lni:<\/span><\/span><\/p>\n<p class=\"western\" align=\"CENTER\"><span style=\"font-family: Droid Sans,sans-serif;\"><span style=\"font-size: medium;\"><i>Fil 2,15 <b>Hogy legyetek feddhetetlenek \u00e9s tiszt\u00e1k, Istennek szepl\u0151tlen gyermekei az elfordult \u00e9s elvetemedett nemzets\u00e9g k\u00f6zepette, kik k\u00f6z\u00f6tt f\u00e9nyletek, mint csillagok e vil\u00e1gon.<\/b><\/i><\/span><\/span><\/p>\n<p>&nbsp;<\/p>\n","protected":false},"excerpt":{"rendered":"<p>A kereszty\u00e9n vil\u00e1g adventet \u00fcnnepel, k\u00e9sz\u00fcl a kar\u00e1csony meg\u00fcnnepl\u00e9s\u00e9re. A vil\u00e1gnak az advent csak kar\u00e1csonyra val\u00f3 k\u00e9sz\u00fcl\u0151d\u00e9s, takar\u00edt\u00e1s, bev\u00e1s\u00e1rl\u00e1sok, s\u00fct\u00e9s f\u0151z\u00e9s, azt\u00e1n a kar\u00e1csony az aj\u00e1nd\u00e9kok, ev\u00e9s, iv\u00e1s alkalma. Ha nem lenne a sok j\u00f3 falat, az aj\u00e1nd\u00e9kok, a kar\u00e1csonyfa, nem is lenne az \u00fcnnep. Mond n\u00e1lad mi adja meg az \u00fcnnep sz\u00edn\u00e9t, l\u00e9nyeg\u00e9t? Mit&#8230;<\/p>\n","protected":false},"author":2,"featured_media":0,"comment_status":"closed","ping_status":"closed","sticky":false,"template":"","format":"standard","meta":{"_kad_post_transparent":"","_kad_post_title":"","_kad_post_layout":"","_kad_post_sidebar_id":"","_kad_post_content_style":"","_kad_post_vertical_padding":"","_kad_post_feature":"","_kad_post_feature_position":"","_kad_post_header":false,"_kad_post_footer":false,"_kad_post_classname":"","footnotes":""},"categories":[5],"tags":[],"class_list":["post-781","post","type-post","status-publish","format-standard","hentry","category-legujabb-irasok"],"_links":{"self":[{"href":"https:\/\/tmbgy.demhub.net\/index.php?rest_route=\/wp\/v2\/posts\/781","targetHints":{"allow":["GET"]}}],"collection":[{"href":"https:\/\/tmbgy.demhub.net\/index.php?rest_route=\/wp\/v2\/posts"}],"about":[{"href":"https:\/\/tmbgy.demhub.net\/index.php?rest_route=\/wp\/v2\/types\/post"}],"author":[{"embeddable":true,"href":"https:\/\/tmbgy.demhub.net\/index.php?rest_route=\/wp\/v2\/users\/2"}],"replies":[{"embeddable":true,"href":"https:\/\/tmbgy.demhub.net\/index.php?rest_route=%2Fwp%2Fv2%2Fcomments&post=781"}],"version-history":[{"count":0,"href":"https:\/\/tmbgy.demhub.net\/index.php?rest_route=\/wp\/v2\/posts\/781\/revisions"}],"wp:attachment":[{"href":"https:\/\/tmbgy.demhub.net\/index.php?rest_route=%2Fwp%2Fv2%2Fmedia&parent=781"}],"wp:term":[{"taxonomy":"category","embeddable":true,"href":"https:\/\/tmbgy.demhub.net\/index.php?rest_route=%2Fwp%2Fv2%2Fcategories&post=781"},{"taxonomy":"post_tag","embeddable":true,"href":"https:\/\/tmbgy.demhub.net\/index.php?rest_route=%2Fwp%2Fv2%2Ftags&post=781"}],"curies":[{"name":"wp","href":"https:\/\/api.w.org\/{rel}","templated":true}]}}