{"id":750,"date":"2015-10-12T20:03:17","date_gmt":"2015-10-12T17:03:17","guid":{"rendered":"http:\/\/tmbgy.ro\/?p=750"},"modified":"2015-10-12T20:03:17","modified_gmt":"2015-10-12T17:03:17","slug":"hangoltal-2","status":"publish","type":"post","link":"https:\/\/tmbgy.demhub.net\/?p=750","title":{"rendered":"Hangolt\u00e1l?"},"content":{"rendered":"<p><span style=\"font-size: 10pt;\"><em>\u00edrta Nagy J\u00f3zsef<\/em><\/span><\/p>\n<p>Egyik vas\u00e1rnap reggel amikor az Istentiszteletre igyekezt\u00fcnk, \u00fagy n\u00e9zett ki az id\u0151b\u0151l m\u00e9g futja, gondoltuk meg\u00e1llunk egy bolhapiac mellett \u00e9s sz\u00e9tn\u00e9z\u00fcnk egy kicsit. El is hat\u00e1roztuk, hogy \u00fagy tesz\u00fcnk.<\/p>\n<p>Egy ilyen utunk kb. 1 \u00f3ra \u00e9s 15 percig tart. Mire oda\u00e9rt\u00fcnk \u00e9s m\u00e1r parkol\u00f3t kerest\u00fcnk, valahogy hi\u00e1nyzott m\u00e1r bel\u0151lem a hat\u00e1rozotts\u00e1g, &#8230;elbizonytalanodtam \u00e9s \u2026 tov\u00e1bb ment\u00fcnk. Anik\u00f3 meglepve k\u00e9rdezte: &#8211; H\u00e1t nem \u00e1llunk meg? Amire azt v\u00e1laszoltam, hogy nincs most erre hangulatom, ez\u00e9rt nem \u00e1llunk meg.\u00a0 Valahogy nem tudtam \u00f6sszeegyeztetni azt a piaci hangulatot azzal, ahov\u00e1 megy\u00fcnk \u2013 a gy\u00fclekezeti hangulattal.<\/p>\n<p>Tov\u00e1bbugrott gondolatom \u00e9s a hangulat sz\u00f3r\u00f3l a hangol\u00e1s fogalm\u00e1ra kapcsoltam \u00e1t.<\/p>\n<p>Lehet volt m\u00e1r olyan \u00e9lm\u00e9nyetek, hogy zenekar k\u00e9sz\u00fcl\u0151d\u00e9s\u00e9t l\u00e1thatt\u00e1tok. Igaz\u00e1n nem kellemes \u00e9lm\u00e9ny, mikor a hangszereket egy adott k\u00f6z\u00f6s hangra hangolj\u00e1k. Szoktak f\u00e9lrees\u0151 helyre is h\u00faz\u00f3dni, mert ilyenkor nagyon tudj\u00e1k a zen\u00e9szek egym\u00e1st zavarni a mindenf\u00e9le nyikorg\u00f3, szab\u00e1lytalan disszon\u00e1ns hangokkal.<\/p>\n<p>Amikor m\u00e9g a gyermekek kicsik voltak, Isten a sz\u00edvemre helyezte, hogy m\u00e1r szombat este hangoljunk, k\u00e9sz\u00fclj\u00fcnk a vas\u00e1rnapra. Akkor m\u00e1r nem kapcsoltunk t\u00e9v\u00e9t, sz\u00e1m\u00edt\u00f3g\u00e9pen j\u00e1tszani sem volt szabad. M\u00e1r pontosan nem eml\u00e9kszem minden r\u00e9szletre, de ezek eszembe jutottak.<\/p>\n<p>Vas\u00e1rnap reggel sem volt ilyesmi megengedve.<\/p>\n<p>A bolhapiaccal kapcsolatban mindezek eszembe jutottak. M\u00e9g ma is \u00e9rzek lelkiismeret furdal\u00e1st, ha elt\u00e9rek ett\u0151l a h\u00e1zi szab\u00e1lyunkt\u00f3l. Mert \u00e1tl\u00e9ptem \u00e9n is t\u00f6bbsz\u00f6r\u2026 \u00e9s megtapasztaltam, milyen az amikor, mint egy idegen \u201ek\u00e9z\u201d, ny\u00falt bele valami a lelkembe \u00e9s furcsa, nem j\u00f3 ir\u00e1nyba tekerte a h\u00farokat. Nem volt kellemes \u00e9lm\u00e9ny. H\u00e1l\u00e1s voltam az \u00dar J\u00e9zusnak, hogy annak idej\u00e9n felh\u00edvta erre a figyelmemet.<\/p>\n<p>Mi is amikor Istentiszteletre k\u00e9sz\u00fcl\u00fcnk, t\u00f6bb\u00e9 kev\u00e9sb\u00e9 hangolunk. Tudatosan, vagy nem tudatosan. Sokszor az\u00e9rt n\u00e9znek \u00fagy ki alkalmaink, f\u0151leg k\u00f6z\u00f6s ima\u00f3r\u00e1ink, mert nincsen a lelk\u00fcnk \u00f6sszehangolva. Sokszor m\u00e9g vas\u00e1rnap reggel is, akkor kapcsoljuk ki a TV-t, r\u00e1di\u00f3t amikor m\u00e1r z\u00e1rjuk az ajt\u00f3t \u00e9s indulunk a gy\u00fclekezetbe. Csod\u00e1lkozunk akkor hogy \u201enem sz\u00f3l az Ige\u201d, hidegen hagy az \u00e9nek, nem mozdul a lelkem.\u00a0 Tal\u00e1n m\u00e9g kritiz\u00e1lni is mer\u00fcnk \u2013 k\u00f6zben nem vessz\u00fck \u00e9szre, eg\u00e9szen m\u00e1s frekvenci\u00e1kra hagytuk magunkat hangolni mint amik az Isten jelenl\u00e9t\u00e9ben illenek.<\/p>\n<p>Azt hiszem, hogy minden elvonul\u00e1s a titkos kamr\u00e1ba a hangol\u00e1s alkalma. Nem csak a k\u00f6z\u00f6s Istentiszteletre kell hangolni, hanem minden napra. A csal\u00e1dban is kellemes ha lelk\u00fcnkb\u0151l mennyei harm\u00f3nia csend\u00fcl ki, amikor belecsap valaki a h\u00farjaiba. A munkahelyen is \u00e1ld\u00e1st hagy maga ut\u00e1n a lelk\u00fcnkb\u0151l &#8211; szavak \u00e9s tettek \u00fatj\u00e1n\u00a0 kicsend\u00fcl\u0151 kellemes dal.<\/p>\n<p>Ez\u00e9rt ne felejts\u00fcnk el hangolni. Szerves r\u00e9sze egy sikeres koncertnek. Nem l\u00e1tv\u00e1nyos, m\u00e1snak egyenesen kellemetlen is lehet, de nem maradhat el.<\/p>\n<p>Tudj\u00e1tok \u2013 el szoktuk \u00e1rulni magunkat, hogy hangoltunk-e vagy sem. Hangunk, gesztusaink, arcunk kifejez\u00e9se, a besz\u00e9d\u00fcnk, reag\u00e1l\u00e1sunk sebess\u00e9ge, stb. mind-mind arr\u00f3l \u00e1rulkodik, hogy ki vagy mi hangolta aznap a lelk\u00fcnket az \u00e9letre. Az csak a baj, ha mi magunk m\u00e1r nem vessz\u00fck \u00e9szre.\u00a0 Ez\u00e9rt merj\u00fck h\u00e1t megk\u00e9rdezni egym\u00e1st olykor, m\u00e9g ha tal\u00e1n humorosan is hat, hogy \u201ehangolt\u00e1l e bar\u00e1tom-testv\u00e9rem\u201d \u2013 vagy ki ny\u00falt bele h\u00farjaidba?<\/p>\n<p>Enn\u00e9l m\u00e1r csak az rosszabb, ha a h\u00far is elszakadt. M\u00e1r hang sincsen.<\/p>\n<p>De j\u00f3, hogy a nagy Karmesternek van tartal\u00e9ka. Ha hozz\u00e1 megy\u00fcnk J\u00e9zus azonnal p\u00f3tolja a szakadt h\u00far(oka)t \u00e9s fel is hangol \u00e9s m\u00e1r eg\u00e9szen m\u00e1sk\u00e9pp \u00e9rzem magam, de azok is m\u00e1sk\u00e9pp \u00e9rzik magukat akik hallj\u00e1k a sz\u00f3l\u00f3mat vagy csak \u00e9ppen sz\u00f3lamomat.<\/p>\n","protected":false},"excerpt":{"rendered":"<p>\u00edrta Nagy J\u00f3zsef Egyik vas\u00e1rnap reggel amikor az Istentiszteletre igyekezt\u00fcnk, \u00fagy n\u00e9zett ki az id\u0151b\u0151l m\u00e9g futja, gondoltuk meg\u00e1llunk egy bolhapiac mellett \u00e9s sz\u00e9tn\u00e9z\u00fcnk egy kicsit. El is hat\u00e1roztuk, hogy \u00fagy tesz\u00fcnk. Egy ilyen utunk kb. 1 \u00f3ra \u00e9s 15 percig tart. Mire oda\u00e9rt\u00fcnk \u00e9s m\u00e1r parkol\u00f3t kerest\u00fcnk, valahogy hi\u00e1nyzott m\u00e1r bel\u0151lem a hat\u00e1rozotts\u00e1g, &#8230;elbizonytalanodtam&#8230;<\/p>\n","protected":false},"author":4,"featured_media":0,"comment_status":"closed","ping_status":"closed","sticky":false,"template":"","format":"standard","meta":{"_kad_post_transparent":"","_kad_post_title":"","_kad_post_layout":"","_kad_post_sidebar_id":"","_kad_post_content_style":"","_kad_post_vertical_padding":"","_kad_post_feature":"","_kad_post_feature_position":"","_kad_post_header":false,"_kad_post_footer":false,"_kad_post_classname":"","footnotes":""},"categories":[3,5],"tags":[43,62,75,123,133],"class_list":["post-750","post","type-post","status-publish","format-standard","hentry","category-hitmelyito-tanulmanyok","category-legujabb-irasok","tag-hangolas","tag-istentisztelel","tag-keszules","tag-titkos-kamra","tag-vasarnap"],"_links":{"self":[{"href":"https:\/\/tmbgy.demhub.net\/index.php?rest_route=\/wp\/v2\/posts\/750","targetHints":{"allow":["GET"]}}],"collection":[{"href":"https:\/\/tmbgy.demhub.net\/index.php?rest_route=\/wp\/v2\/posts"}],"about":[{"href":"https:\/\/tmbgy.demhub.net\/index.php?rest_route=\/wp\/v2\/types\/post"}],"author":[{"embeddable":true,"href":"https:\/\/tmbgy.demhub.net\/index.php?rest_route=\/wp\/v2\/users\/4"}],"replies":[{"embeddable":true,"href":"https:\/\/tmbgy.demhub.net\/index.php?rest_route=%2Fwp%2Fv2%2Fcomments&post=750"}],"version-history":[{"count":0,"href":"https:\/\/tmbgy.demhub.net\/index.php?rest_route=\/wp\/v2\/posts\/750\/revisions"}],"wp:attachment":[{"href":"https:\/\/tmbgy.demhub.net\/index.php?rest_route=%2Fwp%2Fv2%2Fmedia&parent=750"}],"wp:term":[{"taxonomy":"category","embeddable":true,"href":"https:\/\/tmbgy.demhub.net\/index.php?rest_route=%2Fwp%2Fv2%2Fcategories&post=750"},{"taxonomy":"post_tag","embeddable":true,"href":"https:\/\/tmbgy.demhub.net\/index.php?rest_route=%2Fwp%2Fv2%2Ftags&post=750"}],"curies":[{"name":"wp","href":"https:\/\/api.w.org\/{rel}","templated":true}]}}