{"id":691,"date":"2015-07-05T22:41:06","date_gmt":"2015-07-05T19:41:06","guid":{"rendered":"http:\/\/tmbgy.ro\/?p=691"},"modified":"2015-07-05T22:41:06","modified_gmt":"2015-07-05T19:41:06","slug":"instant-elet","status":"publish","type":"post","link":"https:\/\/tmbgy.demhub.net\/?p=691","title":{"rendered":"Instant \u00e9let"},"content":{"rendered":"<p>\u00edrta <em>Nagy J\u00f3zsef<br \/>\n<\/em><\/p>\n<p>Csak Istenben \u00a0nyugodj\u00e1l meg lelkem, mert t\u0151le van rem\u00e9nys\u00e9gem.<\/p>\n<p>\u00cdgy sz\u00f3lt az \u00dar: \u00c1lljatok az utakra, \u00e9s n\u00e9zzetek sz\u00e9t, \u00e9s k\u00e9rdez\u0151sk\u00f6djetek a r\u00e9gi \u00f6sv\u00e9nyek fel\u0151l, melyik a j\u00f3 \u00fat, \u00e9s azon j\u00e1rjatok, hogy nyugodalmat tal\u00e1ljatok a ti lelketeknek! \u00c9s azt mondt\u00e1k: Nem megy\u00fcnk!<\/p>\n<p>Fura vil\u00e1gban \u00e9l\u00fcnk.<br \/>\nHa nem \u00e1llunk meg kicsit gondolkodni, akkor azzal az \u00e9rz\u00e9ssel \u00e9lhet\u00fcnk, hogy ilyen is volt ez mindig.<br \/>\nFelfigyeltem m\u00e1r r\u00e9gen, hogy sok term\u00e9kre elkezdt\u00e9k r\u00e1\u00edrni, hogy \u201e\u00daJ\u201d.<br \/>\n\u00daj term\u00e9k<br \/>\n\u00daj \u00f6sszet\u00e9tel<br \/>\n\u00daj kiad\u00e1s\u00a0 (k\u00f6nyv, stb.)<br \/>\n\u00daj \u00edz, stb.<br \/>\nElgondolkoztam. Mire j\u00f3 ez?<\/p>\n<p>Elkezdtek finoman, \u00e9szrev\u00e9tlen\u00fcl nevelni minket!<br \/>\nSokf\u00e9le tr\u00fckk\u00f6kh\u00f6z folyamodnak a gy\u00e1rt\u00f3k, keresked\u0151k , hogy figyelj fel a term\u00e9kre, pr\u00f3b\u00e1ld ki, vedd meg.<br \/>\nA r\u00e9gi, a megszokott, &#8211; ha bev\u00e1lt is, nem j\u00f3 m\u00e1r \u2013 itt van az \u00daJ \u2013 ez jobb.<br \/>\nAzt\u00e1n ez a folyamat felgyorsult \u2013 terjedt. Megn\u0151tt a k\u00edn\u00e1lat \u00e9s ezzel a k\u00fczdelem a j\u00f3 piac\u00e9rt is.<\/p>\n<p>Felgyorsult az \u00e9let is. Kell a p\u00e9nz a nagy k\u00edn\u00e1lathoz \u00e9s ez sokunkat ig\u00e1ba hajtott.<br \/>\n\u00c9lettemp\u00f3nk lassan, de fokozatosan felgyorsult. Szinte \u00e9szre sem vett\u00fck.<br \/>\nLass\u00fa m\u00e1r a sz\u00e1m\u00edt\u00f3g\u00e9p, az aut\u00f3, a k\u00e1v\u00e9f\u0151z\u0151, stb. Siet\u00fcnk az\u00a0 \u00faton, minden\u00fctt feszegetj\u00fck a fels\u0151 korl\u00e1tokat.<br \/>\nMivel egy j\u00f3 reggel a megel\u0151z\u0151 est\u00e9vel kezd\u0151dik- \u00e9n is ott kezdem.<br \/>\n&#8211; Elmarad az esti \u00e1h\u00edtat mert nem volt m\u00e1r r\u00e1 id\u0151,<br \/>\nHa egy\u00e1ltal\u00e1n van m\u00e9g er\u0151m kedvem, futt\u00e1ban vacsor\u00e1zunk \u00e9s \u00e1gyba es\u00fcnk.<br \/>\nReggel nehezen kel\u00fcnk, elsietj\u00fck a csendess\u00e9get (ha egy\u00e1ltal\u00e1n m\u00e9g tartunk) \u00e9s m\u00e1r rohanunk is. Idegesked\u00fcnk az el\u0151tt\u00fcnk topog\u00f3 id\u0151s n\u00e9nike, a t\u00fal \u00f3vatos aut\u00f3s miatt.<br \/>\nValahogy eltelik a munkaid\u0151nk \u00e9s m\u00e1r rohanunk is hazafel\u00e9.<br \/>\nAnnyi lehet\u0151s\u00e9g leselkedik manaps\u00e1g r\u00e1nk, hogy egyszer\u0171en nem gy\u0151z\u00fcnk vel\u00fck \u00e9lni \u2026<\/p>\n<p>\u00cdgy bukkantak fel az \u00e9let\u00fcnkben az instant dolgok, term\u00e9kek. Vessz\u00fck az instant levest, \u00e9telt, k\u00e1v\u00e9t, kaka\u00f3t \u2013 sietve esz\u00fcnk.<br \/>\nM\u00e1r nincs id\u0151nk megadni a m\u00f3dj\u00e1t.<\/p>\n<p>A szomor\u00fa, hogy mindez egyenesen befoly\u00e1solja lelki szellemi vil\u00e1gunkat is.<br \/>\nSzem\u00e9lyes \u00e9s gy\u00fclekezeti h\u00edv\u0151 \u00e9let\u00fcnket is!<br \/>\n\u00c9szre sem vett\u00fck tal\u00e1n, de felgyorsultak im\u00e1ink, becsukjuk szem\u00fcnket \u00e9s m\u00e1r d\u0151l is bel\u0151l\u00fcnk a sz\u00f3. Nincs id\u0151nk tudatos\u00edtani magunknak hogy az \u00c9G \u00e9s a F\u00d6LD URA el\u0151tt \u00e1lltunk meg, a\u00a0mindenhat\u00f3 Isten\u00a0el\u0151tt hajtottunk t\u00e9rdet ????<br \/>\nAz ig\u00e9t is futva olvassuk, felsz\u00ednesen\u2026<br \/>\nA gy\u00fclekezetben is szint\u00e9n. Ha nem foly\u00e9konyan im\u00e1dkozik valaki, akkor m\u00e1r felt\u0171nik \u2013 mi van vele \u2026? A\u00a0 pr\u00e9dik\u00e1ci\u00f3 is k\u00f6t\u00f6tt, folyamatos kell legyen (l\u00e1tszik, hogy k\u00e9sz\u00fclt a tiszteletes).<br \/>\nAz \u00e9nekl\u00e9s is felgyorsult, s\u0151t m\u00e1r m\u00e1sok \u00e9nekelnek helyett\u00fcnk, van \u201edics\u0151\u00edt\u0151\u201d szolg\u00e1ltat\u00e1s, m\u00e1sok, t\u00f6bbnyire fiatalok \u00e9nekelnek \u00e9s mi meghallgatjuk. Ide is besziv\u00e1rgott m\u00e1r a konzum magatart\u00e1s. J\u00f3 kifog\u00e1s a dics\u0151\u00edt\u00e9s ellenz\u0151ivel szemben, hogy fiataljaink legal\u00e1bb nem mennek ki a vil\u00e1gba, de hogy mit honos\u00edtanak meg a gy\u00fclekezeteinkben, az m\u00e1r m\u00e1s t\u00e9ma \u2013 \u00e9s mennyire T\u00c9MA kellene legyen.<br \/>\nHa az \u00e9nekek temp\u00f3j\u00e1ra gondolok &#8211; dehogy van id\u0151nk elgondolkodni azon amit \u00e9nekel\u00fcnk \u2013 fizikai k\u00e9ptelens\u00e9g \u2026<br \/>\nSiet\u00fcnk v\u00e1laszolni, reag\u00e1lni \u2013 miel\u0151tt meggy\u0151z\u0151dt\u00fcnk volna, hogy j\u00f3l \u00e9rtett\u00fck a m\u00e1sikat \u2026<br \/>\nM\u00e1r van instant kocsma, van instant \u00e1gyunk, instant sz\u00f6veg\u00fcnk, pillanatk\u00e9p, instant, pillanatnyi siker, pillanatok alatt milliomosok lehet\u00fcnk.<\/p>\n<p>Mik\u00f6zben az instant dolgok \u00e1radat\u00e1ban \u00e9l\u00fcnk egyszer\u0171en elfelejt\u00fcnk v\u00e1rni, t\u0171rni, nyugodtak maradni. Mintha valami folyamatosan \u00fcld\u00f6zne \u2026\u00a0 Nem vessz\u00fck \u00e9szre, hogy mik\u00f6zben rohanunk, stresszben \u00e9l\u00fcnk \u2013 lelassult vagy teljess\u00e9ggel le is b\u00e9nult a szellem\u00fcnk, lelki \u00e9let\u00fcnk, d\u00f6nt\u00e9si k\u00e9pess\u00e9g\u00fcnk, tele vagyunk r\u00f6vid t\u00e1v\u00fa f\u00f6ldi c\u00e9lokkal \u00e9s nem l\u00e1tjuk a mennyeit, az igazi c\u00e9lt.<br \/>\nItt az ideje meg\u00e1llni Isten el\u0151tt, lecsillapodni, elcsendesedni.<\/p>\n<p>Ott, Isten jelenl\u00e9t\u00e9ben kapunk igazi l\u00e1t\u00e1st, val\u00f3s k\u00e9pet magunkr\u00f3l, a helyzet\u00fcnkr\u0151l, ott l\u00e1tjuk meg a kiutat, a &#8220;hogyan tov\u00e1bb&#8221;-ot. Akinek nincs ilyen \u00e9lm\u00e9nye az sajnos r\u00f6vidl\u00e1t\u00f3.<\/p>\n<p>Keress\u00fck a r\u00e9gi \u00f6sv\u00e9nyt!<\/p>\n","protected":false},"excerpt":{"rendered":"<p>\u00edrta Nagy J\u00f3zsef Csak Istenben \u00a0nyugodj\u00e1l meg lelkem, mert t\u0151le van rem\u00e9nys\u00e9gem. \u00cdgy sz\u00f3lt az \u00dar: \u00c1lljatok az utakra, \u00e9s n\u00e9zzetek sz\u00e9t, \u00e9s k\u00e9rdez\u0151sk\u00f6djetek a r\u00e9gi \u00f6sv\u00e9nyek fel\u0151l, melyik a j\u00f3 \u00fat, \u00e9s azon j\u00e1rjatok, hogy nyugodalmat tal\u00e1ljatok a ti lelketeknek! \u00c9s azt mondt\u00e1k: Nem megy\u00fcnk! Fura vil\u00e1gban \u00e9l\u00fcnk. Ha nem \u00e1llunk meg kicsit gondolkodni,&#8230;<\/p>\n","protected":false},"author":4,"featured_media":0,"comment_status":"closed","ping_status":"closed","sticky":false,"template":"","format":"standard","meta":{"_kad_post_transparent":"","_kad_post_title":"","_kad_post_layout":"","_kad_post_sidebar_id":"","_kad_post_content_style":"","_kad_post_vertical_padding":"","_kad_post_feature":"","_kad_post_feature_position":"","_kad_post_header":false,"_kad_post_footer":false,"_kad_post_classname":"","footnotes":""},"categories":[3,5],"tags":[20,29,57],"class_list":["post-691","post","type-post","status-publish","format-standard","hentry","category-hitmelyito-tanulmanyok","category-legujabb-irasok","tag-dicsoites","tag-enek","tag-instant"],"_links":{"self":[{"href":"https:\/\/tmbgy.demhub.net\/index.php?rest_route=\/wp\/v2\/posts\/691","targetHints":{"allow":["GET"]}}],"collection":[{"href":"https:\/\/tmbgy.demhub.net\/index.php?rest_route=\/wp\/v2\/posts"}],"about":[{"href":"https:\/\/tmbgy.demhub.net\/index.php?rest_route=\/wp\/v2\/types\/post"}],"author":[{"embeddable":true,"href":"https:\/\/tmbgy.demhub.net\/index.php?rest_route=\/wp\/v2\/users\/4"}],"replies":[{"embeddable":true,"href":"https:\/\/tmbgy.demhub.net\/index.php?rest_route=%2Fwp%2Fv2%2Fcomments&post=691"}],"version-history":[{"count":0,"href":"https:\/\/tmbgy.demhub.net\/index.php?rest_route=\/wp\/v2\/posts\/691\/revisions"}],"wp:attachment":[{"href":"https:\/\/tmbgy.demhub.net\/index.php?rest_route=%2Fwp%2Fv2%2Fmedia&parent=691"}],"wp:term":[{"taxonomy":"category","embeddable":true,"href":"https:\/\/tmbgy.demhub.net\/index.php?rest_route=%2Fwp%2Fv2%2Fcategories&post=691"},{"taxonomy":"post_tag","embeddable":true,"href":"https:\/\/tmbgy.demhub.net\/index.php?rest_route=%2Fwp%2Fv2%2Ftags&post=691"}],"curies":[{"name":"wp","href":"https:\/\/api.w.org\/{rel}","templated":true}]}}