{"id":625,"date":"2019-10-27T17:14:41","date_gmt":"2019-10-27T15:14:41","guid":{"rendered":"http:\/\/tmbgy.ro\/?p=625"},"modified":"2019-10-27T17:14:41","modified_gmt":"2019-10-27T15:14:41","slug":"halloven-keresztyen-szemmel","status":"publish","type":"post","link":"https:\/\/tmbgy.demhub.net\/?p=625","title":{"rendered":"Halloween kereszty\u00e9n szemmel"},"content":{"rendered":"<p>Sokan k\u00e9rdezhetik, mit jelentenek az ijeszt\u0151 \u00e1br\u00e1zat\u00fara form\u00e1lt \u00e9s megvil\u00e1g\u00edtott t\u00f6k\u00f6k, a kopony\u00e1k, szellemek \u00e9s boszork\u00e1nyok, amelyek a halloween divattal kapcsolatban l\u00e9pten-nyomon el\u00e9nk ker\u00fclnek?!<br \/>\nAmerik\u00e1b\u00f3l ker\u00fclt \u00e1t Eur\u00f3p\u00e1ba, de az eredete eg\u00e9szen a kelt\u00e1kig vezethet\u0151 vissza, akik \u00c9szak-Franciaorsz\u00e1g \u00e9s a Brit-szigetek ter\u00fclet\u00e9n \u00e9ltek. Az \u0151 papjaik voltak a druid\u00e1k. Ezek a term\u00e9szetim\u00e1d\u00f3 papok halottkultuszt gyakoroltak, \u00e9s okt\u00f3ber utols\u00f3 napj\u00e1t a \u2019hal\u00e1l isten\u00e9nek\u2019 szentelt\u00e9k.<br \/>\nHit\u00fck szerint a kelta \u00e9v utols\u00f3 napj\u00e1n (okt\u00f3ber 31.-\u00e9n) az istens\u00e9g megengedte, hogy az elhunytak lelkei visszat\u00e9rjenek otthonaikba. A boszork\u00e1nyokt\u00f3l \u00e9s a d\u00e9monokt\u00f3l val\u00f3 f\u00e9lelm\u00fckben nagy t\u00fczeket gy\u00fajtottak, \u00e9s \u00e1ldozatokat mutattak be, hogy azok j\u00f3indulat\u00e1t megnyerj\u00e9k. A var\u00e1zsl\u00f3k a megf\u00e9leml\u00edtett embereket k\u00e9nyszer\u00edtett\u00e9k, hogy \u00e9jf\u00e9lkor adjanak nekik fel\u00e1ldoz\u00e1sra egy gyermeket. Az erre kiszemelt csal\u00e1d ajtaja el\u00e9 raktak egy kif\u00fart \u00e9s kivil\u00e1g\u00edtott t\u00f6k\u00f6t. Ha a h\u00e1z lak\u00f3i nem teljes\u00edtett\u00e9k a k\u00edv\u00e1ns\u00e1got, gyilkos bossz\u00fara sz\u00e1m\u00edthattak. \u2013 A gyermek\u00e1ldozatot \u00f3ri\u00e1si szalma- vagy r\u0151zsek\u00f6tegbe k\u00f6t\u00f6zve elevenen \u00e9gett\u00e9k el. Szok\u00e1suk volt a kelt\u00e1knak az is, hogy \u00e1llatb\u0151r\u00f6kkel \u00e9s \u00e1llatfejekkel \u00e1lc\u00e1zt\u00e1k magukat a szellemek elijeszt\u00e9s\u00e9re. Aj\u00e1nd\u00e9kokat k\u00e9sz\u00edtettek az elhunyt lelkek kiengesztel\u00e9s\u00e9re.<\/p>\n<p>Szok\u00e1saikat azut\u00e1n is megtartott\u00e1k, hogy a r\u00f3maiak megh\u00f3d\u00edtott\u00e1k \u0151ket.<br \/>\nAz 1. sz\u00e1zadban a r\u00f3maiak sok hagyom\u00e1nyt hoztak magukkal Angli\u00e1b\u00f3l. Az elpuszt\u00edthatatlannak t\u0171n\u0151 pog\u00e1ny szok\u00e1s \u00e1tform\u00e1l\u00e1sa, \u201ekereszty\u00e9nes\u00edt\u00e9se&#8221; \u00e9rdek\u00e9ben a r\u00f3mai katolikus egyh\u00e1z (IV. Gergely p\u00e1pa) 835-ben november elsej\u00e9t mindenszentek \u00fcnnep\u00e9nek nevezte ki, majd november m\u00e1sodik\u00e1t a halottak napj\u00e1v\u00e1 nyilv\u00e1n\u00edtotta.<br \/>\n(Mindenszentek \u2013 all hallows. Az azt megel\u0151z\u0151 este pedig az \u201eall hallows evening&#8221;. Ez r\u00f6vid\u00fclt le az id\u0151k sor\u00e1n a mostani, k\u00f6zkelet\u0171 sz\u00f3ra: halloween.)<br \/>\nA Halloween okt\u00f3ber 31-\u00e9n, teh\u00e1t \u00e9ppen a r\u00f3mai katolikus \u00fcnnep, a mindenszentek el\u0151tt van, mintegy demonstr\u00e1lva azt, mily v\u00e9kony is a v\u00e1laszt\u00f3vonal a pog\u00e1ny hagyom\u00e1nyok \u00e9s az egyh\u00e1zi gyakorlatok k\u00f6z\u00f6tt.<\/p>\n<p>Amerik\u00e1ban a Halloween-t \u00edr bev\u00e1ndorl\u00f3k honos\u00edtott\u00e1k meg 1840 k\u00f6r\u00fcl. R\u00e9miszt\u0151 arcokat faragtak t\u00f6k\u00f6kb\u0151l, azokat bel\u00fclr\u0151l gyerty\u00e1val vil\u00e1g\u00edtott\u00e1k ki, ezzel k\u00edv\u00e1nt\u00e1k elriasztani a gonosz szellemeket. A jelmezbe \u00f6lt\u00f6z\u00e9s is a Halloween egyik eleme. Az \u00fcnnep klasszikus figur\u00e1i k\u00f6z\u00e9 tartoznak a szellemek, boszork\u00e1nyok, fekete macsk\u00e1k\u2026<br \/>\nA Halloween m\u00e1ra jelent\u0151s helyet foglal el az USA rekl\u00e1mipar\u00e1ban, de Eur\u00f3p\u00e1ban is egyre n\u00e9pszer\u0171bb.<br \/>\nAz 1845 ut\u00e1ni \u00e9vek puszt\u00edt\u00f3 \u00edrorsz\u00e1gi \u00e9h\u00edns\u00e9ge idej\u00e9n a lakosok sz\u00e1zezrei telep\u00fcltek \u00e1t Amerik\u00e1ba, \u00e9s a szok\u00e1saikat is vitt\u00e9k magukkal. Az anyaorsz\u00e1gon k\u00edv\u00fcl az USA-ban \u00e9s Franciaorsz\u00e1gban m\u00e9g ma is megtartj\u00e1k a r\u00e9gi r\u00edtusokat, noha azok lelki h\u00e1ttere t\u00f6bbnyire m\u00e1r elhom\u00e1lyosult el\u0151tt\u00fck. Gyerekek be\u00f6lt\u00f6znek szellemnek vagy m\u00e1s ijeszt\u0151 alaknak, t\u00f6kl\u00e1mp\u00e1ssal h\u00e1zr\u00f3l-h\u00e1zra j\u00e1rnak aj\u00e1nd\u00e9kot k\u00e9rve.<\/p>\n<p>Napjainkban tan\u00fai vagyunk a r\u00e9gi-\u00faj pog\u00e1nys\u00e1g elterjed\u00e9s\u00e9nek. A mai boszork\u00e1nyok \u00e9s var\u00e1zsl\u00f3k \u00e9pp okt\u00f3ber 31. napj\u00e1t tartj\u00e1k a legfontosabbnak, \u00e9s ez az \u0151si kelta \u00fcnnep el\u0151est\u00e9je. Ekkor im\u00e1dkoznak a halottak kelta isten\u00e9hez, az elhunytak szellemeihez, tulajdonk\u00e9ppen szellemid\u00e9z\u00e9st folytatnak. Nem gondolhatjuk, hogy \u00e1rtatlan m\u00f3k\u00e1r\u00f3l van sz\u00f3. \u00dagy h\u00edrlik, hogy ma is vannak olyan s\u00e1t\u00e1nista szekt\u00e1k az USA-ban, amelyek erre az \u201e\u00fcnnepre&#8221; gyermekeket rabolnak, \u00e9s azokat \u00f6rd\u00f6gi r\u00edtusok keret\u00e9ben meg\u00f6lik.<\/p>\n<p>Nem csup\u00e1n h\u00e1tborzongat\u00f3 sz\u00f3rakoz\u00e1s ez teh\u00e1t, hanem az okkultizmus terjeszt\u00e9s\u00e9nek k\u00eds\u00e9rlete, hogy az emberek az egy, igaz Isten helyett, a tiltott d\u00e9monvil\u00e1g fel\u00e9 forduljanak hit\u00fckkel.<\/p>\n<p>Kereszty\u00e9n csal\u00e1dok nem engedhetik, hogy gyermekeik r\u00e9szt vegyenek ilyen be\u00f6lt\u00f6z\u00e9seken, felvonul\u00e1sokon, mert azzal a S\u00e1t\u00e1n kultusz\u00e1t t\u00e1mogatn\u00e1k. Az ilyesmivel kac\u00e9rkod\u00f3 ember k\u00e1rt szenved lelk\u00e9ben, meggyeng\u00fcl kapcsolata Istennel, aki egyed\u00fcl k\u00e9pes arra, hogy meg\u00f3vjon benn\u00fcnket minden \u00e1rtalmas lelki hat\u00e1st\u00f3l.<\/p>\n<p>A kereszt\u00e9nyeknek mindenk\u00e9ppen tiszt\u00e1ban kell lenni\u00fck a k\u00f6vetkez\u0151 t\u00e9nyekkel: ennek a napnak a szok\u00e1sai \u00e9s jelk\u00e9pei a pog\u00e1nys\u00e1gban \u00e9s az okkultizmusban gy\u00f6kereznek. A Halloween l\u00e9nyeg\u00e9ben a boszork\u00e1nys\u00e1gnak \u00e9s az okkultizmus m\u00e1s v\u00e1lfajainak egyik legnagyobb \u00fcnnep\u00e9v\u00e9 v\u00e1lt. A Halloween meg\u00fcnnepl\u00e9s\u00e9ben val\u00f3 r\u00e9szv\u00e9tel k\u00f6zvetlen\u00fcl is okkult tev\u00e9kenys\u00e9gekhez vezethet, avagy ezekre nyitott\u00e1 teheti az embert. A legkevesebb, amit a Halloween-r\u0151l elmondhatunk, hogy meg\u00fcnnepl\u00e9se t\u00e1mogatja a pog\u00e1ny praktik\u00e1kat \u00e9s filoz\u00f3fi\u00e1t, az animizmust (szellemhitet), a s\u00e1m\u00e1nizmust \u00e9s a druida tanokat.<\/p>\n<p>A Biblia egy\u00e9rtelm\u0171en jelzi, hogy az ilyen praktik\u00e1k \u2019az utols\u00f3 id\u0151kben\u2019 m\u00e9rhetetlen m\u00f3don elszaporodnak majd (1Tim 4,1 \u00e9s Jel 9,21). Ami els\u0151re oly \u00e1rtatlannak t\u0171nik, az a val\u00f3s\u00e1gban hal\u00e1losan komoly! Az embert j\u00e1t\u00e9kos m\u00f3don cs\u00e1b\u00edtj\u00e1k el, hogy egyre nyitottabb\u00e1 v\u00e1ljon a d\u00e9moni tanok ir\u00e1nt, \u00e9s sz\u00edve Isten fel\u00e9 egyre ink\u00e1bb megkem\u00e9nyedjen.<br \/>\nAz Ige egy\u00e9rtelm\u0171en figyelmeztet, hogy a legkisebb m\u00e9rt\u00e9kben se keveredj\u00fcnk bele pog\u00e1ny vagy okkult praktik\u00e1kba: Ha bem\u00e9gy arra a f\u00f6ldre\u2026, ne tanuld el azokat az ut\u00e1latos dolgokat\u2026 (5M\u00f3z 18,9) Az \u00dajsz\u00f6vets\u00e9gben P\u00e1l apostol megdics\u00e9ri a thesszalonikaiakat, ami\u00e9rt megt\u00e9r\u00e9s\u00fck ut\u00e1n egy\u00e9rtelm\u0171en szak\u00edtottak a b\u00e1lv\u00e1nyim\u00e1d\u00e1ssal (1Thessz 1,9-10).<br \/>\nFelt\u00e1mad\u00e1s\u00e1val J\u00e9zus bizonys\u00e1g\u00e1t adta annak, hogy legy\u0151zte az \u00f6rd\u00f6g\u00f6t \u00e9s a hal\u00e1lt (Zsid 2,14). Isten ig\u00e9j\u00e9b\u0151l eligaz\u00edt\u00e1st lelhet\u00fcnk az \u00e9let neh\u00e9zs\u00e9gei k\u00f6zepette. Az ef\u00e9zusiak ez\u00e9rt semmis\u00edtett\u00e9k meg az \u00f6sszes var\u00e1zsk\u00f6nyv\u00fcket, miut\u00e1n hitre jutottak (ApCsel 19,18-20).<br \/>\nNek\u00fcnk, kereszt\u00e9nyeknek mindazon\u00e1ltal nagy a felel\u0151ss\u00e9g\u00fcnk. Az \u00dar parancs\u00e1nak engedelmeskedve hirdetn\u00fcnk kell az evang\u00e9liumot, az \u00f6r\u00f6mh\u00edrt. Sz\u00fcks\u00e9ges teh\u00e1t, hogy figyelmeztess\u00fck embert\u00e1rsainkat &#8211; adott esetben m\u00e9g h\u00edv\u0151 testv\u00e9reinket is &#8211; az \u00f6rd\u00f6g \u00e1ltal fel\u00e1ll\u00edtott csapd\u00e1kra. Le kell, hogy r\u00e1ntsuk a maszkot, a j\u00e1t\u00e9kos, \u00e1rtatlannak t\u0171n\u0151, de nagy vesz\u00e9lyt hordoz\u00f3 babon\u00e1kr\u00f3l, n\u00e9pszok\u00e1sokr\u00f3l. Az \u00dar adjon ehhez b\u00f6lcsess\u00e9get \u00e9s er\u0151t mindannyiunknak!<\/p>\n<p>Am\u00fagy okt\u00f3ber 31. a reform\u00e1ci\u00f3 \u00fcnnepe. (A reform\u00e1ci\u00f3 napja t\u00f6bb protest\u00e1ns egyh\u00e1zban okt\u00f3ber 31-\u00e9n tartott \u00fcnnepnap, annak eml\u00e9k\u00e9re, hogy 1517-ben ezen a napon f\u00fcggesztette ki Luther M\u00e1rton a wittenbergi v\u00e1rtemplom ajtaj\u00e1ra a b\u0171nbocs\u00e1t\u00f3 levelek \u00e1rus\u00edt\u00e1s\u00e1val kapcsolatos 95 t\u00e9tel\u00e9t.) A protest\u00e1ns vil\u00e1g az\u00e9rt ad h\u00e1l\u00e1t, mert az \u00daristen meg akarta tiszt\u00edtani egyh\u00e1za n\u00e9p\u00e9t a sokf\u00e9le t\u00e9velyg\u00e9st\u0151l \u00e9s babon\u00e1t\u00f3l, a hamis hit s\u00f6t\u00e9ts\u00e9ge helyett vil\u00e1goss\u00e1got adni a sz\u00edvekbe. Ahogy P\u00e1l apostol megb\u00edzat\u00e1s\u00e1ban olvashat\u00f3: \u201e\u2026 k\u00fcldtelek, hogy nyisd meg a szem\u00fcket, hogy a s\u00f6t\u00e9ts\u00e9gb\u0151l a vil\u00e1goss\u00e1gra, \u00e9s a S\u00e1t\u00e1n hatalm\u00e1b\u00f3l az Istenhez t\u00e9rjenek, hogy a hit \u00e1ltal megkapj\u00e1k b\u0171neik bocs\u00e1nat\u00e1t, \u00e9s \u00f6r\u00f6ks\u00e9get nyerjenek azok k\u00f6z\u00f6tt, akik megszenteltettek! (az apostolok cselekedeteir\u0151l \u00edrt k\u00f6nyv 26. r\u00e9sz\u00e9nek 18. verse).<\/p>\n<p>Isten megt\u00e9r\u00e9sre h\u00edv benn\u00fcnket, \u00e9s a d\u00e9moni k\u00f6tel\u00e9kekb\u0151l szabadul\u00e1st aj\u00e1nd\u00e9koz Fia, J\u00e9zus Krisztus \u00e1ltal. Forduljunk hozz\u00e1, az \u00e9let Isten\u00e9hez!<\/p>\n<p><i>Ingo Marx \u00edr\u00e1sa alapj\u00e1n B\u00e9rczes Istv\u00e1n, ref. lelk\u00e9sz valamint Szivos L\u00e1szl\u00f3 (evang\u00e9likus testv\u00e9r). \u00c1tv\u00e9ve a <a href=\"http:\/\/www.keresztenymotorosok.hu\/\" target=\"_blank\" rel=\"noopener noreferrer\">Magyar Kereszt\u00e9ny Motorosok K\u00f6z\u00f6ss\u00e9g\u00e9nek<\/a> oldal\u00e1r\u00f3l, sz\u00edves engedelm\u00fckkel.<\/i><\/p>\n","protected":false},"excerpt":{"rendered":"<p>Sokan k\u00e9rdezhetik, mit jelentenek az ijeszt\u0151 \u00e1br\u00e1zat\u00fara form\u00e1lt \u00e9s megvil\u00e1g\u00edtott t\u00f6k\u00f6k, a kopony\u00e1k, szellemek \u00e9s boszork\u00e1nyok, amelyek a halloween divattal kapcsolatban l\u00e9pten-nyomon el\u00e9nk ker\u00fclnek?! Amerik\u00e1b\u00f3l ker\u00fclt \u00e1t Eur\u00f3p\u00e1ba, de az eredete eg\u00e9szen a kelt\u00e1kig vezethet\u0151 vissza, akik \u00c9szak-Franciaorsz\u00e1g \u00e9s a Brit-szigetek ter\u00fclet\u00e9n \u00e9ltek. Az \u0151 papjaik voltak a druid\u00e1k. Ezek a term\u00e9szetim\u00e1d\u00f3 papok halottkultuszt gyakoroltak,&#8230;<\/p>\n","protected":false},"author":3,"featured_media":0,"comment_status":"closed","ping_status":"closed","sticky":false,"template":"","format":"standard","meta":{"_kad_post_transparent":"","_kad_post_title":"","_kad_post_layout":"","_kad_post_sidebar_id":"","_kad_post_content_style":"","_kad_post_vertical_padding":"","_kad_post_feature":"","_kad_post_feature_position":"","_kad_post_header":false,"_kad_post_footer":false,"_kad_post_classname":"","footnotes":""},"categories":[3],"tags":[41,42,92,97],"class_list":["post-625","post","type-post","status-publish","format-standard","hentry","category-hitmelyito-tanulmanyok","tag-halloveen","tag-halloven","tag-mindenszentek","tag-okkultizmus"],"_links":{"self":[{"href":"https:\/\/tmbgy.demhub.net\/index.php?rest_route=\/wp\/v2\/posts\/625","targetHints":{"allow":["GET"]}}],"collection":[{"href":"https:\/\/tmbgy.demhub.net\/index.php?rest_route=\/wp\/v2\/posts"}],"about":[{"href":"https:\/\/tmbgy.demhub.net\/index.php?rest_route=\/wp\/v2\/types\/post"}],"author":[{"embeddable":true,"href":"https:\/\/tmbgy.demhub.net\/index.php?rest_route=\/wp\/v2\/users\/3"}],"replies":[{"embeddable":true,"href":"https:\/\/tmbgy.demhub.net\/index.php?rest_route=%2Fwp%2Fv2%2Fcomments&post=625"}],"version-history":[{"count":0,"href":"https:\/\/tmbgy.demhub.net\/index.php?rest_route=\/wp\/v2\/posts\/625\/revisions"}],"wp:attachment":[{"href":"https:\/\/tmbgy.demhub.net\/index.php?rest_route=%2Fwp%2Fv2%2Fmedia&parent=625"}],"wp:term":[{"taxonomy":"category","embeddable":true,"href":"https:\/\/tmbgy.demhub.net\/index.php?rest_route=%2Fwp%2Fv2%2Fcategories&post=625"},{"taxonomy":"post_tag","embeddable":true,"href":"https:\/\/tmbgy.demhub.net\/index.php?rest_route=%2Fwp%2Fv2%2Ftags&post=625"}],"curies":[{"name":"wp","href":"https:\/\/api.w.org\/{rel}","templated":true}]}}