{"id":623,"date":"2015-05-02T17:09:15","date_gmt":"2015-05-02T14:09:15","guid":{"rendered":"http:\/\/tmbgy.ro\/?p=623"},"modified":"2015-05-02T17:09:15","modified_gmt":"2015-05-02T14:09:15","slug":"az-ima-gyakorlata","status":"publish","type":"post","link":"https:\/\/tmbgy.demhub.net\/?p=623","title":{"rendered":"Az ima gyakorlata"},"content":{"rendered":"<p lang=\"hu-HU\" style=\"text-align: left;\" align=\"CENTER\">\u00edrta Borz\u00e1si Andr\u00e1s J\u00f3zsef<\/p>\n<p lang=\"hu-HU\" align=\"CENTER\"><b>A h\u00edv\u0151 ember alapgyakorlatai<\/b><\/p>\n<p align=\"CENTER\"><span lang=\"hu-HU\"><b>1. <\/b><\/span><span lang=\"hu-HU\"><b>Az ima<\/b><\/span><\/p>\n<p><span lang=\"hu-HU\"><i><span style=\"text-decoration: underline;\"><b>I. <\/b><\/span><\/i><\/span><span lang=\"hu-HU\"><i><span style=\"text-decoration: underline;\"><b>Mi az Ima?<\/b><\/span><\/i><\/span><\/p>\n<ul>\n<li>\n<p lang=\"hu-HU\">az im\u00e1ds\u00e1g a l\u00e9lek l\u00e9legzetv\u00e9tele.<\/p>\n<\/li>\n<li>\n<p lang=\"hu-HU\">K\u00f6z\u00f6ss\u00e9g Istennel<\/p>\n<\/li>\n<li>\n<p lang=\"hu-HU\">Besz\u00e9lget\u00e9s Istennel<\/p>\n<\/li>\n<li>\n<p lang=\"hu-HU\">Kezdeti &#8220;dadog\u00e1s &#8221; ut\u00e1n egyre k\u00f6nnyebb\u00e9 v\u00e1lik<\/p>\n<\/li>\n<li>\n<p lang=\"hu-HU\">egyike a leghatalmasabb er\u0151knek a vil\u00e1gon<\/p>\n<\/li>\n<li>\n<p lang=\"hu-HU\">az ima, fegyver a S\u00e1t\u00e1n ellen<\/p>\n<\/li>\n<\/ul>\n<p><a class=\"mceItemAnchor\" name=\"v9\"><\/a><span lang=\"hu-HU\"><span style=\"text-decoration: underline;\">Zsolt\u00e1rok<\/span><\/span><span lang=\"hu-HU\"><span style=\"text-decoration: underline;\"> k\u00f6nyve 62,9<\/span><\/span><span lang=\"hu-HU\">; <\/span><span lang=\"hu-HU\">B\u00edzzatok \u0151 benne mindenkor, ti n\u00e9pek; \u00f6nts\u00e9tek ki el\u0151tte sz\u00edveteket; Isten a mi mened\u00e9k\u00fcnk.<\/span><\/p>\n<p><span lang=\"hu-HU\"><span style=\"text-decoration: underline;\">Zsolt\u00e1rok k\u00f6nyve <\/span><\/span><span lang=\"hu-HU\"><span style=\"text-decoration: underline;\">118,5<\/span><\/span><span lang=\"hu-HU\">; <\/span><span lang=\"hu-HU\">Sz\u00fcks\u00e9gemben seg\u00edts\u00e9g\u00fcl h\u00edv\u00e1m az Urat, meghallgatott \u00e9s t\u00e1gas t\u00e9rre tett engem az \u00dar. <\/span><\/p>\n<p><span lang=\"hu-HU\"><span style=\"text-decoration: underline;\">Zsolt\u00e1rok k\u00f6nyve <\/span><\/span><span lang=\"hu-HU\"><span style=\"text-decoration: underline;\">145,18<\/span><\/span><span lang=\"hu-HU\">; K\u00f6zel van az \u00dar minden \u0151t h\u00edv\u00f3hoz; mindenkihez, a ki h\u0171s\u00e9ggel h\u00edvja \u0151t<\/span><span lang=\"hu-HU\">.<\/span><\/p>\n<p><span lang=\"hu-HU\"><span style=\"text-decoration: underline;\">R\u00f3maiakhoz \u00edrt lev\u00e9l 12,12<\/span><\/span><span lang=\"hu-HU\">; <\/span><span lang=\"hu-HU\">A rem\u00e9nys\u00e9gben \u00f6rvendez\u0151k; a h\u00e1bor\u00fas\u00e1gban t\u0171r\u0151k; a k\u00f6ny\u00f6rg\u00e9sben \u00e1llhatatosak;<\/span><\/p>\n<p><span lang=\"hu-HU\"><span style=\"text-decoration: underline;\">Filippiekhez \u00edrt lev\u00e9l 4,6<\/span><\/span><span lang=\"hu-HU\">; <\/span><span lang=\"hu-HU\">Semmi fel\u0151l ne agg\u00f3djatok, hanem im\u00e1ds\u00e1gotokban \u00e9s k\u00f6ny\u00f6rg\u00e9setekben minden alkalommal h\u00e1laad\u00e1ssal t\u00e1rj\u00e1tok fel k\u00edv\u00e1ns\u00e1gaitokat az Isten el\u0151tt.<\/span><\/p>\n<p lang=\"hu-HU\"><i><b>Mi\u00e9rt kell im\u00e1dkozni?<\/b><\/i><\/p>\n<ul>\n<li>\n<p lang=\"hu-HU\">Nem Istennek van sz\u00fcks\u00e9ge az im\u00e1nkra, hanem nek\u00fcnk! \u00c9l\u0151 Isten-kapcsolat n\u00e9lk\u00fcl meghal a hited. Ima n\u00e9lk\u00fcl elt\u00e1volodsz Istent\u0151l. Az Istent\u0151l val\u00f3 elszakad\u00e1s pedig b\u0171n! Ebben az \u00e1llapotban \u00e9leted beteg lesz, v\u00e9g\u00fcl &#8220;meghalsz&#8221;!<\/p>\n<\/li>\n<li><span lang=\"hu-HU\">Ahogy a f\u00f6ldnek napf\u00e9nyre van sz\u00fcks\u00e9ge, \u00fagy kell \u00e9let\u00fcnknek az ima. Isten tudja ezt, ez\u00e9rt \u0150 l\u00e9p el\u0151sz\u00f6r. Felk\u00edn\u00e1lja a bar\u00e1ts\u00e1g\u00e1t. Ig\u00e9j\u00e9ben felh\u00edv, megh\u00edv az im\u00e1ra a Vele val\u00f3 kapcsolatra.<\/span><\/li>\n<\/ul>\n<p><span style=\"text-decoration: underline;\"> <span lang=\"hu-HU\">Jelen\u00e9sek k\u00f6nyve 14,7<\/span><\/span> <span lang=\"hu-HU\">Ezt mondv\u00e1n nagy sz\u00f3val: F\u00e9lj\u00e9tek az Istent, \u00e9s n\u00e9ki adjatok dics\u0151s\u00e9get: mert elj\u00f6tt az \u0151 \u00edt\u00e9let\u00e9nek \u00f3r\u00e1ja; \u00e9s im\u00e1dj\u00e1tok azt, a ki teremtette a mennyet \u00e9s a f\u00f6ldet, \u00e9s a tengert \u00e9s a vizek forr\u00e1sait.<\/span><span lang=\"hu-HU\"><span style=\"text-decoration: underline;\"><br \/>\nZsolt\u00e1rok k\u00f6nyve 105,1-5 <\/span><\/span><span lang=\"hu-HU\">Magasztalj\u00e1tok az Urat, h\u00edvj\u00e1tok seg\u00edts\u00e9g\u00fcl az \u0151 nev\u00e9t, hirdess\u00e9tek a n\u00e9pek k\u00f6z\u00f6tt az \u0151 cselekedeteit! \u00c9nekeljetek n\u00e9ki, zengedezzetek n\u00e9ki, besz\u00e9lj\u00e9tek el minden \u0151 csodat\u00e9tel\u00e9t. Dicsekedjetek az \u0151 szent nev\u00e9vel; \u00f6rvendezzen azoknak a sz\u00edv\u00fck, a kik keresik az Urat. K\u00edv\u00e1nj\u00e1tok az Urat \u00e9s az \u0151 erej\u00e9t; keress\u00e9tek az \u0151 orc\u00e1j\u00e1t sz\u00fcntelen. Eml\u00e9kezzetek meg az \u0151 csod\u00e1ir\u00f3l, a melyeket cselekedett; jeleir\u0151l \u00e9s az \u0151 sz\u00e1j\u00e1nak \u00edt\u00e9leteir\u0151l.<\/span><span lang=\"hu-HU\"><span style=\"text-decoration: underline;\"><br \/>\nM\u00e1rk Evang\u00e9liuma 13,33 <\/span><\/span><span lang=\"hu-HU\">Figyeljetek, vigy\u00e1zzatok \u00e9s im\u00e1dkozzatok; mert nem tudj\u00e1tok, mikor j\u0151 el az az id\u0151.<\/span><span lang=\"hu-HU\"><span style=\"text-decoration: underline;\"><br \/>\nZsid\u00f3khoz \u00edrt lev\u00e9l 4,16 <\/span><\/span><span lang=\"hu-HU\">J\u00e1ruljunk az\u00e9rt bizodalommal a kegyelem kir\u00e1lyi sz\u00e9k\u00e9hez, hogy irgalmass\u00e1got nyerj\u00fcnk \u00e9s kegyelmet tal\u00e1ljunk, alkalmas id\u0151ben val\u00f3 seg\u00edts\u00e9g\u00fcl<\/span><span lang=\"hu-HU\">.<\/span><span lang=\"hu-HU\"><span style=\"text-decoration: underline;\"><br \/>\nJ\u00fad\u00e1s 1,20 <\/span><\/span><span lang=\"hu-HU\">Ti pedig szeretteim, \u00e9p\u00fclv\u00e9n a ti szents\u00e9ges hitetekben, im\u00e1dkozv\u00e1n Szent L\u00e9lek \u00e1ltal,<\/span><span lang=\"hu-HU\"><span style=\"text-decoration: underline;\"><br \/>\nEf\u00e9zusi lev\u00e9l 6,18 <\/span><\/span><span lang=\"hu-HU\">Minden im\u00e1ds\u00e1ggal \u00e9s k\u00f6ny\u00f6rg\u00e9ssel im\u00e1dkozv\u00e1n minden id\u0151ben a L\u00e9lek \u00e1ltal, \u00e9s ugyanezen dologban vigy\u00e1zv\u00e1n minden \u00e1llhatatoss\u00e1ggal \u00e9s k\u00f6ny\u00f6rg\u00e9ssel minden szentek\u00e9rt,<\/span><span lang=\"hu-HU\"><span style=\"text-decoration: underline;\"><br \/>\n<\/span><\/span><\/p>\n<p lang=\"hu-HU\"><i><b>Az ima kegyelem \u00e9s aj\u00e1nd\u00e9k<\/b><\/i><\/p>\n<ul>\n<li>\n<p lang=\"hu-HU\">B\u00e1rmikor j\u00f6het\u00fcnk Isten el\u00e9 im\u00e1ds\u00e1ggal, \u0150 v\u00e1r r\u00e1nk, kezdem\u00e9nyez; de soha sem er\u0151ltet<\/p>\n<\/li>\n<li><span lang=\"hu-HU\">J\u00f6het\u00fcnk<\/span><span lang=\"hu-HU\"> Istenhez mint \u00c9desap\u00e1nkhoz. J\u00e9zushoz mint legjobb bar\u00e1tunkhoz.<\/span><\/li>\n<\/ul>\n<p lang=\"hu-HU\"><i><b>Im\u00e1dkozva jobban megismerheted Istent<\/b><\/i><\/p>\n<ul>\n<li><span lang=\"hu-HU\">Min\u00e9l t\u00f6bbet t\u00f6ltesz im\u00e1dkoz\u00e1ssal, ann\u00e1l jobban megismered<\/span><span lang=\"hu-HU\"> Isten jellem\u00e9t.<\/span><\/li>\n<li>\n<p lang=\"hu-HU\">Min\u00e9l t\u00f6bbet im\u00e1dkozol, ann\u00e1l nagyobb lesz a szereteted, mert Isten szeretet.<\/p>\n<\/li>\n<li>\n<p lang=\"hu-HU\">Jobban, vil\u00e1gosabban meg\u00e9rtj\u00fck Isten akarat\u00e1t \u00e9s terv\u00e9t az \u00e9let\u00fcnkre, fontos d\u00f6nt\u00e9seinkre vonatkoz\u00f3an.<\/p>\n<\/li>\n<li><span lang=\"hu-HU\">Egyre ink\u00e1bb meghitt, csal\u00e1di kapcsolatunk lesz, r\u00e1j\u00f6v\u00fcnk, hogy Isten val\u00f3j\u00e1ban \u00fagy szeret<\/span><span lang=\"hu-HU\">et mint saj\u00e1t gyermekeit, nem mint parancsteljes\u00edt\u0151 rabszolg\u00e1kat.<\/span><\/li>\n<\/ul>\n<p><span lang=\"hu-HU\"><span style=\"text-decoration: underline;\">Ez\u00e9ki\u00e1s 36,37-38<\/span><\/span> <span lang=\"hu-HU\">\u00cdgy sz\u00f3l az \u00dar Isten: M\u00e9g arra n\u00e9zve is k\u00e9rni hagyom magamat Izr\u00e1el h\u00e1z\u00e1nak, hogy cselekedjem \u0151 vel\u00fck: Megsokas\u00edtom \u0151ket, mint a ny\u00e1jat, emberekkel. Mint az \u00e1ldozatra szentelt juhok, mint a Jeruzs\u00e1lem juhai az \u0151 \u00fcnnepein, \u00edgy lesznek a romm\u00e1 lett v\u00e1rosok teljesek emberek ny\u00e1j\u00e1val; \u00e9s megtudj\u00e1k, hogy \u00e9n vagyok az \u00dar.<\/span><\/p>\n<p lang=\"hu-HU\"><i><b>Im\u00e1dkozva lelki j\u00f3l\u00e9tre teszel szert<\/b><\/i><\/p>\n<ul>\n<li>\n<p lang=\"hu-HU\">Az ima \u00e1ltal, \u00e1ld\u00e1sokkal lesz tele az \u00e9leted<\/p>\n<\/li>\n<li><span lang=\"hu-HU\">N\u00f6vekedsz lelkileg \u2013 ima n\u00e9lk\u00fcl ez lehetetlen!<\/span><\/li>\n<li><span lang=\"hu-HU\">Megbocs\u00e1t\u00e1s, vigasztal\u00e1s, er\u0151, frissess\u00e9g, \u00f6r\u00f6m, r\u00f6viden krisztusi lelk\u00fclet fogja jellemezni a term\u00e9szetedet<\/span><\/li>\n<li>\n<p lang=\"hu-HU\">Meggy\u00f3gyulnak a m\u00e9ly sebek, meg\u00fajul a hit\u00fcnk, a szolg\u00e1latk\u00e9szs\u00e9g\u00fcnk<\/p>\n<\/li>\n<li><span lang=\"hu-HU\">Mindig nyugodtak lesz\u00fcnk, mert tudjuk, \u00e9s \u00e9rezz\u00fck, hogy Isten tenyer\u00e9ben hordoz minket. J\u00f3 helyen vagyunk!<\/span><\/li>\n<\/ul>\n<p lang=\"hu-HU\"><i><b>Fel vagyunk sz\u00f3l\u00edtva im\u00e1dkoz\u00e1sra<\/b><\/i><\/p>\n<ul>\n<li>\n<p lang=\"hu-HU\">Nek\u00fcnk, mint megt\u00e9rt, h\u00edv\u0151 \u00e9s az \u00dar J\u00e9zus \u00e1ldozata \u00e1ltal \u00fajj\u00e1sz\u00fcletett fiataloknak, feladatunk az im\u00e1dkoz\u00e1s. Nem kedv, vagy hangulat k\u00e9rd\u00e9se.<\/p>\n<\/li>\n<\/ul>\n<p><span lang=\"hu-HU\"><span style=\"text-decoration: underline;\">Tesszalonikai 1. Lev\u00e9l 5,17<\/span><\/span><span lang=\"hu-HU\">. <\/span><span lang=\"hu-HU\">Sz\u00fcntelen im\u00e1dkozzatok<\/span><span lang=\"hu-HU\">.<\/span><\/p>\n<ul>\n<li>\n<p lang=\"hu-HU\">Isten nincs r\u00e1szorulva a mi im\u00e1inkra. Az is kegyelem, hogy egy\u00e1ltal\u00e1n sz\u00f3ba \u00e1ll vel\u00fcnk, hiszen \u0150 annyira hatalmas, hogy m\u00e9g a serege sem mer hi\u00e1nyozni mikor sz\u00f3l\u00edtja \u0151ket.<\/p>\n<\/li>\n<\/ul>\n<p><span lang=\"hu-HU\"><span style=\"text-decoration: underline;\">\u00c9sai\u00e1s k\u00f6nyve 40,26<\/span><\/span> <span lang=\"hu-HU\">Emelj\u00e9tek f\u00f6l a magasba szemeiteket, \u00e9s l\u00e1ss\u00e1tok meg, ki teremt\u00e9 azokat? \u0150, a ki kihozza sereg\u00fcket sz\u00e1m szerint, mindny\u00e1j\u00e1t nev\u00e9n sz\u00f3l\u00edtja; nagy hatalma \u00e9s er\u0151ss\u00e9ge miatt egyetlen h\u00edjok sincsen.<\/span><\/p>\n<ul>\n<li><span lang=\"hu-HU\">Az im\u00e1nkkal megdics\u0151\u00edtj\u00fck Istent. \u00c9s \u00f6r\u00fcl, ha szeretem \u0150t. V\u00e1gyik a t\u00e1rsas\u00e1gomra. F\u00e1j neki, ha t\u00e9kozl\u00f3 f<\/span><span lang=\"hu-HU\">i\u00fahoz hasonl\u00f3an, megkem\u00e9ny\u00edtj\u00fck sz\u00edv\u00fcnket, \u00e9s nem \u00e1llunk vele sz\u00f3ba.<\/span><\/li>\n<\/ul>\n<p><span lang=\"hu-HU\"><span style=\"text-decoration: underline;\">J\u00e1nos Evang\u00e9liuma 14,13b<\/span><\/span> <span lang=\"hu-HU\">&#8230; hogy dics\u0151\u00edttess\u00e9k az Atya a Fi\u00faban.<\/span><\/p>\n<p align=\"JUSTIFY\"><span lang=\"hu-HU\"><b>II<\/b><\/span><span lang=\"hu-HU\"><b>. <\/b><\/span><span lang=\"hu-HU\"><i><span style=\"text-decoration: underline;\"><b>Mi akad\u00e1lyozza az ima\u00e9letet?<\/b><\/span><\/i><\/span><\/p>\n<p align=\"JUSTIFY\"><span lang=\"hu-HU\">Sokszor, sajnos \u00e9szrev\u00e9tlen\u00fcl elhalogatjuk az im\u00e1dkoz\u00e1st, az \u00darral val\u00f3 k\u00f6z\u00f6ss\u00e9g\u00e1pol\u00e1s<\/span><span lang=\"hu-HU\">t, \u00e9s automatikusan helyet adunk a S\u00e1t\u00e1nnak. Vagy m\u00e1s esetben, az im\u00e1nk nem hagyja el a plafont. Mi\u00e9rt van ez? Nos:<\/span><\/p>\n<ul>\n<li>\n<p lang=\"hu-HU\" align=\"JUSTIFY\">be nem vallott b\u0171n\u00f6k<\/p>\n<\/li>\n<\/ul>\n<p><a class=\"mceItemAnchor\" name=\"v1\"><\/a><span lang=\"hu-HU\"><span style=\"text-decoration: underline;\">\u00c9zsai\u00e1s k\u00f6nyve 59,1-2<\/span><\/span> <span lang=\"hu-HU\">\u00cdm\u00e9, nem oly r\u00f6vid az \u00dar keze, hogy meg ne szabad\u00edthatna, \u00e9s nem oly s\u00fcket az \u0151 f\u00fcle, hogy meg nem hallgathatna; Hanem a ti v\u00e9tkeitek v\u00e1lasztanak el titeket Istenetekt\u0151l, \u00e9s b\u0171neitek fedezt\u00e9k el orcz\u00e1j\u00e1t ti el\u0151ttetek, hogy meg nem hallgatott<\/span><span lang=\"hu-HU\">.<\/span><\/p>\n<p align=\"JUSTIFY\"><span lang=\"hu-HU\"><span style=\"text-decoration: underline;\">P\u00e9ter 1. levele 3,12<\/span><\/span> <span lang=\"hu-HU\">Mert az \u00dar szemei az igazakon vannak, \u00e9s az \u0151 f\u00fclei azoknak k\u00f6ny\u00f6rg\u00e9sein; az \u00dar orcz\u00e1ja pedig a gonoszt cselekv\u0151k\u00f6n.<\/span><\/p>\n<p align=\"JUSTIFY\"><span lang=\"hu-HU\"><span style=\"text-decoration: underline;\">Zsolt\u00e1rok k\u00f6nyve 66,18 <\/span><\/span><span lang=\"hu-HU\">Ha hamiss\u00e1gra n\u00e9ztem volna sz\u00edvemben, meg nem hallgatott volna az \u00e9n Uram.<\/span><\/p>\n<ul>\n<li>\n<p lang=\"hu-HU\" align=\"JUSTIFY\">kem\u00e9nysz\u00edv\u0171s\u00e9g, meg nem bocs\u00e1t\u00e1s<\/p>\n<\/li>\n<\/ul>\n<p align=\"JUSTIFY\"><span lang=\"hu-HU\"><span style=\"text-decoration: underline;\">M\u00e1rk Evang\u00e9liuma 11,25<\/span><\/span> <span lang=\"hu-HU\">\u00c9s mikor im\u00e1dkozva meg\u00e1llotok, bocs\u00e1ss\u00e1tok meg, ha valaki ellen valami panaszotok van; hogy a ti mennyei Aty\u00e1tok is megbocs\u00e1ssa n\u00e9ktek a ti v\u00e9tkeiteket.<\/span><\/p>\n<ul>\n<li>\n<p lang=\"hu-HU\" align=\"JUSTIFY\">hamis motiv\u00e1ci\u00f3<\/p>\n<\/li>\n<\/ul>\n<p align=\"JUSTIFY\"><span lang=\"hu-HU\"><span style=\"text-decoration: underline;\">Jakab levele 4,3<\/span><\/span> <span lang=\"hu-HU\">K\u00e9ritek, de nem kapj\u00e1tok, mert nem j\u00f3l k\u00e9ritek, hogy gerjedelmeitekre k\u00f6lts\u00e9tek azt.<\/span><\/p>\n<ul>\n<li>\n<p lang=\"hu-HU\" align=\"JUSTIFY\">k\u00e9telked\u00e9s<\/p>\n<\/li>\n<\/ul>\n<p><span lang=\"hu-HU\"><span style=\"text-decoration: underline;\">Jakab levele 1,6-8<\/span><\/span> <span lang=\"hu-HU\">De k\u00e9rje hittel, semmit sem k\u00e9telkedv\u00e9n: mert a ki k\u00e9telkedik, hasonlatos a tenger habj\u00e1hoz, a melyet a sz\u00e9l hajt \u00e9s ide s tova h\u00e1ny. Mert ne v\u00e9lje az ilyen ember, hogy kaphat valamit az \u00dart\u00f3l; A k\u00e9tsz\u00edv\u0171, a minden \u00fatj\u00e1ban \u00e1llhatatlan ember.<\/span><\/p>\n<ul>\n<li>\n<p lang=\"hu-HU\" align=\"JUSTIFY\">hitetlens\u00e9g<\/p>\n<\/li>\n<\/ul>\n<p align=\"JUSTIFY\"><span lang=\"hu-HU\"><span style=\"text-decoration: underline;\">Zsid\u00f3khoz \u00edrt lev\u00e9l 11,6<\/span><\/span> <span lang=\"hu-HU\">Hit n\u00e9lk\u00fcl pedig lehetetlen Istennek tetszeni; mert a ki Isten el\u00e9 j\u00e1rul, hinnie kell, hogy \u0151 l\u00e9tezik \u00e9s megjutalmazza azokat, a kik \u0151t keresik.<\/span><\/p>\n<ul>\n<li>\n<p lang=\"hu-HU\" align=\"JUSTIFY\">lustas\u00e1g, k\u00e9nyelmess\u00e9g<\/p>\n<\/li>\n<\/ul>\n<p align=\"JUSTIFY\"><span lang=\"hu-HU\"><span style=\"text-decoration: underline;\">Jak<\/span><\/span><span lang=\"hu-HU\"><span style=\"text-decoration: underline;\">ab levele 4,2 <\/span><\/span><span lang=\"hu-HU\">K\u00edv\u00e1ntok valamit, \u00e9s nincs n\u00e9ktek: gyilkoltok \u00e9s ir\u00edgykedtek, \u00e9s nem nyerhetitek meg; harczoltok \u00e9s h\u00e1bor\u00faskodtok; \u00e9s nincsen semmitek, mert nem k\u00e9ritek.<\/span><\/p>\n<ul>\n<li>\n<p lang=\"hu-HU\" align=\"JUSTIFY\">\u201ekereszt\u00e9ny szer\u00e9nys\u00e9g\u201d, fel\u00fcletess\u00e9g. Sokszor azt mondjuk, hogy Isten tudja \u00fagyis mire van sz\u00fcks\u00e9gem, nekem nem kell k\u00e9rnem.<\/p>\n<\/li>\n<li>\n<p lang=\"hu-HU\" align=\"JUSTIFY\">Kimer\u00fclts\u00e9g, f\u00e1radts\u00e1g<\/p>\n<\/li>\n<\/ul>\n<p align=\"JUSTIFY\"><span lang=\"hu-HU\"><span style=\"text-decoration: underline;\">M\u00e1t\u00e9 Evang\u00e9liuma 26,40<\/span><\/span> <span lang=\"hu-HU\">Akkor m\u00e9ne a tan\u00edtv\u00e1nyokhoz \u00e9s alva tal\u00e1l\u00e1 \u0151ket, \u00e9s monda P\u00e9ternek: \u00cdgy nem b\u00edrtatok vigy\u00e1zni velem egy \u00f3r\u00e1ig sem!?<\/span><\/p>\n<ul>\n<li>\n<p align=\"JUSTIFY\"><span lang=\"hu-HU\">m\u00e1s, k\u00fcls\u0151 t\u00e9nyez\u0151k<\/span><span lang=\"hu-HU\">, vil\u00e1gias dolgok, amik\u00e9rt mind sz\u00e1mot adunk (telefon, t\u00e9v\u00e9, l\u00e1togat\u00f3, helyhi\u00e1ny stb.)<\/span><\/p>\n<\/li>\n<\/ul>\n<p align=\"JUSTIFY\"><span lang=\"hu-HU\"><b>A S\u00e1t\u00e1n pr\u00f3b\u00e1l minket visszatart<\/b><\/span><span lang=\"hu-HU\"><b>ani az im\u00e1t\u00f3l<\/b><\/span><span lang=\"hu-HU\">, pr\u00f3b\u00e1l minket lefegyverezni. \u00c9s mikor nem im\u00e1dkozunk, akkor a S\u00e1t\u00e1nnak j\u00e1runk a kedv\u00e9ben. <\/span><\/p>\n<p lang=\"hu-HU\" align=\"JUSTIFY\">De fontos tudni azt, hogy a S\u00e1t\u00e1n f\u00e9l az im\u00e1dkoz\u00f3 emberekt\u0151l. Mert az Ima szorosan Istenhez k\u00f6t. Az im\u00e1dkoz\u00f3 emberek \u00e1ltal m\u00e1r sok k\u00e1rt szenvedett a S\u00e1t\u00e1n \u00e9s sok ter\u00fcletr\u0151l vissza kellett vonulnia.<\/p>\n<p lang=\"hu-HU\" align=\"JUSTIFY\">Ez\u00e9rt a S\u00e1t\u00e1n mindent megpr\u00f3b\u00e1l, hogy ima\u00e9let\u00fcnket kioltsa<\/p>\n<ul>\n<li>\n<p lang=\"hu-HU\" align=\"JUSTIFY\">gonosz gondolat<\/p>\n<\/li>\n<li>\n<p lang=\"hu-HU\" align=\"JUSTIFY\">bizonytalans\u00e1g<\/p>\n<\/li>\n<\/ul>\n<ul>\n<li>\n<p lang=\"hu-HU\" align=\"JUSTIFY\">k\u00e9ts\u00e9g, k\u00e9telked\u00e9s<\/p>\n<\/li>\n<\/ul>\n<ul>\n<li>\n<p lang=\"hu-HU\" align=\"JUSTIFY\">k\u00e1rhoztat\u00f3 gondolatok<\/p>\n<\/li>\n<li>\n<p lang=\"hu-HU\" align=\"JUSTIFY\">fel\u00fcletess\u00e9g<\/p>\n<\/li>\n<li>\n<p lang=\"hu-HU\" align=\"JUSTIFY\">\u201enincs id\u0151m\u201d<\/p>\n<\/li>\n<\/ul>\n<p align=\"JUSTIFY\"><span lang=\"hu-HU\"><b>Ellene kell \u00e1llni az \u00f6rd\u00f6gnek<\/b><\/span><span lang=\"hu-HU\">:<\/span><\/p>\n<p align=\"JUSTIFY\"><span lang=\"hu-HU\"><span style=\"text-decoration: underline;\">M\u00e1t\u00e9 Evang\u00e9liuma<\/span><\/span><span lang=\"hu-HU\"><span style=\"text-decoration: underline;\"> 26,41<\/span><\/span> <span lang=\"hu-HU\">Vigy\u00e1zzatok \u00e9s im\u00e1dkozzatok, hogy k\u00eds\u00e9rtetbe ne essetek; mert j\u00f3llehet a l\u00e9lek k\u00e9sz, de a test er\u0151telen.<\/span><\/p>\n<p><span lang=\"hu-HU\"><span style=\"text-decoration: underline;\">P\u00e9ter 1. levele 5,7-9<\/span><\/span> <span lang=\"hu-HU\">Minden gondotokat \u0151 re\u00e1 vess\u00e9tek, mert n\u00e9ki gondja van re\u00e1tok. J\u00f3zanok legyetek, vigy\u00e1zzatok; mert a ti ellens\u00e9getek, az \u00f6rd\u00f6g, mint ord\u00edt\u00f3 oroszl\u00e1n szerte j\u00e1r, keresv\u00e9n, kit elnyeljen: A kinek \u00e1lljatok ellen, er\u0151sek l\u00e9v\u00e9n a hitben, tudva, hogy a vil\u00e1gban l\u00e9v\u0151 atyafis\u00e1gotokon ugyanazok a szenved\u00e9sek telnek be.<\/span><\/p>\n<p align=\"JUSTIFY\"><span lang=\"hu-HU\"><b>III<\/b><\/span><span lang=\"hu-HU\"><b>. <\/b><\/span><span lang=\"hu-HU\"><i><span style=\"text-decoration: underline;\"><b>Mi seg\u00edti az ima\u00e9letet?<\/b><\/span><\/i><\/span><\/p>\n<p lang=\"hu-HU\" align=\"JUSTIFY\">A Szentl\u00e9lek seg\u00edts\u00e9ge n\u00e9lk\u00fcl\u00f6zhet\u0151 \u00e9s d\u00f6nt\u0151<\/p>\n<p align=\"JUSTIFY\"><span lang=\"hu-HU\"><span style=\"text-decoration: underline;\">Zakari\u00e1s k\u00f6nyve 12,10<\/span><\/span> <span lang=\"hu-HU\">A D\u00e1vid h\u00e1z\u00e1ra \u00e9s Jeruzs\u00e1lem lakosaira pedig ki\u00f6nt\u00f6m a kegyelemnek \u00e9s k\u00f6ny\u00f6r\u00fcletess\u00e9gnek lelk\u00e9t, \u00e9s re\u00e1m tekintenek, a kit \u00e1tszegeztek, \u00e9s siratj\u00e1k \u0151t, a mint siratj\u00e1k az egyetlen fi\u00fat, \u00e9s keseregnek ut\u00e1na, a mint keseregnek az els\u0151sz\u00fcl\u00f6tt ut\u00e1n.<\/span><\/p>\n<p><a class=\"mceItemAnchor\" name=\"v8\"><\/a><span lang=\"hu-HU\"><span style=\"text-decoration: underline;\">Apostolok cselekedetei 1,8<\/span><\/span> <span lang=\"hu-HU\">Hanem vesztek er\u0151t, minekut\u00e1na a Szent L\u00e9lek elj\u0151 re\u00e1tok: \u00e9s lesztek n\u00e9kem tan\u00faim \u00fagy Jeruzs\u00e1lemben, mint az eg\u00e9sz J\u00fade\u00e1ban \u00e9s Samari\u00e1ban \u00e9s a f\u00f6ldnek mind v\u00e9gs\u0151 hat\u00e1r\u00e1ig.<\/span><\/p>\n<p><span lang=\"hu-HU\"><span style=\"text-decoration: underline;\">R\u00f3maiakhoz \u00edrt lev\u00e9l 8,26-27<\/span><\/span> <span lang=\"hu-HU\">Hasonlatosk\u00e9ppen pedig a L\u00e9lek is seg\u00edts\u00e9g\u00e9re van a mi er\u0151telens\u00e9g\u00fcnknek. Mert azt, a mit k\u00e9rn\u00fcnk kell, a mint kellene, nem tudjuk; de maga a L\u00e9lek esedezik mi \u00e9rett\u00fcnk kimondhatatlan foh\u00e1szkod\u00e1sokkal. A ki pedig a sz\u00edveket vizsg\u00e1lja, tudja, mi a L\u00e9lek gondolata, mert Isten szerint esedezik a szentek\u00e9rt.<\/span><\/p>\n<p><span lang=\"hu-HU\"><span style=\"text-decoration: underline;\">Jakab levele 1,5<\/span><\/span> <span lang=\"hu-HU\">Ha pedig valakinek k\u00f6z\u00fcletek nincsen b\u00f6lcsess\u00e9ge, k\u00e9rje Istent\u0151l, a ki mindenkinek k\u00e9szs\u00e9gesen \u00e9s szemreh\u00e1ny\u00e1s n\u00e9lk\u00fcl adja; \u00e9s megadatik n\u00e9ki.<\/span><\/p>\n<p><span lang=\"hu-HU\"><span style=\"text-decoration: underline;\">Ef\u00e9zusi lev\u00e9l 6,18<\/span><\/span> <span lang=\"hu-HU\">Minden im\u00e1ds\u00e1ggal \u00e9s k\u00f6ny\u00f6rg\u00e9ssel im\u00e1dkozv\u00e1n minden id\u0151ben a L\u00e9lek \u00e1ltal, \u00e9s ugyanezen dologban vigy\u00e1zv\u00e1n minden \u00e1llhatatoss\u00e1ggal \u00e9s k\u00f6ny\u00f6rg\u00e9ssel minden szentek\u00e9rt,<\/span><\/p>\n<p align=\"JUSTIFY\"><span lang=\"hu-HU\"><i><b>IV<\/b><\/i><\/span><span lang=\"hu-HU\"><i><b>. <\/b><\/i><\/span><span lang=\"hu-HU\"><i><span style=\"text-decoration: underline;\"><b>Mi a mi tennival\u00f3nk? Hogy im\u00e1dkozzunk \u00fagy, hogy kedves legyen Isten el\u0151tt?<\/b><\/span><\/i><\/span><\/p>\n<p align=\"JUSTIFY\"><span lang=\"hu-HU\">Az <\/span><span lang=\"hu-HU\">\u00dar J\u00e9zus kell legyen ebben a szempontb\u00f3l is a legnagyobb p\u00e9ldak\u00e9p\u00fcnk. Rengetegszer \u00edrja az Ige, hogy im\u00e1dkozott. Sokszor hangosan, de nagyon sokszor cs\u00f6ndes ima \u00e1ltal besz\u00e9lt az Aty\u00e1val. Kor\u00e1n tette, hajnalban, vagy s\u00f6t\u00e9tben, mikor senki sem zavarta, a nap els\u0151 perceiben. Ez volt sz\u00e1m\u00e1ra a legfontosabb. Nem sz\u00e1m\u00edtott, hogy eg\u00e9sz nap gy\u00f3gy\u00edtotta az embereket, \u00e9s tan\u00edtott nekik.<\/span><\/p>\n<p lang=\"hu-HU\" align=\"JUSTIFY\">J\u00e9zus sz\u00fcntelen kapcsolatban volt az Aty\u00e1val, \u00e9s minden fontos dolgot az Aty\u00e1val megbesz\u00e9lve, az Aty\u00e1val egyet\u00e9rt\u00e9sben tett az emberek k\u00f6z\u00f6tt, az emberek \u00e9rdek\u00e9ben \u2013 teh\u00e1t nek\u00fcnk is ugyanezt kell tenn\u00fcnk<\/p>\n<p align=\"JUSTIFY\"><span lang=\"hu-HU\">M\u00e9ly al\u00e1zattal, tisztelettel im\u00e1dkozott. <\/span><span lang=\"hu-HU\">S\u00edrt, b\u00e1nk\u00f3dott Jeruzs\u00e1lemen, ugyanakkor er\u0151t k\u00e9rt, v\u00e9grehajtani a k\u00fcldet\u00e9s\u00e9t, de sokszor \u00f6r\u00f6m\u00e9t is kifejezte im\u00e1j\u00e1ban, h\u00e1l\u00e1kat adva. Benne nem volt b\u0171n, ezek mellett mi b\u0171nb\u00e1natot is kell tartsunk. Tan\u00edtv\u00e1nyai\u00e9rt is im\u00e1dkozott. Nek\u00fcnk is nagy felel\u0151<\/span><span lang=\"hu-HU\">s<\/span><span lang=\"hu-HU\">s\u00e9g\u00fcnk testv\u00e9reink\u00e9rt, ismer\u0151seink\u00e9rt im\u00e1dkozni!<\/span><\/p>\n<p lang=\"hu-HU\" align=\"JUSTIFY\">Ha \u0150, mint Isten egysz\u00fcl\u00f6tt fia, fontosnak l\u00e1tta, hogy im\u00e1dkozzon Istenhez, h\u00e1t akkor mi? Hogy ne tenn\u00e9nk?<\/p>\n<p align=\"JUSTIFY\"><span lang=\"hu-HU\"><span style=\"text-decoration: underline;\">M\u00e1rk Evang\u00e9liuma 1,35<\/span><\/span> <span lang=\"hu-HU\">Kora reggel pedig, m\u00e9g sz\u00fcrk\u00fcletkor, f\u00f6lkelv\u00e9n, kim\u00e9ne, \u00e9s elm\u00e9ne egy puszta helyre \u00e9s ott im\u00e1dkoz\u00e9k.<\/span><\/p>\n<p><span lang=\"hu-HU\"><span style=\"text-decoration: underline;\">M\u00e1rk Evang\u00e9liuma 6,46<\/span><\/span> <span lang=\"hu-HU\">Minekut\u00e1na pedig elbocs\u00e1totta \u0151ket, f\u00f6lm\u00e9ne a hegyre im\u00e1dkozni<\/span><span lang=\"hu-HU\">.<\/span><\/p>\n<p><span lang=\"hu-HU\"><span style=\"text-decoration: underline;\">Luk\u00e1cs Evang\u00e9liuma 4,42<\/span><\/span> <span lang=\"hu-HU\">A nap f\u00f6lkeltekor pedig kimenv\u00e9n, puszta helyre m\u00e9ne; de a sokas\u00e1g felkeres\u00e9 \u0151t, \u00e9s hozz\u00e1men\u00e9nek, \u00e9s tart\u00f3ztat\u00e1k \u0151t, hogy ne menjen el t\u0151l\u00f6k<\/span><span lang=\"hu-HU\">.<\/span><\/p>\n<p><span lang=\"hu-HU\"><span style=\"text-decoration: underline;\">Luk\u00e1cs Evang\u00e9liuma 3,21<\/span><\/span> <span lang=\"hu-HU\">L\u0151n pedig, hogy mikor az eg\u00e9sz n\u00e9p megkeresztelkedett, \u00e9s J\u00e9zus is megkereszteltetett, \u00e9s im\u00e1dkozott, megnyilatkoz\u00e9k az \u00e9g,<\/span><\/p>\n<p><span lang=\"hu-HU\"><span style=\"text-decoration: underline;\">Luk\u00e1cs Evang\u00e9liuma 5,15-16<\/span><\/span> <span lang=\"hu-HU\">A h\u00edr azonban ann\u00e1l ink\u00e1bb terjedt \u0151 fel\u0151le; \u00e9s nagy sokas\u00e1g gy\u0171le egybe, hogy \u0151t hallgass\u00e1k, \u00e9s hogy \u00e1ltala meggy\u00f3gyuljanak az \u0151 betegs\u00e9geikb\u0151l. De \u0151 f\u00e9lrevonula a puszt\u00e1kba, \u00e9s im\u00e1dkoz\u00e9k.<\/span><\/p>\n<p align=\"JUSTIFY\"><span lang=\"hu-HU\"><span style=\"text-decoration: underline;\">Luk\u00e1cs Evang\u00e9liuma 6,12-13 <\/span><\/span><span lang=\"hu-HU\">\u00c9s l\u0151n azokban a napokban, kim\u00e9ne a hegyre im\u00e1dkozni, \u00e9s az \u00e9jszak\u00e1t az Istenhez val\u00f3 im\u00e1dkoz\u00e1sban t\u00f6lt\u00e9 el. \u00c9s mikor megvirrada, el\u0151sz\u00f3l\u00edt\u00e1 az \u0151 tan\u00edtv\u00e1nyait \u00e9s kiv\u00e1laszta azok k\u00f6z\u00fcl tizenkett\u0151t, a kiket apostoloknak is neveze:<\/span><\/p>\n<p align=\"JUSTIFY\"><span lang=\"hu-HU\"><span style=\"text-decoration: underline;\">Luk\u00e1cs Evang\u00e9liuma 9,18 <\/span><\/span> <span lang=\"hu-HU\">\u00c9s l\u0151n, mikor \u0151 mag\u00e1ban im\u00e1dkoz\u00e9k, vele val\u00e1nak a tan\u00edtv\u00e1nyok<\/span><\/p>\n<p align=\"JUSTIFY\"><span lang=\"hu-HU\"><span style=\"text-decoration: underline;\">Luk\u00e1cs Evang\u00e9liuma 9,28 <\/span><\/span><span lang=\"hu-HU\">\u00c9s l\u0151n e besz\u00e9dek ut\u00e1n mintegy nyolczadnappal, hogy maga mell\u00e9 vev\u00e9 P\u00e9tert, J\u00e1nost \u00e9s Jakabot, \u00e9s felm\u00e9ne a hegyre im\u00e1dkozni.<\/span><\/p>\n<p align=\"JUSTIFY\"><span lang=\"hu-HU\"><span style=\"text-decoration: underline;\">Luk\u00e1cs Evang\u00e9liuma 10,21<\/span><\/span> <span lang=\"hu-HU\">Azon \u00f3r\u00e1ban \u00f6rvendeze J\u00e9zus lelk\u00e9ben, \u00e9s monda: H\u00e1l\u00e1kat adok n\u00e9ked, Aty\u00e1m, mennynek \u00e9s f\u00f6ldnek Ura, hogy elrejtetted ezeket a b\u00f6lcsek \u00e9s \u00e9rtelmesek el\u0151l, \u00e9s a kisdedeknek megjelentetted. Igen, Aty\u00e1m, mert \u00edgy volt kedves te el\u0151tted.<\/span><\/p>\n<p align=\"JUSTIFY\"><span lang=\"hu-HU\"><span style=\"text-decoration: underline;\">J\u00e1nos Evang\u00e9liuma 17,11<\/span><\/span> <span lang=\"hu-HU\">\u00c9s nem vagyok t\u00f6bb\u00e9 e vil\u00e1gon, de \u0151k a vil\u00e1gon vannak, \u00e9n pedig te hozz\u00e1d megyek. Szent Aty\u00e1m, tartsd meg \u0151ket a te nevedben, a kiket n\u00e9kem adt\u00e1l, hogy egyek legyenek, mint mi!<\/span><\/p>\n<p lang=\"hu-HU\" align=\"JUSTIFY\">A mi im\u00e1nk legyen<\/p>\n<ul>\n<li>\n<p lang=\"hu-HU\" align=\"JUSTIFY\">Igazi, bens\u0151s\u00e9ges tal\u00e1lkoz\u00e1s Istennel, nem k\u00e9pmutat\u00e1s, vagy formais\u00e1g<\/p>\n<\/li>\n<\/ul>\n<p align=\"JUSTIFY\"><span lang=\"hu-HU\"><span style=\"text-decoration: underline;\">M\u00e1t\u00e9 Evang\u00e9liuma 6,5-6<\/span><\/span> <span lang=\"hu-HU\">\u00c9s mikor im\u00e1dkozol, ne l\u00e9gy olyan, mint a k\u00e9pmutat\u00f3k, a kik a gy\u00fclekezetekben \u00e9s az utcz\u00e1k szegletein fen\u00e1llva szeretnek im\u00e1dkozni, hogy l\u00e1ss\u00e1k \u0151ket az emberek. Bizony mondom n\u00e9ktek: elvett\u00e9k jutalmukat. \u00a0Te pedig a mikor im\u00e1dkozol, menj be a te bels\u0151 szob\u00e1dba, \u00e9s ajt\u00f3dat bez\u00e1rva, im\u00e1dkozz\u00e1l a te Aty\u00e1dhoz, a ki titkon van; \u00e9s a te Aty\u00e1d, a ki titkon n\u00e9z, megfizet n\u00e9ked nyilv\u00e1n.<\/span><\/p>\n<ul>\n<li>\n<p lang=\"hu-HU\" align=\"JUSTIFY\">Egyszer\u0171 \u00e9s k\u00f6zvetlen megny\u00edl\u00e1s Isten fel\u00e9. A sz\u00f3szapor\u00edt\u00e1s, b\u0151besz\u00e9d f\u00f6l\u00f6sleges<\/p>\n<\/li>\n<\/ul>\n<p align=\"JUSTIFY\"><span lang=\"hu-HU\"><span style=\"text-decoration: underline;\">M\u00e1t\u00e9 Evang\u00e9liuma 6,7-8<\/span><\/span> <span lang=\"hu-HU\">\u00c9s mikor im\u00e1dkoztok, ne legyetek sok besz\u00e9d\u0171ek, mint a pog\u00e1nyok, a kik azt gondolj\u00e1k, hogy az \u0151 sok besz\u00e9d\u00fck\u00e9rt hallgattatnak meg. Ne legyetek h\u00e1t ezekhez hasonl\u00f3k; mert j\u00f3l tudja a ti Aty\u00e1tok, mire van sz\u00fcks\u00e9getek, miel\u0151tt k\u00e9rn\u00e9tek t\u0151le.<\/span><\/p>\n<ul>\n<li>\n<p lang=\"hu-HU\" align=\"JUSTIFY\">A k\u00f6z\u00f6s im\u00e1nak k\u00fcl\u00f6nleges \u00e9rt\u00e9ke \u00e9s ereje van.<\/p>\n<\/li>\n<\/ul>\n<p align=\"JUSTIFY\"><span lang=\"hu-HU\"><span style=\"text-decoration: underline;\">M\u00e1t\u00e9 Evang\u00e9liuma 18,19-20<\/span><\/span> <span lang=\"hu-HU\">Ism\u00e9t, mondom n\u00e9ktek, hogy ha ketten k\u00f6z\u00fcletek egy akaraton lesznek a f\u00f6ld\u00f6n minden dolog fel\u0151l, a mit csak k\u00e9rnek, megadja n\u00e9kik az \u00e9n mennyei Aty\u00e1m. Mert a hol ketten vagy h\u00e1rman egybegy\u0171lnek az \u00e9n nevemben, ott vagyok k\u00f6z\u00f6tt\u00fck.<\/span><\/p>\n<ul>\n<li>\n<p lang=\"hu-HU\" align=\"JUSTIFY\">Mindent igazi hittel, Isten ir\u00e1nti marad\u00e9ktalan bizalommal kell k\u00e9rni<\/p>\n<\/li>\n<\/ul>\n<p align=\"JUSTIFY\"><span lang=\"hu-HU\"><span style=\"text-decoration: underline;\">M\u00e1t\u00e9 Evang\u00e9liuma 21,21-22<\/span><\/span> <span lang=\"hu-HU\">J\u00e9zus pedig felelv\u00e9n, monda n\u00e9kik: Bizony mondom n\u00e9ktek, ha van hitetek \u00e9s nem k\u00e9telkedtek, nemcsak azt cselekszitek, a mi e f\u00fcgef\u00e1n esett, hanem ha azt mondj\u00e1tok e hegynek: Kelj fel \u00e9s zuhanj a tengerbe, az is meg l\u00e9szen; \u00a0\u00c9s a mit k\u00f6ny\u00f6rg\u00e9setekben k\u00e9rtek, mindazt meg is kapj\u00e1tok, ha hisztek.<\/span><\/p>\n<p><span lang=\"hu-HU\"><span style=\"text-decoration: underline;\">M\u00e1t\u00e9 Evang\u00e9liuma 7,7-12<\/span><\/span> <span lang=\"hu-HU\"> K\u00e9rjetek \u00e9s adatik n\u00e9ktek; keressetek \u00e9s tal\u00e1ltok; z\u00f6rgessetek \u00e9s megnyittatik n\u00e9ktek. Mert a ki k\u00e9r, mind kap; \u00e9s a ki keres, tal\u00e1l; \u00e9s a z\u00f6rget\u0151nek megnyittatik. Avagy ki az az ember k\u00f6z\u00fcletek, a ki, ha az \u0151 fia kenyeret k\u00e9r t\u0151le, k\u00f6vet \u00e1d n\u00e9ki? \u00c9s ha halat k\u00e9r, vajjon k\u00edgy\u00f3t \u00e1d-e n\u00e9ki? Ha az\u00e9rt ti gonosz l\u00e9tetekre tudtok a ti fiaitoknak j\u00f3 aj\u00e1nd\u00e9kokat adni, mennyivel ink\u00e1bb \u00e1d a ti mennyei Aty\u00e1tok j\u00f3kat azoknak, a kik k\u00e9rnek t\u0151le?! A mit akartok az\u00e9rt, hogy az emberek ti veletek cselekedjenek, mindazt ti is \u00fagy cselekedj\u00e9tek azokkal; mert ez a t\u00f6rv\u00e9ny \u00e9s a pr\u00f3f\u00e9t\u00e1k.<\/span><\/p>\n<p><span lang=\"hu-HU\"><span style=\"text-decoration: underline;\">Zsid\u00f3khoz \u00edrt lev\u00e9l 4,16 <\/span><\/span><span lang=\"hu-HU\">J\u00e1ruljunk az\u00e9rt bizodalommal a kegyelem kir\u00e1lyi sz\u00e9k\u00e9hez, hogy irgalmass\u00e1got nyerj\u00fcnk \u00e9s kegyelmet tal\u00e1ljunk, alkalmas id\u0151ben val\u00f3 seg\u00edts\u00e9g\u00fcl.<\/span><\/p>\n<ul>\n<li>\n<p lang=\"hu-HU\">al\u00e1zatos sz\u00edvvel<\/p>\n<\/li>\n<\/ul>\n<p><span lang=\"hu-HU\"><span style=\"text-decoration: underline;\">R\u00f3mabeliekhez \u00edrt lev\u00e9l 8,26<\/span><\/span> <span lang=\"hu-HU\">Hasonlatosk\u00e9ppen pedig a L\u00e9lek is seg\u00edts\u00e9g\u00e9re van a mi er\u0151telens\u00e9g\u00fcnknek. Mert azt, a mit k\u00e9rn\u00fcnk kell, a mint kellene, nem tudjuk; de maga a L\u00e9lek esedezik mi \u00e9rett\u00fcnk kimondhatatlan foh\u00e1szkod\u00e1sokkal.<\/span><\/p>\n<p><span lang=\"hu-HU\"><span style=\"text-decoration: underline;\">Jakab levele 4,6 <\/span><\/span><span lang=\"hu-HU\">De majd nagyobb kegyelmet \u00e1d; ez\u00e9rt mondja: Az Isten a kev\u00e9lyeknek ellen\u00f6k \u00e1ll, az al\u00e1zatosoknak pedig kegyelmet \u00e1d.<\/span><\/p>\n<p><span lang=\"hu-HU\"><span style=\"text-decoration: underline;\">Luk\u00e1cs Evang\u00e9liuma 11,1 <\/span><\/span> <span lang=\"hu-HU\">\u00c9s l\u0151n, mikor \u0151 im\u00e1dkoz\u00e9k egy helyen, minekut\u00e1na elv\u00e9gezte, monda n\u00e9ki egy az \u0151 tan\u00edtv\u00e1nyai k\u00f6z\u00fcl: Uram, tan\u00edts minket im\u00e1dkozni, mik\u00e9ppen J\u00e1nos is tan\u00edtotta az \u0151 tan\u00edtv\u00e1nyait.<\/span><\/p>\n<ul>\n<li>\n<p lang=\"hu-HU\">hittel<\/p>\n<\/li>\n<\/ul>\n<p><span lang=\"hu-HU\"><span style=\"text-decoration: underline;\">Jakab levele 1,6<\/span><\/span> <span lang=\"hu-HU\">De k\u00e9rje hittel, semmit sem k\u00e9telkedv\u00e9n: mert a ki k\u00e9telkedik, hasonlatos a tenger habj\u00e1hoz, a melyet a sz\u00e9l hajt \u00e9s ide s tova h\u00e1ny.<\/span><\/p>\n<p><span lang=\"hu-HU\"><span style=\"text-decoration: underline;\">Zsid\u00f3khoz \u00edrt lev\u00e9l 11,6 <\/span><\/span><span lang=\"hu-HU\">Hit n\u00e9lk\u00fcl pedig lehetetlen Istennek tetszeni; mert a ki Isten el\u00e9 j\u00e1rul, hinnie kell, hogy \u0151 l\u00e9tezik \u00e9s megjutalmazza azokat, a kik \u0151t keresik.<\/span><\/p>\n<p><span lang=\"hu-HU\"><span style=\"text-decoration: underline;\">M\u00e1t\u00e9 Evang\u00e9liuma 21,22 <\/span><\/span><span lang=\"hu-HU\">\u00c9s a mit k\u00f6ny\u00f6rg\u00e9setekben k\u00e9rtek, mindazt meg is kapj\u00e1tok, ha hisztek.<\/span><\/p>\n<p><span lang=\"hu-HU\"><span style=\"text-decoration: underline;\">M\u00e1rk Evang\u00e9liuma 11,24 <\/span><\/span> <span lang=\"hu-HU\">Az\u00e9rt mondom n\u00e9ktek: A mit k\u00f6ny\u00f6rg\u00e9setekben k\u00e9rtek, higgy\u00e9tek, hogy mindazt megnyeritek, \u00e9s megl\u00e9szen n\u00e9ktek.<\/span><\/p>\n<ul>\n<li>\n<p lang=\"hu-HU\">\u0151szinte sz\u00e1nd\u00e9kkal<\/p>\n<\/li>\n<\/ul>\n<p><span lang=\"hu-HU\"><span style=\"text-decoration: underline;\">M\u00e1t\u00e9 Evang\u00e9liuma 15,8<\/span><\/span> <span lang=\"hu-HU\">Ez a n\u00e9p sz\u00e1j\u00e1val k\u00f6zelget hozz\u00e1m, \u00e9s ajk\u00e1val tisztel engemet; sz\u00edve pedig t\u00e1vol van t\u0151lem.<\/span><\/p>\n<ul>\n<li>\n<p lang=\"hu-HU\">tiszta lelkiismerettel<\/p>\n<\/li>\n<\/ul>\n<p><span lang=\"hu-HU\"><span style=\"text-decoration: underline;\">J\u00e1nos 1. levele 3,21<\/span><\/span> <span lang=\"hu-HU\">Szeretteim, ha sz\u00edv\u00fcnk nem v\u00e1dol minket, bizodalmunk van az Istenhez;<\/span><\/p>\n<ul>\n<li>\n<p lang=\"hu-HU\">a Szentl\u00e9lek vezet\u00e9s\u00e9vel<\/p>\n<\/li>\n<\/ul>\n<p><span lang=\"hu-HU\"><span style=\"text-decoration: underline;\">Ef\u00e9zusi lev\u00e9l 6,18a<\/span><\/span> <span lang=\"hu-HU\">Minden im\u00e1ds\u00e1ggal \u00e9s k\u00f6ny\u00f6rg\u00e9ssel im\u00e1dkozv\u00e1n minden id\u0151ben a L\u00e9lek \u00e1ltal<\/span><\/p>\n<p><span lang=\"hu-HU\"><span style=\"text-decoration: underline;\">Korintusi 1. lev\u00e9l 12,3b <\/span><\/span><span lang=\"hu-HU\">\u00e9s senki sem mondhatja \u00darnak J\u00e9zust, hanem csak a Szent L\u00e9lek \u00e1ltal.<\/span><\/p>\n<p><span lang=\"hu-HU\"><span style=\"text-decoration: underline;\">R\u00f3mai lev\u00e9l 8,15 <\/span><\/span><span lang=\"hu-HU\">Mert nem kaptatok szolgas\u00e1g lelk\u00e9t ism\u00e9t a f\u00e9lelemre, hanem a fi\u00fas\u00e1gnak Lelk\u00e9t kapt\u00e1tok, a ki \u00e1ltal ki\u00e1ltjuk: Abb\u00e1, Aty\u00e1m!<\/span><\/p>\n<ul>\n<li>\n<p lang=\"hu-HU\">J\u00e9zus nev\u00e9ben &#8211; nem a magunk erej\u00e9re \u00e9s \u00e9rdemei alapj\u00e1n fordulunk Istenhez<\/p>\n<\/li>\n<\/ul>\n<p><span lang=\"hu-HU\"><span style=\"text-decoration: underline;\">J\u00e1nos Evang\u00e9liuma 14,13<\/span><\/span> <span lang=\"hu-HU\">\u00c9s ak\u00e1rmit k\u00e9rtek majd az \u00e9n nevemben, megcselekszem azt, hogy dics\u0151\u00edttess\u00e9k az Atya a Fi\u00faban.<\/span><\/p>\n<p align=\"JUSTIFY\"><span lang=\"hu-HU\"><span style=\"text-decoration: underline;\">J\u00e1nos Evang\u00e9liuma 16,23-24 <\/span><\/span> <span lang=\"hu-HU\">\u00c9s azon a napon nem k\u00e9rdeztek majd engem semmir\u0151l. Bizony, bizony mondom n\u00e9ktek, hogy a mit csak k\u00e9rni fogtok az Aty\u00e1t\u00f3l az \u00e9n nevemben, megadja n\u00e9ktek. Mostan\u00e1ig semmit sem k\u00e9rtetek az Aty\u00e1t\u00f3l az \u00e9n nevemben: k\u00e9rjetek \u00e9s megkapj\u00e1tok, hogy a ti \u00f6r\u00f6metek teljes legyen.<\/span><\/p>\n<ul>\n<li>\n<p lang=\"hu-HU\" align=\"JUSTIFY\">az Atya akarat\u00e1ban<\/p>\n<\/li>\n<\/ul>\n<p align=\"JUSTIFY\"><span lang=\"hu-HU\"><span style=\"text-decoration: underline;\">M\u00e1t\u00e9 Evang\u00e9liuma 26,42<\/span><\/span> <span lang=\"hu-HU\">Ism\u00e9t elm\u00e9ne m\u00e1sodszor is, \u00e9s k\u00f6ny\u00f6rge, mondv\u00e1n: Aty\u00e1m! ha el nem m\u00falhatik t\u0151lem e poh\u00e1r, hogy ki ne igyam, legyen meg a te akaratod.<\/span><\/p>\n<ul>\n<li>\n<p lang=\"hu-HU\" align=\"JUSTIFY\">odaad\u00f3an, kitart\u00f3an \u2013 nem hangulat vagy kedv szerint<\/p>\n<\/li>\n<\/ul>\n<p align=\"JUSTIFY\"><span lang=\"hu-HU\"><span style=\"text-decoration: underline;\">Luk\u00e1cs Evang\u00e9liuma 18,1<\/span><\/span> <span lang=\"hu-HU\">Monda pedig n\u00e9kik p\u00e9ld\u00e1zatot is arr\u00f3l, hogy mindig im\u00e1dkozni kell, \u00e9s meg nem rest\u00fclni;<\/span><\/p>\n<ul>\n<li>\n<p lang=\"hu-HU\" align=\"JUSTIFY\">Isten Ig\u00e9j\u00e9re hivatkozva, mert Isten betartja \u00edg\u00e9reteit, ha megfelel\u00fcnk a felt\u00e9teleinek<\/p>\n<\/li>\n<\/ul>\n<p align=\"JUSTIFY\"><span lang=\"hu-HU\"><span style=\"text-decoration: underline;\">M\u00f3zes 2. k\u00f6nyve 32,13<\/span><\/span> <span lang=\"hu-HU\">Eml\u00e9kezz\u00e9l meg \u00c1brah\u00e1mr\u00f3l, Izs\u00e1kr\u00f3l \u00e9s Izr\u00e1elr\u0151l a te szolg\u00e1idr\u00f3l, kiknek megesk\u00fcdt\u00e9l te magadra, mondv\u00e1n n\u00e9kik: Megsokas\u00edtom a ti magotokat mint az \u00e9gnek csillagait; \u00e9s azt az eg\u00e9sz f\u00f6ldet, melyr\u0151l sz\u00f3ltam, a ti magotoknak adom, \u00e9s \u00f6r\u00f6ks\u00e9g\u00fcl b\u00edrj\u00e1k azt \u00f6r\u00f6kk\u00e9.<\/span><\/p>\n","protected":false},"excerpt":{"rendered":"<p>\u00edrta Borz\u00e1si Andr\u00e1s J\u00f3zsef A h\u00edv\u0151 ember alapgyakorlatai 1. Az ima I. Mi az Ima? az im\u00e1ds\u00e1g a l\u00e9lek l\u00e9legzetv\u00e9tele. K\u00f6z\u00f6ss\u00e9g Istennel Besz\u00e9lget\u00e9s Istennel Kezdeti &#8220;dadog\u00e1s &#8221; ut\u00e1n egyre k\u00f6nnyebb\u00e9 v\u00e1lik egyike a leghatalmasabb er\u0151knek a vil\u00e1gon az ima, fegyver a S\u00e1t\u00e1n ellen Zsolt\u00e1rok k\u00f6nyve 62,9; B\u00edzzatok \u0151 benne mindenkor, ti n\u00e9pek; \u00f6nts\u00e9tek ki el\u0151tte&#8230;<\/p>\n","protected":false},"author":4,"featured_media":0,"comment_status":"closed","ping_status":"closed","sticky":false,"template":"","format":"standard","meta":{"_kad_post_transparent":"","_kad_post_title":"","_kad_post_layout":"","_kad_post_sidebar_id":"","_kad_post_content_style":"","_kad_post_vertical_padding":"","_kad_post_feature":"","_kad_post_feature_position":"","_kad_post_header":false,"_kad_post_footer":false,"_kad_post_classname":"","footnotes":""},"categories":[3],"tags":[55],"class_list":["post-623","post","type-post","status-publish","format-standard","hentry","category-hitmelyito-tanulmanyok","tag-ima"],"_links":{"self":[{"href":"https:\/\/tmbgy.demhub.net\/index.php?rest_route=\/wp\/v2\/posts\/623","targetHints":{"allow":["GET"]}}],"collection":[{"href":"https:\/\/tmbgy.demhub.net\/index.php?rest_route=\/wp\/v2\/posts"}],"about":[{"href":"https:\/\/tmbgy.demhub.net\/index.php?rest_route=\/wp\/v2\/types\/post"}],"author":[{"embeddable":true,"href":"https:\/\/tmbgy.demhub.net\/index.php?rest_route=\/wp\/v2\/users\/4"}],"replies":[{"embeddable":true,"href":"https:\/\/tmbgy.demhub.net\/index.php?rest_route=%2Fwp%2Fv2%2Fcomments&post=623"}],"version-history":[{"count":0,"href":"https:\/\/tmbgy.demhub.net\/index.php?rest_route=\/wp\/v2\/posts\/623\/revisions"}],"wp:attachment":[{"href":"https:\/\/tmbgy.demhub.net\/index.php?rest_route=%2Fwp%2Fv2%2Fmedia&parent=623"}],"wp:term":[{"taxonomy":"category","embeddable":true,"href":"https:\/\/tmbgy.demhub.net\/index.php?rest_route=%2Fwp%2Fv2%2Fcategories&post=623"},{"taxonomy":"post_tag","embeddable":true,"href":"https:\/\/tmbgy.demhub.net\/index.php?rest_route=%2Fwp%2Fv2%2Ftags&post=623"}],"curies":[{"name":"wp","href":"https:\/\/api.w.org\/{rel}","templated":true}]}}