{"id":612,"date":"2015-05-02T16:43:00","date_gmt":"2015-05-02T13:43:00","guid":{"rendered":"http:\/\/tmbgy.ro\/?p=612"},"modified":"2015-05-02T16:43:00","modified_gmt":"2015-05-02T13:43:00","slug":"anna-az-edesanya","status":"publish","type":"post","link":"https:\/\/tmbgy.demhub.net\/?p=612","title":{"rendered":"Anna az \u00e9desanya"},"content":{"rendered":"<p>1S\u00e1m 1,1-28<\/p>\n<p>Egy Istenf\u00e9l\u0151 csal\u00e1d \u00e1ll el\u0151tt\u00fcnk, de nem csak \u00e9desany\u00e1knak sz\u00f3l ez az ige, f\u00e9rjeknek is, fiataloknak is akik k\u00e9sz\u00fclnek a csal\u00e1di \u00e9letre.<\/p>\n<p>Tudjuk azt hogy az ige, a Biblia \u00fczenete:<\/p>\n<ul>\n<li>Bemutatja az embert, \u00e9s a csal\u00e1dot is, \u00fagy ahogy van,<\/li>\n<\/ul>\n<ul>\n<li>Bemutatja \u00fagy is amilyen kellene legyen,<\/li>\n<\/ul>\n<ul>\n<li>Bemutatja a kegyelmet, hogy amit elrontott az ember Isten meg tudja bocs\u00e1tani, \u00e9s<\/li>\n<\/ul>\n<ul>\n<li>Bemutatja hogy nem kell v\u00e9gig \u00fagy maradni elrontott \u00e9lettel, \u00f6r\u00f6kk\u00e9 szenvedni \u00e9s viselni a k\u00f6vetkezm\u00e9nyeket lehet v\u00e1ltoztatni, van hozz\u00e1 er\u0151 \u00e9s lehet\u0151s\u00e9g.<\/li>\n<\/ul>\n<p>N\u00e9zz\u00fck meg ezt az igeszakaszt, a mondanival\u00f3j\u00e1t, \u00e9s l\u00e1ssuk meg:<\/p>\n<ul>\n<li>Hogyan \u00e9lt ez a csal\u00e1d, k\u00fcl\u00f6n\u00f6sen Anna \u00e9s Elk\u00e1na,<\/li>\n<\/ul>\n<p>N\u00e9zz\u00fcnk a mi \u00e9let\u00fcnkbe:<\/p>\n<ul>\n<li>hogyan \u00e9lt\u00fcnk \u00e9s<\/li>\n<\/ul>\n<ul>\n<li>hogyan kellett volna \u00e9ln\u00fcnk,<\/li>\n<\/ul>\n<ul>\n<li>\u00c9s n\u00e9zz\u00fck meg azt is mit lehet m\u00e9g tenni.<\/li>\n<\/ul>\n<p>L\u00e1ssuk meg, tal\u00e1ljuk meg a rendez\u00e9s hely\u00e9t, m\u00f3dj\u00e1t, ha erre van sz\u00fcks\u00e9g:<\/p>\n<ul>\n<li>V\u00e1ltoztassuk meg azt amit Isten megmutat &#8230;, nemr\u00e9g volt az ige: R\u00f3ma 12,2 &#8220;hanem v\u00e1ltozzatok el a ti elm\u00e9teknek meg\u00fajul\u00e1sa \u00e1ltal,&#8221;<\/li>\n<\/ul>\n<ul>\n<li>Engedj\u00fck azt hogy elm\u00e9nket, gondolatainkat, hozz\u00e1\u00e1ll\u00e1sunkat v\u00e1ltoztassa meg Isten, az \u0150 ig\u00e9je,\u00a0 \u00edgy eg\u00e9sz \u00e9let\u00fcnk meg\u00fajul.<\/li>\n<\/ul>\n<p>Hogy meg\u00e9rts\u00fck ennek a csal\u00e1dnak az \u00e9rt\u00e9k\u00e9t, \u00e9s a k\u00fcl\u00f6nlegess\u00e9g\u00e9t, n\u00e9zz\u00fck meg a korszakot amelyben ez a csal\u00e1d \u00e9lt:<br \/>\nA b\u00edr\u00e1k ideje alatt \u00e9ltek, amikor mindenki azt tette amit j\u00f3nak l\u00e1tott, ami neki tetszett.<\/p>\n<p>Ez a csal\u00e1d ebben a neh\u00e9z korszakban is tisztelte az Urat.<br \/>\n\u00c9venk\u00e9nt, az eg\u00e9sz csal\u00e1d felment Sil\u00f3ba Istent im\u00e1dni, \u00e1ldozni neki. (nem \u00fagy mint a f\u00e1ra\u00f3 mondta Egyiptomban, hogy hagyj\u00e1k otthon gyermekeiket), hanem \u0151k\u00a0 gyermekeikkel egy\u00fctt mentek im\u00e1dni az Urat.<br \/>\nNem sokan voltak ott, a f\u0151papnak volt ideje le\u00fclni, \u00e9s Ann\u00e1t \u00e9szrevenni \u2013 ami emeli ennek a csal\u00e1dnak \u00e9rt\u00e9k\u00e9t.<\/p>\n<p>Kedves \u00e9desapa \u00e9s \u00e9desanya, a mai id\u0151knek is megvan a jellegzetess\u00e9ge,<\/p>\n<ul>\n<li>ma is mindenki azt tesz amit akar,<\/li>\n<\/ul>\n<ul>\n<li>ma is az emberek \u00fagy tisztelik Istent, ki hogyan gondolja, nem \u00fagy ahogy Isten akarn\u00e1, elv\u00e1rn\u00e1, vagy ahogy illik hozz\u00e1.<\/li>\n<\/ul>\n<p>Milyen a te csal\u00e1dod istentisztelete?<br \/>\nMikor mindenki m\u00e1st tesz, m\u00e1sk\u00e9pp tesz, m\u00e1sk\u00e9ppen \u00e9rtelmezi Isten ig\u00e9j\u00e9t.<br \/>\nFontosabb n\u00e9ked az amit Isten mond vagy m\u00e9gy a t\u00f6meggel, a t\u00e1rsadalommal?<br \/>\nEzt l\u00e1tj\u00e1k-e gyermekeid?<br \/>\nOda viszed-e gyermekeid az \u00darhoz?<\/p>\n<p>P\u00e9lda: vissza eml\u00e9kezem, besz\u00e9ltem olyan gy\u00fclekezeti tagokkal, akiknek nem voltak gyermekeik a gy\u00fclekezet \u00f6sszej\u00f6vetelein, megk\u00e9rdeztem hol vannak, a v\u00e1lasz az volt hogy k\u00e9pess\u00e9geiket fejlesztik, &#8230;, kint maradtak, t\u00f6nkretett \u00e9lettel, mert amit a vil\u00e1g adott \u00e9rt\u00e9k\u00e9t vesz\u00edtette, \u00e9s\u00a0 elvesztett\u00e9k a val\u00f3di \u00e9rt\u00e9keket.<\/p>\n<p>Anna jelleme: (milyen lehetett volna \u00e9s milyen volt Anna, milyen lehetett volna \u00e9s\u00a0 milyen volt a\u00a0 reakci\u00f3ja?)<\/p>\n<p>Tudjuk a t\u00f6rt\u00e9nteket \u2026<br \/>\n1S\u00e1m 1:6 Igen bosszantja vala pedig Ann\u00e1t vet\u00e9lked\u0151 t\u00e1rsa, hogy felingerelje,<br \/>\nMit tehetett volna Anna ebben a helyzetben?<\/p>\n<ul>\n<li>Visszav\u00e1ghatott volna kem\u00e9nyen, kirobbanhatott volna, hisz Elk\u00e1na igen szerette,<\/li>\n<\/ul>\n<ul>\n<li>Lehetett volna ideges, zs\u00f6rt\u00f6l\u0151d\u0151, a robban\u00e1s hat\u00e1r\u00e1n, \u00fagy hogy ha valaki, tal\u00e1n a f\u00e9rje, sz\u00f3lt volna hozz\u00e1, robbant volna, a v\u00e1laszt hallva azt mondhatta, ink\u00e1bb ne sz\u00f3ltam volna, &#8211; igaz az hogy azonnal meg\u00e9rz\u0151dik ami benn\u00fcnk van mihelyt megsz\u00f3lalunk, s\u0151t arcunkr\u00f3l is leolvashat\u00f3. (pl. egy\u00a0 l\u00e1togat\u00e1skor &#8230;).<\/li>\n<\/ul>\n<p>De:<br \/>\nAnn\u00e1t nem lehetett felbosszantani, igaz nem tudott k\u00f6z\u00f6mb\u00f6s maradni, s\u00edrt, nem evett, de<\/p>\n<ul>\n<li>nem v\u00e1gott vissza,<\/li>\n<\/ul>\n<ul>\n<li>nem zs\u00f6rt\u00f6l\u0151d\u00f6tt, nem zs\u00e9mbeskedett.<\/li>\n<\/ul>\n<p>Tudj\u00e1tok mit mond a P\u00e9ldabesz\u00e9dek \u00edr\u00f3ja:<br \/>\nPld 21,9\u00a0\u00a0Jobb a tet\u0151 sark\u00e1n lakni, mint zs\u00e9mbes asszonnyal egy\u00fctt a h\u00e1zban.<br \/>\n19\u00a0\u00a0Jobb\u00a0 a puszta f\u00f6ldj\u00e9n lakni, mint zs\u00e9mbes \u00e9s bossz\u00fas asszonnyal.<\/p>\n<p>Igaz\u00a0 ez a f\u00e9rfire is, egy zs\u00f6rt\u00f6l\u0151d\u0151, zs\u00e9mbes f\u00e9rfivel is hasonl\u00f3 az \u00e9let. Mit mond az ige a f\u00e9rfinek? Mert nem csak a n\u0151knek besz\u00e9l:<br \/>\nKol 3:19\u00a0 (HKBr)<br \/>\nTi f\u00e9rfiak, szeress\u00e9tek a ti feles\u00e9geteket, \u00e9s ne legyetek ir\u00e1ntuk keser\u0171 kedv\u0171ek.<br \/>\nHogy van ez n\u00e1lunk, n\u00e1lad a csal\u00e1dban?<\/p>\n<p>Egy m\u00e1sik jellemvon\u00e1sa Ann\u00e1nak:<\/p>\n<ul>\n<li>B\u00e1nat\u00e1t, baj\u00e1t Isten el\u00e9 hozta, (im\u00e1dkozott).<\/li>\n<\/ul>\n<p>Kedves \u00e9desanya jellemez ez t\u00e9ged?<br \/>\nIm\u00e1dkoz\u00f3 \u00e9desanya vagy?<br \/>\nNe felejtsd el Isten meghallgatja az im\u00e1t.<\/p>\n<p>A f\u00e9rje tudta b\u00e1nat\u00e1t, honnan? Csak l\u00e1tta volna? Szerintem tudta mert\u00a0 \u0151 kommunik\u00e1lt a f\u00e9rj\u00e9vel, elmondta neki b\u00e1nat\u00e1t, de nem mint egy megrov\u00e1st, egy v\u00e1dat a f\u00e9rje fel\u00e9, volt ilyen eset is:<br \/>\n1M\u00f3z 30:1-2 \u00c9s l\u00e1t\u00e1 R\u00e1khel, hogy o nem sz\u00fcle J\u00e1kobnak, irigykedni kezde R\u00e1khel az o n\u00e9nj\u00e9re, \u00e9s monda J\u00e1kobnak: Adj n\u00e9kem gyermekeket, mert ha nem, meghalok.<br \/>\nFelgerjede az\u00e9rt J\u00e1kob haragja R\u00e1khel ellen, \u00e9s monda: Avagy Isten vagyok-\u00e9 \u00e9n, ki megtagadta t\u0151led a m\u00e9hnek gy\u00fcm\u00f6lcs\u00e9t.<\/p>\n<p>Ez is egy kommunik\u00e1ci\u00f3 m\u00f3d volt a csal\u00e1dban, &#8230;<\/p>\n<p>Anna nem \u00edgy tett.<\/p>\n<p>Mondhatjuk azt, a f\u00e9rje v\u00e1lasz\u00e1b\u00f3l k\u00f6vetkeztetve hogy szel\u00edd lelk\u0171 asszony volt, sz\u00e9pen mondta el azt ami f\u00e1jt neki.<\/p>\n<p>Az Ige azt mondja: Pld 15,1\u00a0\u00a0A higgadt v\u00e1lasz\u00a0 elh\u00e1r\u00edtja\u00a0 az indulatot, de a b\u00e1nt\u00f3 besz\u00e9d haragot\u00a0 t\u00e1maszt.<br \/>\nIlyen vagy te kedves \u00e9desanya? \u00c9s \u00e9desapa is?<br \/>\nVan helyes kommunik\u00e1ci\u00f3 k\u00f6z\u00f6ttetek?<\/p>\n<p>A h\u00e1zas \u00e9letben nagyon fontos a kommunik\u00e1ci\u00f3, ha ez nem j\u00f3l m\u0171k\u00f6dik bel\u00e1thatatlan k\u00f6vetkezm\u00e9nyei lehetnek, sok probl\u00e9m\u00e1nak lehet itt a magyar\u00e1zata.<br \/>\nA kommunik\u00e1ci\u00f3 pedig mind a k\u00e9t f\u00e9len \u00e1ll!<br \/>\nTegy\u00e9tek fel a k\u00e9rd\u00e9st:<\/p>\n<ul>\n<li>Milyen a kommunik\u00e1ci\u00f3 k\u00f6z\u00f6tt\u00fcnk a csal\u00e1dban?<\/li>\n<li>Csak form\u00e1lis, fel\u00fcletes, vagy nyugodtan megnyiltok egym\u00e1s el\u0151tt?<\/li>\n<li>Ismered azokat a probl\u00e9m\u00e1kat, amelyek foglalkoztatj\u00e1k h\u00e1zast\u00e1rsadat, gyermekeidet?<\/li>\n<\/ul>\n<p>A f\u00e9rje vigasztalhatta feles\u00e9g\u00e9t, mert helyes volt k\u00f6z\u00f6tt\u00fck a kommunik\u00e1ci\u00f3, \u00e9s a kapcsolat,<\/p>\n<ul>\n<li>olyan volt a f\u00e9rj a feles\u00e9g r\u00e9sz\u00e9re hogy t\u00f6bbet \u00e9rt t\u00edz\u00a0 fi\u00fan\u00e1l.<\/li>\n<\/ul>\n<p>Kedves f\u00e9rfiak mennyit \u00e9rtek feles\u00e9geteknek?<\/p>\n<ul>\n<li>T\u00f6bb mint t\u00edz fi\u00fa, vagy m\u00e9g eggyel sem \u00e9rtek fel?<\/li>\n<\/ul>\n<ul>\n<li>Vagy rosszabbak vagytok t\u00edz fi\u00fan\u00e1l?<\/li>\n<\/ul>\n<p>Anna h\u00edv\u0151 asszony volt, miut\u00e1n im\u00e1dkozott azt olvassuk:<br \/>\n18v \u00c9s elm\u00e9ne az asszony az o \u00fatj\u00e1ra \u00e9s ev\u00e9k, \u00e9s arcza nem vala t\u00f6bb\u00e9 szomor\u00fa.<\/p>\n<p>Mert hitt Istenbe.<\/p>\n<ul>\n<li>Kedves \u00e9desanya \u00e9s \u00e9desapa tudsz \u00edgy im\u00e1dkozni gyermeked\u00e9rt?<\/li>\n<\/ul>\n<ul>\n<li>\u00c9s tudsz \u00edgy b\u00edzni Istenben?<\/li>\n<\/ul>\n<p>Anna:<br \/>\nGyermek\u00e9t Isten r\u00e9sz\u00e9re nevelte ( nem a vil\u00e1gnak, nem a t\u00e1rsadalomnak, nem a\u00a0 sportnak,&#8230;, ) \u00e9s ez\u00e9rt \u00e1ldozatra is k\u00e9sz volt.<br \/>\nNem volt neki k\u00f6nny\u0171, \u00e9des gyermek\u00e9t egyszer \u00e9venk\u00e9nt l\u00e1tnia.<br \/>\nMond te milyen \u00e1ldozatot v\u00e1llalsz gyermeked\u00e9rt?<\/p>\n<ul>\n<li>Kinek neveled \u00f6t?<\/li>\n<\/ul>\n<p>Vagy egy\u00e1ltal\u00e1n v\u00e1llalsz-e valamit?<br \/>\n\u00c1ldozat n\u00e9lk\u00fcl nem lesz eredm\u00e9ny!<\/p>\n<p>Anna \u00e9s a f\u00e9rje nem feledkezett meg az \u00edg\u00e9retr\u0151l, beteljes\u00edtett\u00e9k azt amit az \u00darnak \u00edg\u00e9rtek, h\u00e1l\u00e1val a sz\u00edv\u00fckben, \u00e9s \u00edgy egy\u00fctt im\u00e1dt\u00e1k az Urat.<\/p>\n<p>Kedves \u00e9desanya \u00e9s \u00e9desapa:<\/p>\n<ul>\n<li>Ilyen a ti \u00e9letetek mint a Bibliai p\u00e9lda?<\/li>\n<\/ul>\n<ul>\n<li>Kedves fiatalok ilyen lesz a ti \u00e9letetek? Erre k\u00e9sz\u00fclt\u00f6k?<\/li>\n<\/ul>\n<p>\u00c9s ha m\u00e1r valamit elrontottatok, az \u00f6r\u00f6mh\u00edr az hogy van bocs\u00e1nat, Isten m\u00e9g meg tud bocs\u00e1tani, az \u00dar J\u00e9zus Krisztus meghalt az ilyen b\u0171n\u00f6k\u00e9rt is.<\/p>\n<p>Isten ma m\u00e9g tud gy\u00f3gyul\u00e1st adni a h\u00e1zas\u00e9letben is, ha hittel el\u00e9je hozod helyzeted, megvallod azt amit rosszul tett\u00e9l, hittel mint Anna.<\/p>\n<p>K\u00edv\u00e1nom azt hogy nagyon komolyan m\u00e9rd le \u00e9leted,<\/p>\n<ul>\n<li>\u00e9s ha h\u00e1zass\u00e1gban \u00e9lsz m\u00e9rd le h\u00e1zass\u00e1godat is,<\/li>\n<\/ul>\n<p>m\u00e9rd le azt amit \u00e9s ahogyan teszel, \u00e9s tedd meg azt amit kell!<br \/>\nR\u00f3ma 12,2 &#8220;hanem v\u00e1ltozzatok el a ti elm\u00e9teknek meg\u00fajul\u00e1sa \u00e1ltal,&#8221;<\/p>\n<ul>\n<li>ma el kell d\u00f6ntened, azt\u00e1n nap mint nap igyekezni azt bet\u00f6lteni.<\/li>\n<\/ul>\n<p>Az \u00dar seg\u00edtsen erre!<\/p>\n","protected":false},"excerpt":{"rendered":"<p>1S\u00e1m 1,1-28 Egy Istenf\u00e9l\u0151 csal\u00e1d \u00e1ll el\u0151tt\u00fcnk, de nem csak \u00e9desany\u00e1knak sz\u00f3l ez az ige, f\u00e9rjeknek is, fiataloknak is akik k\u00e9sz\u00fclnek a csal\u00e1di \u00e9letre. Tudjuk azt hogy az ige, a Biblia \u00fczenete: Bemutatja az embert, \u00e9s a csal\u00e1dot is, \u00fagy ahogy van, Bemutatja \u00fagy is amilyen kellene legyen, Bemutatja a kegyelmet, hogy amit elrontott az&#8230;<\/p>\n","protected":false},"author":2,"featured_media":0,"comment_status":"closed","ping_status":"closed","sticky":false,"template":"","format":"standard","meta":{"_kad_post_transparent":"","_kad_post_title":"","_kad_post_layout":"","_kad_post_sidebar_id":"","_kad_post_content_style":"","_kad_post_vertical_padding":"","_kad_post_feature":"","_kad_post_feature_position":"","_kad_post_header":false,"_kad_post_footer":false,"_kad_post_classname":"","footnotes":""},"categories":[3,5],"tags":[9,18,21,22,35,44,55,66,78,96],"class_list":["post-612","post","type-post","status-publish","format-standard","hentry","category-hitmelyito-tanulmanyok","category-legujabb-irasok","tag-anya","tag-csalad","tag-edesanya","tag-edesapa","tag-gyermek","tag-hazassag","tag-ima","tag-jellem","tag-kommunikacio","tag-neveles"],"_links":{"self":[{"href":"https:\/\/tmbgy.demhub.net\/index.php?rest_route=\/wp\/v2\/posts\/612","targetHints":{"allow":["GET"]}}],"collection":[{"href":"https:\/\/tmbgy.demhub.net\/index.php?rest_route=\/wp\/v2\/posts"}],"about":[{"href":"https:\/\/tmbgy.demhub.net\/index.php?rest_route=\/wp\/v2\/types\/post"}],"author":[{"embeddable":true,"href":"https:\/\/tmbgy.demhub.net\/index.php?rest_route=\/wp\/v2\/users\/2"}],"replies":[{"embeddable":true,"href":"https:\/\/tmbgy.demhub.net\/index.php?rest_route=%2Fwp%2Fv2%2Fcomments&post=612"}],"version-history":[{"count":0,"href":"https:\/\/tmbgy.demhub.net\/index.php?rest_route=\/wp\/v2\/posts\/612\/revisions"}],"wp:attachment":[{"href":"https:\/\/tmbgy.demhub.net\/index.php?rest_route=%2Fwp%2Fv2%2Fmedia&parent=612"}],"wp:term":[{"taxonomy":"category","embeddable":true,"href":"https:\/\/tmbgy.demhub.net\/index.php?rest_route=%2Fwp%2Fv2%2Fcategories&post=612"},{"taxonomy":"post_tag","embeddable":true,"href":"https:\/\/tmbgy.demhub.net\/index.php?rest_route=%2Fwp%2Fv2%2Ftags&post=612"}],"curies":[{"name":"wp","href":"https:\/\/api.w.org\/{rel}","templated":true}]}}