{"id":608,"date":"2015-05-02T16:28:30","date_gmt":"2015-05-02T13:28:30","guid":{"rendered":"http:\/\/tmbgy.ro\/?p=608"},"modified":"2015-05-02T16:28:30","modified_gmt":"2015-05-02T13:28:30","slug":"jezus-kovetesenek-ara","status":"publish","type":"post","link":"https:\/\/tmbgy.demhub.net\/?p=608","title":{"rendered":"J\u00e9zus k\u00f6vet\u00e9s\u00e9nek \u00e1ra"},"content":{"rendered":"<p>Lk. 9:57-62<\/p>\n<p>&#8211; J\u00e9zus k\u00fcl\u00f6n\u00f6s m\u00f3don mintha le akarn\u00e1 besz\u00e9lni az \u0150t k\u00f6vetni akar\u00f3kat<br \/>\n&#8211; a gazdag ifj\u00fanak is megtal\u00e1lta a gyenge pontj\u00e1t \u00e9s nem akart azon t\u00fall\u00e9pni<br \/>\nMi van a h\u00e1rom v\u00e1lasz m\u00f6g\u00f6tt?<\/p>\n<p>1. \u201caz Emberfi\u00e1nak nincs hova fej\u00e9t lehajtania\u201d :<br \/>\n&#8211; le akarja \u00e9p\u00edteni azokat, akik csak hi\u00fas\u00e1gb\u00f3l k\u00f6vetn\u00e9k: tudta, hogy ismerik a h\u00edr\u00e9t, \u00e9s a n\u00e9p k\u00f6r\u00e9ben \u0151 a \u201cdivatos\u201d pr\u00f3f\u00e9ta, ez\u00e9rt egyesek csak az\u00e9rt is k\u00e9szek lenn\u00e9nek k\u00f6vetni, hogy ebben s\u00fctk\u00e9rezzenek<br \/>\n&#8211; le akarja \u00e9p\u00edteni az \u0151szinte, de meggondolatlan, szalmal\u00e1ng lelkesed\u0151ket<br \/>\n&#8211; J\u00e9zus vil\u00e1goss\u00e1 teszi a k\u00f6vetkezm\u00e9nyeket, nem akar hamis rekl\u00e1mot<br \/>\n&#8211; vil\u00e1goss\u00e1 akarja tenni, hogy b\u00e1r hatalma lenne r\u00e1, hogy a legk\u00e9nyelmesebb k\u00f6r\u00fclm\u00e9nyeket teremtse mag\u00e1nak (\u00e9s k\u00f6vet\u0151inek), a hatalm\u00e1t nem akarja saj\u00e1t \u00e9rdek\u00e9ben kihaszn\u00e1lni<\/p>\n<p>Nem m\u00e9zesmadzaggal, minden \u00e1ron pr\u00f3b\u00e1l k\u00f6vet\u0151ket szerezni mag\u00e1nak (m\u00e9g ha az emberek figyelemmel is k\u00eds\u00e9rt\u00e9k a pr\u00f3f\u00e9t\u00e1k n\u00e9pszer\u0171s\u00e9g\u00e9t &#8211; ld. a Bemer\u00edt\u0151 J\u00e1noshoz int\u00e9zett k\u00e9rd\u00e9st)<\/p>\n<p>Nem t\u00fal kem\u00e9ny J\u00e9zus a k\u00e9t utols\u00f3 esetben? Mi\u00e9rt nem szabad eltemetni, elb\u00facs\u00fazni?<\/p>\n<p>2. A temet\u00e9s: zsid\u00f3 szok\u00e1s szerint a gy\u00e1sznak 4 id\u0151szaka van: a temet\u00e9sig (akkoriban m\u00e1r a hal\u00e1l napj\u00e1n szoktak temetni), gy\u00e1szh\u00e9t, h\u00f3nap, \u00e9v &#8211; amikor is s\u00edrk\u00f6vet szoktak \u00e1ll\u00edtani. Ezek k\u00f6z\u00fcl melyikre \u201ck\u00e9rezett\u201d vajon a potenci\u00e1lis J\u00e9zus-k\u00f6vet\u0151? B\u00e1rmelyik id\u0151szak komoly k\u00e9s\u00e9st jelentett volna. Az is lehets\u00e9ges, hogy az apa m\u00e9g \u00e9lt, \u00e9s voltak\u00e9ppen a fia az elgondoz\u00e1s\u00e1ra gondolt<\/p>\n<p>3. A b\u00facs\u00faz\u00e1s: nem csak egy egyszer\u0171, r\u00f6vid elk\u00f6sz\u00f6n\u00e9st, hanem t\u00f6bbsz\u00f6ri, t\u00f6bb napos \u00fcnnepl\u00e9st is jelenthetett &#8211; a csal\u00e1ddal, bar\u00e1tokkal. S\u0151t, az ap\u00e1nak nagy befoly\u00e1sa volt abban, hogy mit tehet meg a fia<\/p>\n<p>Mi\u00e9rt ilyen kem\u00e9ny J\u00e9zus hozz\u00e1\u00e1ll\u00e1sa?<br \/>\n&#8211; J\u00e9zusnak nem a mennyis\u00e9g sz\u00e1m\u00edt, hanem a min\u0151s\u00e9g: az odasz\u00e1n\u00e1s, ragaszkod\u00e1s<\/p>\n<p dir=\"ltr\">&#8211; Isten az \u00d3Sz-ben is sokszor a keveseken, gyeng\u00e9ken kereszt\u00fcl mutatta meg hatalm\u00e1t (pl. Gedeon)<\/p>\n<p dir=\"ltr\">&#8211; az \u00faj gy\u00fclekezet is 12 f\u00e9l\u00e9nk tan\u00edtv\u00e1nnyal kezd\u0151d\u00f6tt<\/p>\n<p dir=\"ltr\">&#8211; ez b\u00e1tor\u00edt\u00e1s &#8211; J\u00e9zus a kicsit, keveset, gyeng\u00e9t is meg tudja \u00e1ldani, s\u0151t, \u201caz \u00e9n er\u0151m er\u0151tlens\u00e9g \u00e1ltal \u00e9r c\u00e9lhoz\u201d &#8211; nehogy az emberek maguknak tulajdon\u00edts\u00e1k a sikert<\/p>\n<p>&#8211; ha val\u00f3ban komolyan gondoljuk, akkor nem kell halogatni a J\u00e9zus k\u00f6vet\u00e9s\u00e9t &#8211; nem biztos, hogy lesz m\u00e1s alkalom<br \/>\n&#8211; ha val\u00f3ban k\u00f6vetni akarjuk J\u00e9zust, akkor m\u00e9g a csal\u00e1d se legyen ebben akad\u00e1ly<br \/>\n&#8211; szak\u00edtani kell a vil\u00e1gi \u00e9letm\u00f3ddal, kapcsolatokkal, mert \u0151k szellemileg halottak. H\u00e1ny h\u00edv\u0151 esett vissza csak az\u00e9rt, mert megtartotta a r\u00e9gi bar\u00e1ti k\u00f6r\u00e9t? (Ez nem azt jelenti, hogy egy\u00e1ltal\u00e1n nem lehet \u00e9rintkezni vel\u00fck, de nem k\u00f6vethetj\u00fck az \u0151 \u00e9letm\u00f3djukat)<\/p>\n<p>Milyen manaps\u00e1g az emberek hozz\u00e1\u00e1ll\u00e1sa?<br \/>\n&#8211; az emberek csak a sz\u00e9pet, j\u00f3t mutatj\u00e1k be magukr\u00f3l<br \/>\n&#8211; a m\u00e9rc\u00e9t az emberek szeretik mindig lejjebb ereszteni, saj\u00e1t \u00e9rdekeik miatt:<\/p>\n<p dir=\"ltr\">&#8211; a gy\u00fclekezet nagys\u00e1ga (&#8220;n\u00e1latok h\u00e1ny tag van?&#8221; &#8211; szoktuk k\u00e9rdezni) a tagok, a lelkip\u00e1sztor b\u00fcszkes\u00e9g\u00e9t n\u00f6velheti<\/p>\n<p>&#8211; t\u00f6bb tag :<\/p>\n<p>&#8211; nagyobb anyagi bev\u00e9tel<\/p>\n<p>&#8211; impoz\u00e1nsabb \u00e9p\u00fclet<\/p>\n<p>&#8211; nagyobb t\u00e1rsadalmi elismer\u00e9s (ld. a p\u00e1pa)<\/p>\n<p>&#8211; viszont, nagyobb gy\u00fclekezetben k\u00f6nnyebben elvesz\u0151dhet az egy\u00e9n, a gy\u00fclekezet szolg\u00e1ltat\u00f3v\u00e1 v\u00e1lik (egy kis vall\u00e1sos zene, sz\u00f6veg, lelkiismeret megnyugtat\u00e1sa)<br \/>\nAlkalmaz\u00e1s:<br \/>\n&#8211; nagy a gy\u00fclekezet felel\u0151ss\u00e9ge abban, hogy kit fogad tagj\u00e1v\u00e1 (nem \u00e1tt\u00e9rni, hanem megt\u00e9rni kell)<br \/>\n&#8211; ne vak\u00edtson el minden jelentkez\u0151 felett \u00e9rzett \u00f6r\u00f6m annyira, hogy ne ismertess\u00fck vel\u00fck az \u00e1rnyoldalakat is. J\u00e9zus nem \u00edg\u00e9rt sem eg\u00e9szs\u00e9get, sem gazdags\u00e1got vagy gond n\u00e9lk\u00fcli \u00e9letet k\u00f6vet\u0151inek<br \/>\n&#8211; mi milyen \u00e1ldozatot hozunk J\u00e9zus k\u00f6vet\u00e9s\u00e9\u00e9rt? Mi az, amir\u0151l j\u00f6v\u0151 h\u00e9ten k\u00e9sz vagyok lemondani az\u00e9rt, hogy komoly sz\u00e1nd\u00e9komat bizony\u00edtsam?<br \/>\nAmi nem ker\u00fcl sokba, az keveset is \u00e9r. Az\u00e9rt nincs hat\u00e1sa hit\u00fcnknek a vil\u00e1gra, mert l\u00e1tj\u00e1k, hogy nek\u00fcnk sem sokat \u00e9r .<\/p>\n","protected":false},"excerpt":{"rendered":"<p>Lk. 9:57-62 &#8211; J\u00e9zus k\u00fcl\u00f6n\u00f6s m\u00f3don mintha le akarn\u00e1 besz\u00e9lni az \u0150t k\u00f6vetni akar\u00f3kat &#8211; a gazdag ifj\u00fanak is megtal\u00e1lta a gyenge pontj\u00e1t \u00e9s nem akart azon t\u00fall\u00e9pni Mi van a h\u00e1rom v\u00e1lasz m\u00f6g\u00f6tt? 1. \u201caz Emberfi\u00e1nak nincs hova fej\u00e9t lehajtania\u201d : &#8211; le akarja \u00e9p\u00edteni azokat, akik csak hi\u00fas\u00e1gb\u00f3l k\u00f6vetn\u00e9k: tudta, hogy ismerik a&#8230;<\/p>\n","protected":false},"author":3,"featured_media":0,"comment_status":"closed","ping_status":"closed","sticky":false,"template":"","format":"standard","meta":{"_kad_post_transparent":"","_kad_post_title":"","_kad_post_layout":"","_kad_post_sidebar_id":"","_kad_post_content_style":"","_kad_post_vertical_padding":"","_kad_post_feature":"","_kad_post_feature_position":"","_kad_post_header":false,"_kad_post_footer":false,"_kad_post_classname":"","footnotes":""},"categories":[3],"tags":[],"class_list":["post-608","post","type-post","status-publish","format-standard","hentry","category-hitmelyito-tanulmanyok"],"_links":{"self":[{"href":"https:\/\/tmbgy.demhub.net\/index.php?rest_route=\/wp\/v2\/posts\/608","targetHints":{"allow":["GET"]}}],"collection":[{"href":"https:\/\/tmbgy.demhub.net\/index.php?rest_route=\/wp\/v2\/posts"}],"about":[{"href":"https:\/\/tmbgy.demhub.net\/index.php?rest_route=\/wp\/v2\/types\/post"}],"author":[{"embeddable":true,"href":"https:\/\/tmbgy.demhub.net\/index.php?rest_route=\/wp\/v2\/users\/3"}],"replies":[{"embeddable":true,"href":"https:\/\/tmbgy.demhub.net\/index.php?rest_route=%2Fwp%2Fv2%2Fcomments&post=608"}],"version-history":[{"count":0,"href":"https:\/\/tmbgy.demhub.net\/index.php?rest_route=\/wp\/v2\/posts\/608\/revisions"}],"wp:attachment":[{"href":"https:\/\/tmbgy.demhub.net\/index.php?rest_route=%2Fwp%2Fv2%2Fmedia&parent=608"}],"wp:term":[{"taxonomy":"category","embeddable":true,"href":"https:\/\/tmbgy.demhub.net\/index.php?rest_route=%2Fwp%2Fv2%2Fcategories&post=608"},{"taxonomy":"post_tag","embeddable":true,"href":"https:\/\/tmbgy.demhub.net\/index.php?rest_route=%2Fwp%2Fv2%2Ftags&post=608"}],"curies":[{"name":"wp","href":"https:\/\/api.w.org\/{rel}","templated":true}]}}