{"id":605,"date":"2015-05-02T16:02:31","date_gmt":"2015-05-02T13:02:31","guid":{"rendered":"http:\/\/tmbgy.ro\/?p=605"},"modified":"2015-05-02T16:02:31","modified_gmt":"2015-05-02T13:02:31","slug":"ujat-kezdeni-de-hogyan","status":"publish","type":"post","link":"https:\/\/tmbgy.demhub.net\/?p=605","title":{"rendered":"\u00dajat kezdeni &#8211; de hogyan?"},"content":{"rendered":"<p>Sokszor elhangzik ez az elhat\u00e1roz\u00e1s, de az id\u0151 m\u00fal\u00e1sa sokszor azt mutatja, hogy az \u00faj ugyanaz, mint a r\u00e9gi.<br \/>\nGondolkozt\u00e1l, mi\u00e9rt?<br \/>\nAz emberek sokszor meghozz\u00e1k ezt a d\u00f6nt\u00e9st. Tal\u00e1n is megtett\u00fck, lehet nem is egyszer, de val\u00f3ban meg\u00fajult-e az \u00e9let\u00fcnk?<\/p>\n<p>Mi az igazi meg\u00fajul\u00e1s \u00e9s annak a titka?<\/p>\n<p>Mikor meg\u00fajul\u00e1sra gondolunk, \u00fajat akarunk kezdeni, akkor m\u00e1r el van ismerve, hogy a r\u00e9gi nem a legjobb volt, vagy tal\u00e1n nagyon rossz volt, ez\u00e9rt kell az \u00faj, akarunk v\u00e1ltoztatni.<br \/>\nM\u00e9gis, ha nem j\u00f3l kezd\u00fcnk hozz\u00e1, az eredm\u00e9ny ugyanaz mint az el\u0151z\u0151, a r\u00e9gi.<\/p>\n<p>Mi a meg\u00fajul\u00e1s mechanizmusa, hogyan j\u00f6n az l\u00e9tre?<br \/>\nA meg\u00fajul\u00e1s egy tudatos cselekedet, folyamat, de az eredm\u00e9ny att\u00f3l f\u00fcgg ki ir\u00e1ny\u00edtja azt, milyen a m\u00e9rt\u00e9k amihez igazodik a meg\u00fajul\u00f3 szem\u00e9ly.<\/p>\n<p>A Biblia szerint az ember \u00e9lete a sz\u00edv\u00e9ben, elm\u00e9j\u00e9ben lak\u00f3 szellem szerint zajlik, cselekedetei, \u00e9let\u00e9nek gy\u00fcm\u00f6lcsei is a benne l\u00e9v\u0151 szellem gy\u00fcm\u00f6lcse.<br \/>\nOlvasd csak el figyelmesen Galat\u00e1khoz irt 5. r\u00e9szt.<\/p>\n<p>\u00c9ppen \u00edgy a meg\u00fajul\u00e1s is az emberben lak\u00f3 szellem szerint t\u00f6rt\u00e9nik, a felh\u00edv\u00e1s is \u00edgy sz\u00f3l:<br \/>\n<i>Ef 4,23<\/i> Meg\u00fajuljatok pedig a ti elm\u00e9teknek szelleme szerint,<br \/>\nMondd, milyen szellem lakik benned? Olyan lesz az \u00faj is, amit kezdesz.<br \/>\nLehet a Szent Szellemnek engedelmeskedni, aki minden \u00fajj\u00e1sz\u00fcletett emberben ott lakik, engedni azt, hogy az \u00faj \u0150 szerinte legyen, vagy egy m\u00e1s, idegen szellemnek engedni \u00e1t a vezet\u00e9st.<br \/>\nTe hogyan akarod? Vagy milyen szellem lakik benned? Ki uralja \u00e9leted?<\/p>\n<p>Ha m\u00e9g nem nyitottad meg sz\u00edved, \u00e9leted J\u00e9zus Krisztus el\u0151tt, hi\u00e1ba neveznek kereszty\u00e9nnek. Akkor nem \u0150, nem a Szent Szellem lakik benned, s az \u00faj is olyan lesz mint a r\u00e9gi volt, vagy m\u00e9g rosszabb.<\/p>\n<p>A megold\u00e1s ez: m\u00e9g ma tudatos d\u00f6nt\u00e9seket hozol:<\/p>\n<ul>\n<li>befogadod J\u00e9zus Krisztust \u00e9leted ur\u00e1nak,<\/li>\n<li>\u00e1tadod neki \u00e9leted \u00fagy ahogy van,<\/li>\n<li>elfogadod az \u0150 \u00e9retted hozott \u00e1ldozat\u00e1t, az \u0150 v\u00e9re lemossa b\u0171neidet,<\/li>\n<\/ul>\n<p>\u00edgy a r\u00e9ginek nincs t\u00f6bb\u00e9 hatalma rajtad \u00e9s tudsz val\u00f3di \u00fajat kezdeni, mert aki az \u00fajat munk\u00e1lja benned, a Szent Szellem,\u00a0 lakoz\u00e1st vesz benned.<\/p>\n<p>Ha valamikor megt\u00f6rt\u00e9nt ez \u00e9letedben, de lassan visszaj\u00f6tt a r\u00e9gi,<\/p>\n<ul>\n<li>sz\u00e1nd oda \u00fajb\u00f3l \u00e9leted n\u00e9ki, add \u00e1t amit lassan vissza vett\u00e9l,<\/li>\n<li>legyen \u0150 teljesen \u00dar az \u00e9letedben,<\/li>\n<\/ul>\n<p>\u00edgy tudsz \u00fajat kezdeni, a benned lakoz\u00f3 Szellem szerint.<br \/>\n<strong>Eg\u00e9szen m\u00e1s lesz ez az \u00faj, m\u00e1s lesz az \u00e9leted, \u00e9s l\u00e1tni fogod, hogy meg\u00e9rte.<\/strong><\/p>\n","protected":false},"excerpt":{"rendered":"<p>Sokszor elhangzik ez az elhat\u00e1roz\u00e1s, de az id\u0151 m\u00fal\u00e1sa sokszor azt mutatja, hogy az \u00faj ugyanaz, mint a r\u00e9gi. Gondolkozt\u00e1l, mi\u00e9rt? Az emberek sokszor meghozz\u00e1k ezt a d\u00f6nt\u00e9st. Tal\u00e1n is megtett\u00fck, lehet nem is egyszer, de val\u00f3ban meg\u00fajult-e az \u00e9let\u00fcnk? Mi az igazi meg\u00fajul\u00e1s \u00e9s annak a titka? Mikor meg\u00fajul\u00e1sra gondolunk, \u00fajat akarunk kezdeni, akkor&#8230;<\/p>\n","protected":false},"author":2,"featured_media":0,"comment_status":"closed","ping_status":"closed","sticky":false,"template":"","format":"standard","meta":{"_kad_post_transparent":"","_kad_post_title":"","_kad_post_layout":"","_kad_post_sidebar_id":"","_kad_post_content_style":"","_kad_post_vertical_padding":"","_kad_post_feature":"","_kad_post_feature_position":"","_kad_post_header":false,"_kad_post_footer":false,"_kad_post_classname":"","footnotes":""},"categories":[3],"tags":[91,126],"class_list":["post-605","post","type-post","status-publish","format-standard","hentry","category-hitmelyito-tanulmanyok","tag-megujulas","tag-uj"],"_links":{"self":[{"href":"https:\/\/tmbgy.demhub.net\/index.php?rest_route=\/wp\/v2\/posts\/605","targetHints":{"allow":["GET"]}}],"collection":[{"href":"https:\/\/tmbgy.demhub.net\/index.php?rest_route=\/wp\/v2\/posts"}],"about":[{"href":"https:\/\/tmbgy.demhub.net\/index.php?rest_route=\/wp\/v2\/types\/post"}],"author":[{"embeddable":true,"href":"https:\/\/tmbgy.demhub.net\/index.php?rest_route=\/wp\/v2\/users\/2"}],"replies":[{"embeddable":true,"href":"https:\/\/tmbgy.demhub.net\/index.php?rest_route=%2Fwp%2Fv2%2Fcomments&post=605"}],"version-history":[{"count":0,"href":"https:\/\/tmbgy.demhub.net\/index.php?rest_route=\/wp\/v2\/posts\/605\/revisions"}],"wp:attachment":[{"href":"https:\/\/tmbgy.demhub.net\/index.php?rest_route=%2Fwp%2Fv2%2Fmedia&parent=605"}],"wp:term":[{"taxonomy":"category","embeddable":true,"href":"https:\/\/tmbgy.demhub.net\/index.php?rest_route=%2Fwp%2Fv2%2Fcategories&post=605"},{"taxonomy":"post_tag","embeddable":true,"href":"https:\/\/tmbgy.demhub.net\/index.php?rest_route=%2Fwp%2Fv2%2Ftags&post=605"}],"curies":[{"name":"wp","href":"https:\/\/api.w.org\/{rel}","templated":true}]}}