{"id":603,"date":"2015-05-02T15:56:52","date_gmt":"2015-05-02T12:56:52","guid":{"rendered":"http:\/\/tmbgy.ro\/?p=603"},"modified":"2015-05-02T15:56:52","modified_gmt":"2015-05-02T12:56:52","slug":"alapelvek-amelyek-eletunk-hatarozzak-meg","status":"publish","type":"post","link":"https:\/\/tmbgy.demhub.net\/?p=603","title":{"rendered":"Alapelvek amelyek \u00e9let\u00fcnk hat\u00e1rozz\u00e1k meg"},"content":{"rendered":"<p>2 Kr\u00f3n 24,1-24<\/p>\n<p>A Kir\u00e1lyok \u00e9s a Kr\u00f3nik\u00e1k k\u00f6nyve t\u00f6rt\u00e9nelmi k\u00f6nyvek, le\u00edrj\u00e1k azokat az esem\u00e9nyeket amelyek Isten n\u00e9p\u00e9nek az \u00e9let\u00e9ben megt\u00f6rt\u00e9ntek, esem\u00e9nyek amelyek v\u00e9g\u00fcl meghat\u00e1rozt\u00e1k a sorsukat. Ezekre azt mondja Isten hogy meg\u00edrattak a mi tanuls\u00e1gunkra.<\/p>\n<p>Ami k\u00fcl\u00f6n\u00f6s m\u00f3don foglalkoztatott az hogy mi az aktu\u00e1lis \u00fczenet ebben a felolvasott igeszakaszban,\u00a0 az hogy olyan tan\u00edt\u00e1sokat tal\u00e1lunk benne &#8211; (mondhatjuk \u00fagy is alapelveket) amelyek nem v\u00e1ltoztak, ma is \u00e9rv\u00e9nyesek:<\/p>\n<ol>\n<li>ameddig j\u00f3 volt a tan\u00edt\u00f3, a vezet\u0151, J\u00f3\u00e1snak \u00e9s a n\u00e9pnek, az \u00e9let\u00fck j\u00f3 ir\u00e1nyba haladt,<\/li>\n<li>ha valaki nem v\u00e9gzi el megb\u00edzat\u00e1s\u00e1t, egy id\u0151 ut\u00e1n elv\u00e9tetik t\u0151le a lehet\u0151s\u00e9g, hogy azt elv\u00e9gezhesse,<\/li>\n<li>Isten nem k\u00f6t kompromisszumot, semmilyen t\u00e9ren.<\/li>\n<\/ol>\n<p><b>1. <\/b>J\u00f3\u00e1st, J\u00f3jada pap (a feles\u00e9ge) mentette meg, a saj\u00e1t h\u00e1z\u00e1ban rejtette el akkor mikor Ath\u00e1lia a kir\u00e1lyi csal\u00e1dot kiirtotta, \u00e9s \u0151 (J\u00f3jada) tette kir\u00e1lly\u00e1 mikor alkalmasnak l\u00e1tta az id\u0151t.<\/p>\n<ul>\n<li>M\u00e9g t\u00f6bb, \u0151 nevelte, tan\u00edtotta, \u00e9s mikor kir\u00e1ly lett \u0151 tan\u00e1csolta.<\/li>\n<li>Gondoljuk csak el, 7 \u00e9vesen kir\u00e1lynak lenni, ott kellett valakinek a h\u00e1tt\u00e9rben lenni.<\/li>\n<\/ul>\n<p><b>A tan\u00edt\u00e1snak, a tan\u00e1csad\u00e1snak,<\/b> de k\u00fcl\u00f6n\u00f6sen a <b>szem\u00e9lyes p\u00e9ld\u00e1nak<\/b> nagy hat\u00e1sa van, az emberekre.<\/p>\n<ul>\n<li>Ez l\u00e1tszik ebben az esetben is, mondhatjuk azt hogy am\u00edg \u00e9lt J\u00f3jada pap, addig \u0151 vezette a kir\u00e1lyt. Mikor \u0151 meghalt, m\u00e1s vette \u00e1t a hely\u00e9t, a f\u0151 emberek, akik a kir\u00e1lynak h\u00edzelegtek. 17-18v<\/li>\n<\/ul>\n<p>&#8211; Egy megjegyz\u00e9s itt: <b>az ember azt gondolja, hogy f\u00fcggetlen,<\/b> azt tesz amit akar. Sajnos ezt a szabads\u00e1got elvesz\u00edtette, nem azt tesz amit akar, \u00a8aki a b\u0171nt cselekszi szolg\u00e1ja a b\u0171nnek\u00a8 mondja az ige, \u00e9s az ember ezt v\u00e1lasztotta a b\u0171nesetkor.<\/p>\n<p>Isten felk\u00edn\u00e1lja az embernek, m\u00e9gis azt a lehet\u0151s\u00e9get, hogy v\u00e1lasszon kinek akar szolg\u00e1lni, val\u00f3j\u00e1ban <b>csak k\u00e9t lehet\u0151s\u00e9ge van:<\/b> Istennek, vagy a b\u0171nnek, nevezhetj\u00fck ezt a m\u00e1sodik lehet\u0151s\u00e9get: \u00a8a S\u00e1t\u00e1nnak\u00a8, \u00a8saj\u00e1t mag\u00e1nak\u00a8, \u00a8senkinek\u00a8, vagy ak\u00e1rhogy m\u00e1sk\u00e9pp, a helyzet nem v\u00e1ltozik.<\/p>\n<p>Szeretn\u00e9m feltenni neked a k\u00e9rd\u00e9st: t\u00e9ged ki vezet? Olyan hogy senki, nincs!<\/p>\n<p>Te kinek szolg\u00e1lsz? Olyan hogy senkinek, vagy saj\u00e1t magadnak nincs!<\/p>\n<ul>\n<li>Valaki p\u00e9ld\u00e1t mutat neked, \u00e9s te k\u00f6veted, valaki tan\u00e1csol \u00e9s te k\u00f6veted, m\u00e9g akkor is ha nem ismered fel, valakire feln\u00e9zel, ki az?<\/li>\n<\/ul>\n<p>A tan\u00edtv\u00e1nyok \u00e9let\u00e9ben is \u00edgy volt ez:<\/p>\n<p align=\"LEFT\"><b>Lk 9:55 <\/b>De J\u00e9zus megfordulv\u00e1n, megdorg\u00e1l\u00e1 \u0151ket, mondv\u00e1n: Nem tudj\u00e1tok min\u00e9m\u0171 l\u00e9lek van ti bennetek:<\/p>\n<p align=\"LEFT\">(helyesebben min\u00e9m\u0171 szellem van bennetek), teh\u00e1t ez tan\u00e1csolta \u0151ket, vezette \u00e9s ha nem lett volna ott az \u00dar J\u00e9zus, e tan\u00e1cs szerint tettek volna.<\/p>\n<ul>\n<li>\n<p align=\"LEFT\">Benn\u00fcnket is vezet valamilyen szellem, aki benn\u00fcnk lakik, minden emberi tan\u00e1cson k\u00edv\u00fcl, v\u00e9g\u00fcl a benn\u00fcnk lak\u00f3 szellem szerint d\u00f6nt\u00fcnk. Milyenek a te d\u00f6nt\u00e9seid? Ez el\u00e1rulja ki lakik benned.<\/p>\n<\/li>\n<\/ul>\n<p align=\"LEFT\">Vagy: Felismered te a benned lak\u00f3 szellem hangj\u00e1t, a Szent Szellem hangj\u00e1t, mikor tan\u00edt, tan\u00e1csol, vezet?<\/p>\n<p align=\"LEFT\"><b>Gyakorlati m\u00f3don:<\/b> mi emberek \u00e9l\u0151 lelkek vagyunk, van szem\u00e9lyis\u00e9g\u00fcnk, van gondolkoz\u00f3 k\u00e9pess\u00e9g\u00fcnk, hat\u00e1roz\u00f3, d\u00f6nt\u0151 k\u00e9pess\u00e9g\u00fcnk, van \u00e9rz\u0151 k\u00e9pess\u00e9g\u00fcnk. Amikor valamit k\u00e9sz\u00fcl\u00fcnk megtenni, \u00f6sszevetj\u00fck ismereteinket, \u00e9rz\u00e9seinket, a tan\u00e1csokat amiket kaptunk, vagy a vezet\u00e9st \u00e9s \u00edgy cseleksz\u00fcnk.<\/p>\n<ul>\n<li>\n<p align=\"LEFT\">Isten minden gyermek\u00e9ben, minden h\u00edv\u0151ben, <b>ott lakik<\/b> Isten Szent Szelleme, aki tan\u00e1csol, vezet, minden mi k\u00e9pess\u00e9g\u00fcnk felett.<\/p>\n<\/li>\n<li>\n<p align=\"LEFT\"><b>Mi d\u00f6ntj\u00fck el v\u00e9g\u00fcl,<\/b> mit tesz\u00fcnk. Itt m\u00e9g csak annyi megjegyz\u00e9s, hogy minden amit Isten tan\u00e1csol, mond, nem egyszer\u0171 tan\u00e1cs, olyan mint amit emberekt\u0151l kapunk, hanem parancsolat!<\/p>\n<\/li>\n<\/ul>\n<p><b>2. Ha valaki nem v\u00e9gzi el az \u00dart\u00f3l kapott megb\u00edzat\u00e1s\u00e1t,<\/b> kiesik a tiszts\u00e9g\u00e9b\u0151l, elv\u00e9tetik t\u0151le a megb\u00edzat\u00e1s, a kiv\u00e1lts\u00e1g;<\/p>\n<ul>\n<li>ezt l\u00e1thatjuk a papokkal kapcsolatosan is. (olvassuk el a p\u00e1rhuzamos igehelyet):<\/li>\n<\/ul>\n<p><b>2Kir 12:7-8 <\/b>El\u0151h\u00edvatta Jo\u00e1s kir\u00e1ly J\u00f3jada papot a t\u00f6bbi papokkal egy\u00fctt, \u00e9s monda n\u00e9kik: Mi\u00e9rt nem \u00e9p\u00edtitek meg az \u00dar h\u00e1z\u00e1nak roml\u00e1sait? Ezut\u00e1n ne vegy\u00e9tek a p\u00e9nzt magatokhoz a ti ismer\u0151seitekt\u0151l, hanem az \u00dar h\u00e1za roml\u00e1sainak \u00e9p\u00edt\u00e9s\u00e9re adj\u00e1tok azt.<\/p>\n<p align=\"LEFT\">\u00c9s a papok beleegyeztek, hogy t\u00f6bb\u00e9 semmi p\u00e9nzt nem vesznek el a n\u00e9pt\u0151l, \u00e9s nem jav\u00edtj\u00e1k ki a h\u00e1z roml\u00e1sait.<\/p>\n<ul>\n<li>\n<p align=\"LEFT\">El\u0151sz\u00f6r \u0151k voltak megb\u00edzva a templom jav\u00edt\u00e1s\u00e1val, a p\u00e9nzt elvett\u00e9k, de nem jav\u00edtott\u00e1k ki a templomot, ez\u00e9rt elv\u00e9tetett t\u0151l\u00fck ez a lehet\u0151s\u00e9g,<\/p>\n<\/li>\n<li>\n<p align=\"LEFT\">\u00edgy t\u00f6rt\u00e9nik ez vel\u00fcnk is, ha nem tessz\u00fck meg azt, amivel megb\u00edzatunk; &#8211; elvesz\u00edtj\u00fck a lehet\u0151s\u00e9geinket, elvesz\u00edtj\u00fck a gy\u00fcm\u00f6lcsterm\u00e9s lehet\u0151s\u00e9g\u00e9t, \u2026<\/p>\n<\/li>\n<li>\n<p align=\"LEFT\">de ami a legs\u00falyosabb, az hogy a megt\u00e9r\u00e9s lehet\u0151s\u00e9ge is ideiglenes, ha valaki nem \u00e9l vele, elv\u00e9tetik egyszer t\u0151le. Ezt nem szabad halogatni, de a t\u00f6bbi tennival\u00f3t sem.<\/p>\n<\/li>\n<\/ul>\n<p align=\"LEFT\"><b>3. <\/b><b>Isten nem k\u00f6t kompromisszumot<\/b>, nem lehet vele megalkudni, f\u00e9l igazs\u00e1gokkal megel\u00e9g\u00edteni, \u0150 nem egyezik bele a b\u0171nbe, nem v\u00e1llal vele k\u00f6z\u00f6ss\u00e9get, megb\u00fcnteti azt.<\/p>\n<p>Hogy volt ez a n\u00e9p \u00e9let\u00e9ben?<\/p>\n<p align=\"LEFT\"><b>2Kir 12:3 <\/b>Azonban a magaslatok olt\u00e1rai nem rontattak le, a n\u00e9p m\u00e9g mindig ott \u00e1ldozott \u00e9s t\u00f6mj\u00e9nezett a magaslatok olt\u00e1rain.<\/p>\n<p align=\"LEFT\">Pedig Isten<b> <\/b>megtiltotta n\u00e9p\u00e9nek a magaslatokon val\u00f3 \u00e1ldoz\u00e1st,<\/p>\n<ul>\n<li>a n\u00e9p kompromisszumot k\u00f6t\u00f6tt, &#8211; itt is, ott is.<\/li>\n<li>V\u00e9g\u00fcl elhanyagolt\u00e1k az \u00dar h\u00e1z\u00e1t, az Istennek j\u00e1r\u00f3 r\u00e9szt sem adt\u00e1k meg, beigazol\u00f3dott az ige: \u00a8k\u00e9t \u00farnak szolg\u00e1lni nem lehet\u00a8<\/li>\n<li>nem hallgattak, m\u00e9g a figyelmeztet\u0151 besz\u00e9dre sem, az igehirdet\u00e9sre, \u00e1ldoztak a magaslatokon, <b>teh\u00e1t ahogy nekik tetszett,<\/b><\/li>\n<li>ennek komoly, m\u00e9lyrehat\u00f3 k\u00f6vetkezm\u00e9nyei voltak<\/li>\n<\/ul>\n<ul>\n<li>a n\u00e9p m\u00e1r akkor is k\u00f6t\u00f6tt kompromisszumot, megalkudott, amikor meghagyta ott azokat a n\u00e9peket akikr\u0151l Isten azt mondta, hogy nem kell ott maradjanak, &#8211; itt \u00fajb\u00f3l ezt l\u00e1tjuk.<\/li>\n<li>Mintha egyik kompromisszumb\u00f3l a m\u00e1sikba mentek (estek) volna, \u00e9s <b>ez egy t\u00f6rv\u00e9nyszer\u0171s\u00e9g<\/b>: egyszer kell megalkudni, kompromisszumot k\u00f6tni, a t\u00f6bbi mag\u00e1t\u00f3l j\u00f6n ut\u00e1na, \u00e9ppen mint a b\u0171n.<\/li>\n<\/ul>\n<p>Isten nem egyezett ebbe bele, ha egy ideig t\u0171rte is, de a v\u00e1lasz v\u00e9g\u00fcl megj\u00f6tt;Mi milyen kompromisszumokat k\u00f6t\u00fcnk? Mit adunk fel? Mir\u0151l mondunk le, vagy mir\u0151l nem mondunk le Krisztus\u00e9rt? Tal\u00e1n \u00e9ppen \u00fagy tesz\u00fcnk mi is mint J\u00fada n\u00e9pe?<\/p>\n<p>Ne csod\u00e1lkozz\u00e1l, ha kompromisszum van \u00e9letedben, lehet csak v\u00e1ls\u00e1gos pillanatokban \u00e9bredsz r\u00e1, tal\u00e1n k\u00e9rdezed: Hogy tudtam \u00edgy tenni? De ez valahol elkezd\u0151d\u00f6tt, valahol megalkudt\u00e1l, helyet adt\u00e1l a b\u0171nnek, <b>t\u00e9rj vissza, t\u00e9rj meg, ott kell rendezni.<\/b><\/p>\n<p>Hogyan szolg\u00e1lunk Istennek? Ut\u00e1nozzuk a vil\u00e1got?<\/p>\n<ul>\n<li>A vil\u00e1g kimagasl\u00f3 m\u00f3dszereit alkalmazzuk mi is? A szem\u00e9lyes \u00e9letben, vagy ak\u00e1r az Istentisztelet ter\u00fclet\u00e9n, a dics\u0151\u00edt\u00e9s ter\u00fclet\u00e9n, az \u00e9nekl\u00e9s ter\u00fclet\u00e9n (- a l\u00e9vit\u00e1k \u00e9nekesek is voltak,)<\/li>\n<\/ul>\n<p>Mi hogyan szolg\u00e1lunk ezeken a ter\u00fcleteken? Nem vegy\u00edtj\u00fck-e mi is szolg\u00e1latunkat vil\u00e1gi elemekkel, vil\u00e1gi m\u00f3dszerekkel? Nem ut\u00e1nozzuk a vil\u00e1got?<\/p>\n<ul>\n<li>Nem v\u00e9gezz\u00fck-e a dics\u0151\u00edt\u00e9s szolg\u00e1lat\u00e1t, a vil\u00e1g magaslatain j\u00e1rva? Ut\u00e1nozva a vil\u00e1g sz\u00ednpadain l\u00e1tott st\u00edlust, megjelen\u00e9st, m\u00f3dszereket, gondolva Isten elfogadja ezt? Pedig csak az a fontos: mi \u00e9rezz\u00fck j\u00f3l magunk \u2026?<\/li>\n<\/ul>\n<p>J\u00f3\u00e1s nem gondolt bele, mi lesz ennek a k\u00f6vetkezm\u00e9nye,<\/p>\n<ul>\n<li>A pusztul\u00e1s, amit nem v\u00e1rt, amire nem gondolt megj\u00f6tt, &#8216;b\u00e1r kev\u00e9s emberrel \u2026&#8217; lett megt\u00e1madva, veress\u00e9get szenvedett,<\/li>\n<li>Nem lett a kir\u00e1lyi s\u00edrba temetve, nem m\u00e9ltatt\u00e1k erre,<\/li>\n<li>de volt m\u00e1r egy m\u00e1sik kir\u00e1ly is, az \u0151 nagyapja, aki \u00edgy j\u00e1rt, nem kapott m\u00e9g r\u00e9szv\u00e9tet sem, amikor meghalt, \u00e9s \u0151t sem temett\u00e9k a kir\u00e1lyi s\u00edrboltba, \u0151t sem m\u00e9ltatt\u00e1k erre.<\/li>\n<\/ul>\n<p>Ezzel ellent\u00e9tben, a parancsolat megtart\u00e1sa, a rend helyre\u00e1ll\u00edt\u00e1sa m\u00e1sokra is kihatott:<\/p>\n<p><b>2Kr\u00f3n 24:10 <\/b>Akkor a vez\u00e9rek mindny\u00e1jan \u00e9s az eg\u00e9sz n\u00e9p <b>\u00f6r\u00f6mmel<\/b> viv\u00e9k az \u0151 aj\u00e1nd\u00e9kaikat \u00e9s vet\u00e9k a l\u00e1d\u00e1ba, m\u00edg megtel\u00e9k.<\/p>\n<ul>\n<li>\n<p align=\"LEFT\">\u00cdgy van ez ma is, a kompromisszum mentes \u00e9let, a h\u0171s\u00e9ges szolg\u00e1lat, m\u00e1sokat is meger\u0151s\u00edt, \u00f6r\u00f6met kelt, \u00e9s buzd\u00edt\u00f3lag hat m\u00e1sokra is. Ilyen a te \u00e9leted?<\/p>\n<\/li>\n<\/ul>\n<p>A kompromisszumoknak viszont ma is komoly k\u00f6vetkezm\u00e9nyei lesznek, itt a f\u00f6ld\u00f6n \u00e9s az \u00f6r\u00f6kk\u00e9val\u00f3s\u00e1gban is, <b>Isten nem v\u00e1ltozott.<\/b> <b><\/b><\/p>\n<p><b>A szomor\u00fa v\u00e9get elker\u00fclni<\/b> csak \u00fagy lehet ha j\u00f3 vezet\u0151nk, j\u00f3 tan\u00e1csad\u00f3nk lesz,<\/p>\n<ul>\n<li>a Szentszellem,<\/li>\n<li>az ige,<\/li>\n<li>a testv\u00e9ri k\u00f6z\u00f6ss\u00e9g,\n<ul>\n<li>\u00e9s mi engedelmesked\u00fcnk Neki.<\/li>\n<\/ul>\n<\/li>\n<\/ul>\n<p>Tanuljuk meg ezt ebb\u0151l az ig\u00e9b\u0151l.<\/p>\n","protected":false},"excerpt":{"rendered":"<p>2 Kr\u00f3n 24,1-24 A Kir\u00e1lyok \u00e9s a Kr\u00f3nik\u00e1k k\u00f6nyve t\u00f6rt\u00e9nelmi k\u00f6nyvek, le\u00edrj\u00e1k azokat az esem\u00e9nyeket amelyek Isten n\u00e9p\u00e9nek az \u00e9let\u00e9ben megt\u00f6rt\u00e9ntek, esem\u00e9nyek amelyek v\u00e9g\u00fcl meghat\u00e1rozt\u00e1k a sorsukat. Ezekre azt mondja Isten hogy meg\u00edrattak a mi tanuls\u00e1gunkra. Ami k\u00fcl\u00f6n\u00f6s m\u00f3don foglalkoztatott az hogy mi az aktu\u00e1lis \u00fczenet ebben a felolvasott igeszakaszban,\u00a0 az hogy olyan tan\u00edt\u00e1sokat tal\u00e1lunk&#8230;<\/p>\n","protected":false},"author":2,"featured_media":0,"comment_status":"closed","ping_status":"closed","sticky":false,"template":"","format":"standard","meta":{"_kad_post_transparent":"","_kad_post_title":"","_kad_post_layout":"","_kad_post_sidebar_id":"","_kad_post_content_style":"","_kad_post_vertical_padding":"","_kad_post_feature":"","_kad_post_feature_position":"","_kad_post_header":false,"_kad_post_footer":false,"_kad_post_classname":"","footnotes":""},"categories":[3],"tags":[34,79,85,109,118,119],"class_list":["post-603","post","type-post","status-publish","format-standard","hentry","category-hitmelyito-tanulmanyok","tag-fuggetlen","tag-kompromiszum","tag-megbizatas","tag-pelda","tag-tanacs","tag-tanito"],"_links":{"self":[{"href":"https:\/\/tmbgy.demhub.net\/index.php?rest_route=\/wp\/v2\/posts\/603","targetHints":{"allow":["GET"]}}],"collection":[{"href":"https:\/\/tmbgy.demhub.net\/index.php?rest_route=\/wp\/v2\/posts"}],"about":[{"href":"https:\/\/tmbgy.demhub.net\/index.php?rest_route=\/wp\/v2\/types\/post"}],"author":[{"embeddable":true,"href":"https:\/\/tmbgy.demhub.net\/index.php?rest_route=\/wp\/v2\/users\/2"}],"replies":[{"embeddable":true,"href":"https:\/\/tmbgy.demhub.net\/index.php?rest_route=%2Fwp%2Fv2%2Fcomments&post=603"}],"version-history":[{"count":0,"href":"https:\/\/tmbgy.demhub.net\/index.php?rest_route=\/wp\/v2\/posts\/603\/revisions"}],"wp:attachment":[{"href":"https:\/\/tmbgy.demhub.net\/index.php?rest_route=%2Fwp%2Fv2%2Fmedia&parent=603"}],"wp:term":[{"taxonomy":"category","embeddable":true,"href":"https:\/\/tmbgy.demhub.net\/index.php?rest_route=%2Fwp%2Fv2%2Fcategories&post=603"},{"taxonomy":"post_tag","embeddable":true,"href":"https:\/\/tmbgy.demhub.net\/index.php?rest_route=%2Fwp%2Fv2%2Ftags&post=603"}],"curies":[{"name":"wp","href":"https:\/\/api.w.org\/{rel}","templated":true}]}}