{"id":602,"date":"2015-05-02T15:32:53","date_gmt":"2015-05-02T12:32:53","guid":{"rendered":"http:\/\/tmbgy.ro\/?p=602"},"modified":"2015-05-02T15:32:53","modified_gmt":"2015-05-02T12:32:53","slug":"szolgalunk-vagy-szorakozunk","status":"publish","type":"post","link":"https:\/\/tmbgy.demhub.net\/?p=602","title":{"rendered":"Szolg\u00e1lunk vagy sz\u00f3rakozunk?"},"content":{"rendered":"<p><span style=\"font-size: 14pt;\">C.H. Spurgeon (1832-1892)<\/span><\/p>\n<p><span style=\"font-size: 14pt;\">Egy m\u00e9tely kezdett besziv\u00e1rogni a hitvall\u00f3 kereszt\u00e9nyek soraiba, m\u00e9ghozz\u00e1 olyan hallatlanul durva m\u00f3don, hogy ezt m\u00e9g a legr\u00f6vidl\u00e1t\u00f3bbaknak is \u00e9szre kell venni\u00fck. Az ut\u00f3bbi \u00e9vek sor\u00e1n sz\u00e9lsebesen terjed el, amint a kov\u00e1sz hat\u00e1s\u00e1ra az eg\u00e9sz t\u00e9szta az utols\u00f3 r\u00e9sz\u00e9ig kov\u00e1szoss\u00e1 v\u00e1lik. A S\u00e1t\u00e1n ritk\u00e1n szedi r\u00e1 ravaszabbul a gy\u00fclekezeteket, mint azzal, hogy a megb\u00edz\u00e1suk: sz\u00f3rakoz\u00e1st felk\u00edn\u00e1lni az embereknek azok megnyer\u00e9se c\u00e9lj\u00e1b\u00f3l. Az egyh\u00e1z bizonys\u00e1gai egyre ink\u00e1bb ellaposodtak. A purit\u00e1nok m\u00e9g kerekebben fogalmaztak. Az emberek \u00e9rdektelenek lettek, \u00e9s a vil\u00e1gi befoly\u00e1sokat nem vett\u00e9k m\u00e1r oly tragikusan. Nemsok\u00e1ra ezeket a gy\u00fclekezetek perem\u00e9n toler\u00e1lni kezdt\u00e9k. Ma m\u00e1r hivatalosan alkalmazz\u00e1k, \u00fagy \u00e9rvelve, hogy \u00edgy nagyobb t\u00f6megeket \u00e9rhetnek el.<\/span><\/p>\n<p><span style=\"font-size: 14pt;\">Ellenvet\u00e9sk\u00e9nt el\u0151sz\u00f6r is: az \u00cdr\u00e1sb\u00f3l sehol sem olvashat\u00f3 ki, hogy a kereszty\u00e9n k\u00f6z\u00f6ss\u00e9g feladatai k\u00f6z\u00e9 tartozna az embereknek sz\u00f3rakoztat\u00e1st k\u00edn\u00e1lni. Amennyiben ez is hozz\u00e1tartozna a szellemi tev\u00e9kenys\u00e9ghez, akkor ezt Krisztus nem eml\u00edtette volna? \u0150 ezt mondotta: \u201eMenjetek el szerte a vil\u00e1gba, hirdess\u00e9tek az evang\u00e9liumot minden teremtm\u00e9nynek\u201d (Mk 16,15). Ez el\u00e9gg\u00e9 \u00e9rthet\u0151. \u00c9ppen ilyen \u00e9rthet\u0151 lett volna, ha ehhez m\u00e9g hozz\u00e1f\u0171zte volna: \u201e\u00c9s azoknak, akik az evang\u00e9liumot nem kell\u0151 \u00e9rdekl\u0151d\u00e9ssel fogadj\u00e1k, aj\u00e1nljatok fel sz\u00f3rakoz\u00e1st.\u201d De ilyen szavakat sehol sem tal\u00e1lunk. \u00dagy t\u0171nik, hogy ilyesmire nem is gondolt. Vegy\u00fcnk egy m\u00e1sik igehelyet: \u201e\u00c9s \u0150 adott n\u00e9melyeket apostolokul, m\u00e1sokat pr\u00f3f\u00e9t\u00e1kul, ism\u00e9t m\u00e1sokat evang\u00e9list\u00e1kul, vagy p\u00e1sztorokul \u00e9s tan\u00edt\u00f3kul, hogy felk\u00e9sz\u00edtse a szenteket a szolg\u00e1lat v\u00e9gz\u00e9s\u00e9re, a Krisztus test\u00e9nek \u00e9p\u00edt\u00e9s\u00e9re\u201d (Ef 4,11-12). Hov\u00e1 soroljuk be a m\u00f3kamestereket? A Szent L\u00e9lek nem eml\u00edti \u0151ket. Az\u00e9rt \u00fcld\u00f6zt\u00e9k a pr\u00f3f\u00e9t\u00e1kat, mert megnevettett\u00e9k az embereket, avagy mert vonakodtak ett\u0151l?<\/span><\/p>\n<p><span style=\"font-size: 14pt;\">M\u00e1sodszor: a sz\u00f3rakoztat\u00e1s felk\u00edn\u00e1l\u00e1sa k\u00f6zvetlen ellent\u00e9tben \u00e1ll Krisztus tan\u00edt\u00e1s\u00e1val \u00e9s \u00e9let\u00e9vel, \u00e9s mindegyik apostol\u00e9val. Mi volt a gy\u00fclekezet poz\u00edci\u00f3ja a vil\u00e1ggal szemben? \u201eTi vagytok a F\u00f6ld s\u00f3ja\u201d (Mt 5,13), nem pedig vattacukorja! A s\u00f3t elutas\u00edtj\u00e1k, (\u00f6r\u00f6mmel) le sem nyelik. R\u00f6vid \u00e9s kem\u00e9ny volt a kijelent\u00e9s: \u201eHagyd a halottakra, hogy eltemess\u00e9k halottaikat!\u201d (Mt 8,22). J\u00e9zus ezt szent komolys\u00e1ggal \u00e9rtette! Ha Krisztus t\u00f6bb, vid\u00e1mabb \u00e9s kellemesebb elemet \u00e9p\u00edtett volna be pr\u00e9dik\u00e1ci\u00f3j\u00e1ba, akkor az nem \u00e1rtott volna n\u00e9pszer\u0171s\u00e9g\u00e9nek (a Jn 6,60-69-ben olvashat\u00f3 esetn\u00e9l). Arr\u00f3l nem olvastam, hogy ezt mondta volna: \u201eSzaladj ut\u00e1nuk P\u00e9ter, \u00e9s mondd nekik, hogy holnapt\u00f3l eg\u00e9szen \u00faj st\u00edlusban tartunk istentiszteletet, attrakt\u00edv m\u00f3don, r\u00f6vid pr\u00e9dik\u00e1ci\u00f3val. A n\u00e9pnek egy kellemes est\u00e9t fogunk szerezni. Mondd el nekik, hogy biztosan igen j\u00f3l fogj\u00e1k \u00e9rezni magukat. Gyorsan P\u00e9ter, nek\u00fcnk az embereket valahogy ide kell gy\u0171jten\u00fcnk!\u201d<\/span><\/p>\n<p><span style=\"font-size: 14pt;\">J\u00e9zus k\u00f6ny\u00f6r\u00fcletes volt a b\u0171n\u00f6s\u00f6kh\u00f6z, s\u00edrt miattuk, de sz\u00f3rakoztatni sohasem pr\u00f3b\u00e1lta \u0151ket. Hi\u00e1ba is keresg\u00e9l\u00fcnk az \u00fajsz\u00f6vets\u00e9gi levelekben vagy az evang\u00e9liumokban sz\u00f3rakoz\u00e1s ut\u00e1n. Az \u00fczenet \u00edgy hangzik: \u201eGyertek ki (a vil\u00e1gb\u00f3l), maradjatok k\u00edv\u00fcl, \u00e9s tarts\u00e1tok t\u0151le tiszt\u00e1n magatokat!\u201d<\/span><\/p>\n<p><span style=\"font-size: 14pt;\">Az els\u0151 kereszty\u00e9nek v\u00e9gtelen bizalommal voltak az evang\u00e9lium ir\u00e1nt, \u00e9s nem volt sz\u00fcks\u00e9g\u00fck m\u00e1s fegyverre. Miut\u00e1n P\u00e9tert \u00e9s J\u00e1nost nyilv\u00e1nos pr\u00e9dik\u00e1ci\u00f3ik miatt elfogt\u00e1k, a gy\u00fclekezet im\u00e1ra gy\u0171lt \u00f6ssze (ApCsel 4). De k\u00f6ny\u00f6rg\u00e9s\u00fck nem \u00edgy sz\u00f3lt: \u201eUram, add meg a Te szolg\u00e1idnak, hogy \u00e1rtatlan \u00e9s b\u00f6lcsen \u00e1tgondolt sz\u00f3rakoz\u00e1s \u00e1ltal megmutathassuk ezeknek az embereknek, hogy mi kereszty\u00e9nek mily boldog, j\u00f3 ked\u00e9ly\u0171 n\u00e9p vagyunk.\u201d \u0150k nem hagytak fel azzal, hogy Krisztust hirdess\u00e9k; nem volt idej\u00fck sz\u00f3rakoztat\u00f3 m\u0171sorokat szervezni. Az \u00fcld\u00f6z\u00e9st\u0151l sz\u00e9tsz\u00f3ratva mindenhov\u00e1 elmentek, \u00e9s hirdett\u00e9k, pr\u00e9dik\u00e1lt\u00e1k az evang\u00e9liumot. Feje tetej\u00e9re \u00e1ll\u00edtott\u00e1k a vil\u00e1got.<\/span><\/p>\n<p><span style=\"font-size: 14pt;\">Ez a k\u00fcl\u00f6nbs\u00e9g k\u00f6z\u00f6tt\u00fck \u00e9s k\u00f6z\u00f6tt\u00fcnk, mai kereszty\u00e9nek k\u00f6z\u00f6tt. \u201e\u00d3h, Urunk, tiszt\u00edtsd meg a gy\u00fclekezetet minden rests\u00e9gt\u0151l \u00e9s badars\u00e1gt\u00f3l, amivel az \u00d6rd\u00f6g terhelte meg \u0151ket, \u00e9s vezess minket vissza az apostolok m\u00f3dszereihez!\u201d<\/span><\/p>\n<p><span style=\"font-size: 14pt;\">\u00c9s v\u00e9g\u00fcl: a kereszty\u00e9n sz\u00f3rakoztat\u00e1s c\u00e9lj\u00e1t t\u00e9veszti. Az \u00faj megt\u00e9r\u0151k k\u00f6z\u00f6tt hatalmas k\u00e1rokat okoz. Hagyd csak, hogy a gondtalanok \u00e9s g\u00fanyol\u00f3d\u00f3k megk\u00f6sz\u00f6nj\u00e9k Istennek, hogy az egyh\u00e1z el\u00e9j\u00fck ment f\u00e9l\u00fatig, hogy fel\u00e1lljanak, \u00e9s bizonys\u00e1got tegyenek. A sz\u00f3rakoztat\u00e1ssal egybek\u00f6t\u00f6tt evangeliz\u00e1ci\u00f3 senkit sem ind\u00edt val\u00f3di megt\u00e9r\u00e9sre.<\/span><\/p>\n<p><span style=\"font-size: 14pt;\">Amire ma sz\u00fcks\u00e9g\u00fcnk van, az a hittel v\u00e9gzett tanulm\u00e1nyok (Isten Ig\u00e9j\u00e9nek tanulm\u00e1nyoz\u00e1sa) komoly lelki \u00e9lettel egybek\u00f6tve, amelyb\u0151l egyik hajt ki a m\u00e1sik ut\u00e1n, mint gy\u00fcm\u00f6lcs a gy\u00f6k\u00e9rr\u0151l. Biblikus oktat\u00e1sra \u00e9s ir\u00e1ny\u00edt\u00e1sra van sz\u00fcks\u00e9g\u00fcnk, amely \u00e9rtelm\u00fcnket \u00e9s sz\u00edv\u00fcnket oly m\u00f3don \u00e9rinti meg, hogy att\u00f3l l\u00e1ngra lobbanjunk.\u201d<\/span><\/p>\n","protected":false},"excerpt":{"rendered":"<p>C.H. Spurgeon (1832-1892) Egy m\u00e9tely kezdett besziv\u00e1rogni a hitvall\u00f3 kereszt\u00e9nyek soraiba, m\u00e9ghozz\u00e1 olyan hallatlanul durva m\u00f3don, hogy ezt m\u00e9g a legr\u00f6vidl\u00e1t\u00f3bbaknak is \u00e9szre kell venni\u00fck. Az ut\u00f3bbi \u00e9vek sor\u00e1n sz\u00e9lsebesen terjed el, amint a kov\u00e1sz hat\u00e1s\u00e1ra az eg\u00e9sz t\u00e9szta az utols\u00f3 r\u00e9sz\u00e9ig kov\u00e1szoss\u00e1 v\u00e1lik. A S\u00e1t\u00e1n ritk\u00e1n szedi r\u00e1 ravaszabbul a gy\u00fclekezeteket, mint azzal, hogy&#8230;<\/p>\n","protected":false},"author":4,"featured_media":0,"comment_status":"closed","ping_status":"closed","sticky":false,"template":"","format":"standard","meta":{"_kad_post_transparent":"","_kad_post_title":"","_kad_post_layout":"","_kad_post_sidebar_id":"","_kad_post_content_style":"","_kad_post_vertical_padding":"","_kad_post_feature":"","_kad_post_feature_position":"","_kad_post_header":false,"_kad_post_footer":false,"_kad_post_classname":"","footnotes":""},"categories":[3,5],"tags":[114,115],"class_list":["post-602","post","type-post","status-publish","format-standard","hentry","category-hitmelyito-tanulmanyok","category-legujabb-irasok","tag-szolgalat","tag-szorakozas"],"_links":{"self":[{"href":"https:\/\/tmbgy.demhub.net\/index.php?rest_route=\/wp\/v2\/posts\/602","targetHints":{"allow":["GET"]}}],"collection":[{"href":"https:\/\/tmbgy.demhub.net\/index.php?rest_route=\/wp\/v2\/posts"}],"about":[{"href":"https:\/\/tmbgy.demhub.net\/index.php?rest_route=\/wp\/v2\/types\/post"}],"author":[{"embeddable":true,"href":"https:\/\/tmbgy.demhub.net\/index.php?rest_route=\/wp\/v2\/users\/4"}],"replies":[{"embeddable":true,"href":"https:\/\/tmbgy.demhub.net\/index.php?rest_route=%2Fwp%2Fv2%2Fcomments&post=602"}],"version-history":[{"count":0,"href":"https:\/\/tmbgy.demhub.net\/index.php?rest_route=\/wp\/v2\/posts\/602\/revisions"}],"wp:attachment":[{"href":"https:\/\/tmbgy.demhub.net\/index.php?rest_route=%2Fwp%2Fv2%2Fmedia&parent=602"}],"wp:term":[{"taxonomy":"category","embeddable":true,"href":"https:\/\/tmbgy.demhub.net\/index.php?rest_route=%2Fwp%2Fv2%2Fcategories&post=602"},{"taxonomy":"post_tag","embeddable":true,"href":"https:\/\/tmbgy.demhub.net\/index.php?rest_route=%2Fwp%2Fv2%2Ftags&post=602"}],"curies":[{"name":"wp","href":"https:\/\/api.w.org\/{rel}","templated":true}]}}