{"id":598,"date":"2015-05-02T15:17:00","date_gmt":"2015-05-02T12:17:00","guid":{"rendered":"http:\/\/tmbgy.ro\/?p=598"},"modified":"2015-05-02T15:17:00","modified_gmt":"2015-05-02T12:17:00","slug":"jezus-krisztus-a-szentlelek-es-az-ige","status":"publish","type":"post","link":"https:\/\/tmbgy.demhub.net\/?p=598","title":{"rendered":"J\u00e9zus Krisztus a Szentl\u00e9lek \u00e9s az Ige"},"content":{"rendered":"<div class=\"entry-content\">\n<p align=\"JUSTIFY\">Fiatal kereszty\u00e9n voltam m\u00e9g, amikor azt hallottam, hogy mi h\u00edv\u0151k a <i>Szentl\u00e9lek iskol\u00e1j\u00e1ba<\/i> j\u00e1runk. Tetszett a megfogalmaz\u00e1s \u00e9s motiv\u00e1lt is a dolog. Azt\u00e1n meg\u00e9rtettem, hogy ebben az iskol\u00e1ban maga a L\u00e9lek a tan\u00edt\u00f3, a tananyag Krisztus, a tank\u00f6nyv pedig a Biblia. Err\u0151l elm\u00e9lkedve szeretn\u00e9m megosztani olvas\u00f3immal gondolataimat.<\/p>\n<p align=\"JUSTIFY\"><b>A Szentl\u00e9lek a tan\u00edt\u00f3nk<\/b>: \u201e<i>\u2026 de bennetek megvan az a kenet is, amelyet t\u0151le kaptatok, ez\u00e9rt nincs sz\u00fcks\u00e9getek arra, hogy valaki tan\u00edtson titeket; s\u0151t amire az \u0151 kenete tan\u00edt meg titeket, az igaz, \u00e9s nem hazugs\u00e1g; \u00e9s ahogyan megtan\u00edtott titeket, \u00fagy maradjatok meg \u0151benne.<\/i>\u201d (1Jn 2,27) Term\u00e9szetesen nem arr\u00f3l van sz\u00f3, hogy a gy\u00fclekezetben nincs t\u00f6bb\u00e9 sz\u00fcks\u00e9g haland\u00f3 tan\u00edt\u00f3kra, vagy vezet\u0151kre, hisz m\u00e1s helyen az \u00cdr\u00e1s \u00e9pp azt mondja, hogy maga Isten adott tan\u00edt\u00f3kat \u00e9s p\u00e1sztorokat. J\u00e1nos, az \u00edr\u00f3 ink\u00e1bb arr\u00f3l besz\u00e9l, hogy a Szentl\u00e9lek az \u00fajj\u00e1sz\u00fcletett ember k\u00f6zvetlen tan\u00edt\u00f3ja. K\u00e9rn\u00fcnk kell \u0150t, hogy vezesse gondolatainkat, majd el is kell hinn\u00fcnk, hogy \u0150 val\u00f3ban elvezet az igazs\u00e1gra, melyben azt\u00e1n meg is kell maradnunk. Felt\u0171n\u0151en sokszor szerepel az ig\u00e9ben \u201ea L\u00e9lek \u00e1ltal\u201d megjegyz\u00e9s. \u00c1ltal\u00e1ban ez \u00fagy fordul el\u0151, hogy van egy felsz\u00f3l\u00edt\u00e1s vagy egy \u00e1ll\u00edt\u00e1s kijelent\u0151 m\u00f3dban, majd pedig ut\u00e1na a \u201e<i>L\u00e9lek \u00e1ltal<\/i>\u201d kieg\u00e9sz\u00edt\u0151 r\u00e9sz. \u00cdme n\u00e9h\u00e1ny p\u00e9lda: \u201e\u2026<i> hogy b\u0151v\u00f6lk\u00f6djetek a rem\u00e9nys\u00e9gben a Szentl\u00e9lek ereje \u00e1ltal<\/i>.\u201d \u201e<i>\u2026 im\u00e1dkozzatok a Szentl\u00e9lek \u00e1ltal<\/i>.\u201d \u201e<i>Az evang\u00e9lium hirdet\u0151i pr\u00e9dik\u00e1lnak\u2026 a Szentl\u00e9lek \u00e1ltal<\/i>\u201d. \u201e<i>A r\u00e1d b\u00edzott dr\u00e1ga kincset \u0151rizd meg a Szentl\u00e9lek \u00e1ltal<\/i>.\u201d \u201e<i>\u2026 de megmosattatok, megszentel\u0151dtetek \u00e9s meg is igazultatok\u2026 a mi Isten\u00fcnk Lelke \u00e1ltal.<\/i>\u201d Mi sok sz\u00e9p dolgot tehet\u00fcnk, de j\u00f3l, \u00e9s Isten tetsz\u00e9s\u00e9re csak a Szentl\u00e9lek \u00e1ltal. Csod\u00e1latos a L\u00e9lek szem\u00e9lye, s n\u00e9lk\u00fcl\u00f6zhetetlen jelenl\u00e9te. Isten az\u00e9rt adta \u0150t, hogy seg\u00edtsen nek\u00fcnk. \u00d6nz\u0151, testies \u201ej\u00e1t\u00e9kra\u201d nem kaphat\u00f3, de minden, ami a Fi\u00fat dics\u0151\u00edti, ami a menyasszonyt, a gy\u00fclekezetet sz\u00e9p\u00edti \u00e9s szenteli abban \u00f6r\u00f6mmel r\u00e9szt vesz.<\/p>\n<p align=\"JUSTIFY\">Nek\u00fcnk nem szab\u00e1lyokat kell megtanulnunk, hanem J\u00e9zus Krisztust <b>van kiv\u00e1lts\u00e1gunk megismerni<\/b>. Ez pedig k\u00e9t dolgot jelent: hogy \u0150 <i>velem<\/i> \u00e9s <i>bennem<\/i> van! P\u00fcnk\u00f6sd ut\u00e1n a tan\u00edtv\u00e1nyok J\u00e9zus Krisztus \u00e1lland\u00f3 jelenl\u00e9t\u00e9nek a tudat\u00e1ban \u00e9ltek. Meg voltak gy\u0151z\u0151dve, hogy J\u00e9zus minden helyzetben k\u00f6zvetlen\u00fcl <i>mellett\u00fck<\/i> \u00e1ll. <span lang=\"ro-RO\">A p\u00fcnk\u00f6sdi pr\u00e9dik\u00e1ci\u00f3j\u00e1ban P\u00e9ter a keresztrefesz\u00edtett, meghalt \u00e9s felt\u00e1madott Krisztusr\u00f3l besz\u00e9lt. A felt\u00e1mad\u00e1s legegyszer\u00fcbb \u00e9s \u00e9szszer\u00fcbb jele az, hogy J\u00e9zus \u00e9l! Az pedig, hogy \u0150 \u00e9l, azt jelenti, hogy Lelke \u00e1ltal akkor ott volt apostolaival, ma pedig mindenkori n\u00e9p\u00e9vel is. Azok a kor\u00e1bban f\u00e9l\u00e9nk tanitv\u00e1nyok soha t\u00f6bb\u00e9 nem felejtettek el hinni \u00e9s komolyan venni J\u00e9zus ig\u00e9ret\u00e9t, hogy \u0151 \u2013b\u00e1r test szerint nincs t\u00f6bb\u00e9 a f\u00f6ld\u00f6n, m\u00e9gis vel\u00fck van minden nap. Csod\u00e1lom P\u00e9tert, ahogyan \u201eadja\u201d az \u00c9kes-kapu s\u00e1nt\u00e1j\u00e1nak J\u00e9zust:<\/span> \u201e<i>aranyom \u00e9s ez\u00fcst\u00f6m nincs, de amim van azt adom neked<\/i>\u2026\u201d<span lang=\"ro-RO\"> \u00c9s ezt olyan term\u00e9szetess\u00e9ggel mondja, amilyent m\u00e9g ez a vil\u00e1g nem hallott haland\u00f3 ember sz\u00e1j\u00e1b\u00f3l. <\/span>Ezt megtenni, ilyen szent egyszer\u0171s\u00e9ggel csak az k\u00e9pes, aki tudja, hogy J\u00e9zus mellette \u00e1ll. Isten dr\u00e1ga n\u00e9pe, ne feledd, hogy Megv\u00e1lt\u00f3 urad veled akar lenni. \u00d6r\u00fclj ennek! L\u00e9gy erre felk\u00e9sz\u00fclve! \u00c9lj ennek tudat\u00e1ban \u00e9s haszn\u00e1ld ki ennek \u00e1ld\u00e1s\u00e1t!<\/p>\n<p align=\"JUSTIFY\">A kincs m\u00e1sik fele, hogy J\u00e9zus <i>bennem<\/i> van. Ez pedig azt jelenti, hogy a Szentl\u00e9lek form\u00e1l engem a Krisztussal val\u00f3 jellembeli hasonl\u00f3s\u00e1gra. Maga a L\u00e9lek vitathatatlan jelenl\u00e9te \u00e9s feltartozhatatlan munk\u00e1lkod\u00e1sa tette hiteless\u00e9 akkor a tan\u00edtv\u00e1nyokban, most pedig mibenn\u00fcnk ezt a folyamatot. \u201e<i>Mi pedig, mik\u00f6zben fedetlen arccal, mint egy t\u00fck\u00f6rben szeml\u00e9lj\u00fck az \u00dar dics\u0151s\u00e9g\u00e9t mindny\u00e1jan, ugyanarra a k\u00e9pre form\u00e1l\u00f3dunk \u00e1t az \u00dar Lelke \u00e1ltal dics\u0151s\u00e9gr\u0151l dics\u0151s\u00e9gre.\u201d <\/i>2Kor 3,18<i>. <\/i>Csak ha J\u00e9zust tanuljuk, form\u00e1l\u00f3dunk \u00e1t az \u0151 k\u00e9p\u00e9re. Csak ha vele j\u00e1runk, lesz\u00fcnk hozz\u00e1 hasonl\u00f3ak. Amikor \u201ehal\u00e1lba adjuk\u201d r\u00e9gi \u00f6nmagunkat vessz\u00fck \u00e1t az \u0150 indulat\u00e1t. A Szentl\u00e9lek el\u00e9gedetten \u00f6r\u00fcl, amikor a h\u00edv\u0151k az \u00dar J\u00e9zushoz hasonl\u00edtanak.<\/p>\n<p align=\"JUSTIFY\"><b>A tank\u00f6nyv a Biblia<\/b>: Amikor a L\u00e9lek szem\u00e9lye \u00e9s megnyilv\u00e1nul\u00e1sa \u00fagy ker\u00fcl el\u0151t\u00e9rbe, hogy ez az \u00edrott ig\u00e9t h\u00e1tt\u00e9rbe szor\u00edtja, akkor ez a helyzet nincs \u00f6sszhangban J\u00e9zus Krisztus tan\u00edt\u00e1s\u00e1val. A L\u00e9lek ugyanis az \u00cdr\u00e1st haszn\u00e1lja. A kereszty\u00e9n gy\u00fclekezet az apostolok \u00e9s a pr\u00f3f\u00e9t\u00e1k alapj\u00e1ra \u00e9p\u00fclt r\u00e1. Ez az alap pedig nem m\u00e1s, mint az \u00edrott \u00e9s a testt\u00e9 lett Ige. Krisztus egyh\u00e1za vallja, hogy a bibliai \u00edr\u00f3k isteni ihletetts\u00e9g alatt a Szentl\u00e9lek sugallat\u00e1ra pap\u00edrra vetett\u00e9k a revel\u00e1ci\u00f3t. J\u00e9zus azt mondja a L\u00e9lekr\u0151l, hogy \u0151 nem \u00f6nmag\u00e1t\u00f3l (!) sz\u00f3l, hanem azt mondja, amit hall, mert a J\u00e9zus\u00e9b\u00f3l mer\u00edt, (Jn 16, 13-14) \u00e9s hogy \u201e<i>\u0151 eszetekbe juttatja azt, amit \u00e9n mondtam nektek<\/i>\u201d (Jn 14,26). A L\u00e9lek csak \u00fagy k\u00e9pes ma esz\u00fcnkbe juttatni azt \u201eamit \u00e9n (J\u00e9zus) mondtam nektek\u201d \u00e9s \u201ea J\u00e9zus\u00e9b\u00f3l mer\u00edt\u201d-ve hozz\u00e1nk sz\u00f3lni, ha felismerj\u00fck a teljes \u00cdr\u00e1s abszol\u00fat tekint\u00e9ly\u00e9t, objektivit\u00e1s\u00e1t \u00e9s elfogadjuk t\u00e9vedhetetlens\u00e9g\u00e9t. Ez\u00e9rt nyugodt lehetek afel\u0151l, hogy az az igehirdet\u00e9s, amely az \u00cdr\u00e1sb\u00f3l t\u00e1pl\u00e1lkozik azt az ig\u00e9t adja nekem, ami egyben a L\u00e9lek friss besz\u00e9de. Ha rendszeresen \u00e9l\u00fcnk Isten ige-kenyer\u00e9vel, akkor fog a L\u00e9lek, mint j\u00f3 tan\u00edt\u00f3 seg\u00edteni alkalmazni azt a d\u00f6nt\u0151 helyzetekben Isten \u00f6r\u00f6m\u00e9re, m\u00e1sok \u00e9s a magunk jav\u00e1ra.<\/p>\n<p align=\"JUSTIFY\">J\u00e1rjunk L\u00e9lek szerint, higgy\u00fcnk J\u00e9zus Krisztusban \u00e9s engedelmeskedj\u00fcnk az \u00cdr\u00e1snak!<\/p>\n<\/div>\n","protected":false},"excerpt":{"rendered":"<p>Fiatal kereszty\u00e9n voltam m\u00e9g, amikor azt hallottam, hogy mi h\u00edv\u0151k a Szentl\u00e9lek iskol\u00e1j\u00e1ba j\u00e1runk. Tetszett a megfogalmaz\u00e1s \u00e9s motiv\u00e1lt is a dolog. Azt\u00e1n meg\u00e9rtettem, hogy ebben az iskol\u00e1ban maga a L\u00e9lek a tan\u00edt\u00f3, a tananyag Krisztus, a tank\u00f6nyv pedig a Biblia. Err\u0151l elm\u00e9lkedve szeretn\u00e9m megosztani olvas\u00f3immal gondolataimat. A Szentl\u00e9lek a tan\u00edt\u00f3nk: \u201e\u2026 de bennetek megvan&#8230;<\/p>\n","protected":false},"author":4,"featured_media":0,"comment_status":"closed","ping_status":"closed","sticky":false,"template":"","format":"standard","meta":{"_kad_post_transparent":"","_kad_post_title":"","_kad_post_layout":"","_kad_post_sidebar_id":"","_kad_post_content_style":"","_kad_post_vertical_padding":"","_kad_post_feature":"","_kad_post_feature_position":"","_kad_post_header":false,"_kad_post_footer":false,"_kad_post_classname":"","footnotes":""},"categories":[3],"tags":[],"class_list":["post-598","post","type-post","status-publish","format-standard","hentry","category-hitmelyito-tanulmanyok"],"_links":{"self":[{"href":"https:\/\/tmbgy.demhub.net\/index.php?rest_route=\/wp\/v2\/posts\/598","targetHints":{"allow":["GET"]}}],"collection":[{"href":"https:\/\/tmbgy.demhub.net\/index.php?rest_route=\/wp\/v2\/posts"}],"about":[{"href":"https:\/\/tmbgy.demhub.net\/index.php?rest_route=\/wp\/v2\/types\/post"}],"author":[{"embeddable":true,"href":"https:\/\/tmbgy.demhub.net\/index.php?rest_route=\/wp\/v2\/users\/4"}],"replies":[{"embeddable":true,"href":"https:\/\/tmbgy.demhub.net\/index.php?rest_route=%2Fwp%2Fv2%2Fcomments&post=598"}],"version-history":[{"count":0,"href":"https:\/\/tmbgy.demhub.net\/index.php?rest_route=\/wp\/v2\/posts\/598\/revisions"}],"wp:attachment":[{"href":"https:\/\/tmbgy.demhub.net\/index.php?rest_route=%2Fwp%2Fv2%2Fmedia&parent=598"}],"wp:term":[{"taxonomy":"category","embeddable":true,"href":"https:\/\/tmbgy.demhub.net\/index.php?rest_route=%2Fwp%2Fv2%2Fcategories&post=598"},{"taxonomy":"post_tag","embeddable":true,"href":"https:\/\/tmbgy.demhub.net\/index.php?rest_route=%2Fwp%2Fv2%2Ftags&post=598"}],"curies":[{"name":"wp","href":"https:\/\/api.w.org\/{rel}","templated":true}]}}