{"id":594,"date":"2015-05-02T15:09:23","date_gmt":"2015-05-02T12:09:23","guid":{"rendered":"http:\/\/tmbgy.ro\/?p=594"},"modified":"2015-05-02T15:09:23","modified_gmt":"2015-05-02T12:09:23","slug":"mi-lesz-ha-nem-lesz","status":"publish","type":"post","link":"https:\/\/tmbgy.demhub.net\/?p=594","title":{"rendered":"Mi lesz ha nem lesz?"},"content":{"rendered":"<p align=\"LEFT\"><span lang=\"hu-HU\"><img loading=\"lazy\" decoding=\"async\" src=\"http:\/\/tmbgy.ro\/images\/sz_emilia.jpg\" alt=\"\" width=\"120\" height=\"127\" border=\"0\" \/>Olvastam egyszer egy mes\u00e9sk\u00f6nyvet ami kicsi \u00e1llatok \u00e9let\u00e9r\u00e9l sz\u00f3lt, akikkel egy nap nagy sz\u00f6rny\u0171s\u00e9g t\u00f6rt\u00e9nt. Az egyik reggel arra \u00e9bredtek, hogy a vil\u00e1g \u00f6sszes sz<\/span><span lang=\"hu-HU\">\u00ed<\/span><span lang=\"hu-HU\">n\u00e9nek nyoma veszett. Minden fekete-feh\u00e9rben mutatkozott. A gy\u00f6ny\u00f6r\u0171 vir\u00e1gok,az erd\u0151 f\u00e1i mind mind fekete \u00e9s feh\u00e9r volt, \u00e9s ami a legsz\u00f6rny\u0171bb, az volt hogy m\u00e9g a sziv\u00e1rv\u00e1nynak is csak fak\u00f3 fekete, sz\u00fcrke \u00e9s feh\u00e9r sz<\/span><span lang=\"hu-HU\">\u00ed<\/span><span lang=\"hu-HU\">ne volt. <\/span><\/p>\n<p align=\"LEFT\"><span lang=\"hu-HU\"> A mese k\u00f6zepe fel\u00e9 kider\u00fcl, hogy ennek a sz<\/span><span lang=\"hu-HU\">\u00ed<\/span><span lang=\"hu-HU\">nlop\u00e1snak a felel\u0151se a vakond. Ellopta a vil\u00e1g sz<\/span><span lang=\"hu-HU\">\u00ed<\/span><span lang=\"hu-HU\">neit mert b\u00e1ntott\u00e1k a szem\u00e9t \u00e9s <\/span><span lang=\"hu-HU\">\u00ed<\/span><span lang=\"hu-HU\">gy nem b<\/span><span lang=\"hu-HU\">\u00ed<\/span><span lang=\"hu-HU\">rt kij\u00f6nni a f\u00e9nyess\u00e9gre. Azt\u00e1n a kicsi \u00e1llatok elmentek Orm\u00e1nyoshoz,a vakondhoz \u00e9s megaj\u00e1nd\u00e9kozt\u00e1k egy HATALMAS napszem\u00fcveggel. Fel is pr\u00f3b\u00e1lta a szem\u00fcveget \u00e9s mivel <\/span><span lang=\"hu-HU\">\u00ed<\/span><span lang=\"hu-HU\">gy m\u00e1r nem zavarta a f\u00e9ny a szem\u00e9t nagyra ki tudta nyitni. Nagyon el\u00e9rz\u00e9keny\u00fclt \u00e9s \u00f6r\u00fclt mert ilyen sz\u00e9pet m\u00e9g senki nem tett vele. Akkor Orm\u00e1nyos sz<\/span><span lang=\"hu-HU\">\u00ed<\/span><span lang=\"hu-HU\">ve mind nagyobb \u00e9s nagyobb lett \u00e9s a mell\u00e9nyzseb\u00e9b\u0151l sz\u00f6k\u0151\u00e1rk\u00e9nt t\u00f6rtek el\u0151 a sz<\/span><span lang=\"hu-HU\">\u00ed<\/span><span lang=\"hu-HU\">nek amelyek felhatoltak az \u00e9gig \u00e9s egy gy\u00f6ny\u00f6r\u0171 sziv\u00e1rv\u00e1nyt festettek.<\/span><\/p>\n<p lang=\"hu-HU\" align=\"LEFT\">Elgondolkoztam miut\u00e1n elolvastam ezt a mes\u00e9t \u00e9s az jutott eszembe, hogy mi lesz ha m\u00e1r nem lesz a vil\u00e1gon szeretet, nem lesz \u00f6lel\u00e9s vagy mosoly.<\/p>\n<p align=\"LEFT\"><span lang=\"hu-HU\"> Mi lesz ha elt\u0171nnek az \u00e9let \u201esz<\/span><span lang=\"hu-HU\">\u00ed<\/span><span lang=\"hu-HU\">nei\u201d miattunk? <\/span><\/p>\n<p align=\"LEFT\"><span lang=\"hu-HU\"> Mi lesz ha nem is vessz\u00fck \u00e9szre ahogy az \u00e9let \u00e9rt\u00e9k\u00e9nek a sz<\/span><span lang=\"hu-HU\">\u00ed<\/span><span lang=\"hu-HU\">ne elhalv\u00e1nyul mellett\u00fcnk? \u00c9s akkor az jutott eszembe hogy nem az a megold\u00e1s, hogy elkezdj\u00fck a t\u00e1rsadalmat v\u00e1dolni, vagy a \u201evil\u00e1gi\u201d embereket, hanem el\u0151sz\u00f6r saj\u00e1t magunkat kell megvizsg\u00e1ljuk \u00e9s r\u00e1j\u00f6jj\u00fcnk, hogy milyen nagy ereje van a KEDVES BESZ\u00c9D-nek, a SZOLG\u00c1LAT-nak, a J\u00d3SZIV\u0170S\u00c9GNEK \u00e9s a MEGBOCS\u00c1JT\u00c1SNAK. Ha az erd\u0151 \u00e1llatai feltudt\u00e1k fedezni azt hogy ezeknek milyen fontos szerep\u00fck van az \u00e9letben akkor mi mi\u00e9rt ne tudn\u00e1nk.<\/span><\/p>\n<p lang=\"hu-HU\" align=\"LEFT\">A m\u00falt vas\u00e1rnap a vas\u00e1rnapiskol\u00e1ba a kedves besz\u00e9dr\u0151l volt sz\u00f3 \u00e9s amikor az egyik gyerekre t\u00f6bbsz\u00f6r is r\u00e1 kellett sz\u00f3ljak akkor vettem \u00e9szre igaz\u00e1n hogy milyen neh\u00e9z is mindig kedvesen besz\u00e9lni \u00e9s tal\u00e1n egy jelent\u00e9ktelen dolognak t\u0171nik m\u00e9gis milyen fontos.<\/p>\n<p align=\"LEFT\"><span lang=\"hu-HU\"> Ha csak megb\u00e1ntunk valakit azzal hogy nem besz\u00e9l\u00fcnk kedvesen vele m\u00e1r elloptunk egy kis sz<\/span><span lang=\"hu-HU\">\u00ed<\/span><span lang=\"hu-HU\">nt az \u0151 \u00e9let\u00e9b\u0151l mert ett\u0151l \u0151 elszomorodik. Akkor mi lesz ha m\u00e1r nem lesz semmi sz<\/span><span lang=\"hu-HU\">\u00ed<\/span><span lang=\"hu-HU\">n az \u00e9let\u00e9ben?<\/span><\/p>\n<p align=\"LEFT\"><span lang=\"hu-HU\"> Ugyan<\/span><span lang=\"hu-HU\">\u00ed<\/span><span lang=\"hu-HU\">gy van a szolg\u00e1lattal, a j\u00f3sz<\/span><span lang=\"hu-HU\">\u00ed<\/span><span lang=\"hu-HU\">v\u0171s\u00e9ggel \u00e9s f\u0151k\u00e9pp a megbocs\u00e1jt\u00e1ssal. Ezek mind szint adnak az ember \u00e9let\u00e9be. Mert mindenkinek, nek\u00fcnk is, j\u00f3l esik ha valaki \u00f6nzetlen\u00fcl seg<\/span><span lang=\"hu-HU\">\u00ed<\/span><span lang=\"hu-HU\">t vagy j\u00f3sz<\/span><span lang=\"hu-HU\">\u00ed<\/span><span lang=\"hu-HU\">v\u0171, kedves \u00e9s megbocs\u00e1jt amikor megb\u00e1ntottuk, vagy rosszat tett\u00fcnk, \u00e9s ezekt\u0151l a dolgokt\u00f3l jobb kedvre der\u00fcl\u00fcnk \u00e9s <\/span><span lang=\"hu-HU\">\u00ed<\/span><span lang=\"hu-HU\">gy automatikusan sz<\/span><span lang=\"hu-HU\">\u00ed<\/span><span lang=\"hu-HU\">n hatol be a mi \u00e9let\u00fcnkbe. <\/span><\/p>\n<p align=\"LEFT\"><span lang=\"hu-HU\"> De az is biztos, hogy egyed\u00fcl nem lenn\u00e9nk k\u00e9pesek ezeket megtenni, <\/span><span lang=\"hu-HU\">\u00ed<\/span><span lang=\"hu-HU\">gy h\u00e1t meg\u00e9rkezett a megold\u00e1s. Egyszer\u0171en csak b<\/span><span lang=\"hu-HU\">\u00ed<\/span><span lang=\"hu-HU\">znunk kell Istenben \u00e9s abban, hogy \u0151 tud seg<\/span><span lang=\"hu-HU\">\u00ed<\/span><span lang=\"hu-HU\">teni nek\u00fcnk.<\/span><\/p>\n<p align=\"LEFT\"><span lang=\"hu-HU\">Az \u00dar J\u00e9zus is azt szeretn\u00e9 ha sz<\/span><span lang=\"hu-HU\">\u00ed<\/span><span lang=\"hu-HU\">nes \u00e9s boldog lenne a mi \u00e9let\u00fcnk, \u00e9pp ez\u00e9rt megbocs\u00e1jtja nek\u00fcnk a b\u0171neinket \u00e9s mellett\u00fcnk \u00e1ll hogy ne legyen olyan: ha nem lesz &#8230;<\/span><\/p>\n","protected":false},"excerpt":{"rendered":"<p>Olvastam egyszer egy mes\u00e9sk\u00f6nyvet ami kicsi \u00e1llatok \u00e9let\u00e9r\u00e9l sz\u00f3lt, akikkel egy nap nagy sz\u00f6rny\u0171s\u00e9g t\u00f6rt\u00e9nt. Az egyik reggel arra \u00e9bredtek, hogy a vil\u00e1g \u00f6sszes sz\u00edn\u00e9nek nyoma veszett. Minden fekete-feh\u00e9rben mutatkozott. A gy\u00f6ny\u00f6r\u0171 vir\u00e1gok,az erd\u0151 f\u00e1i mind mind fekete \u00e9s feh\u00e9r volt, \u00e9s ami a legsz\u00f6rny\u0171bb, az volt hogy m\u00e9g a sziv\u00e1rv\u00e1nynak is csak fak\u00f3 fekete,&#8230;<\/p>\n","protected":false},"author":4,"featured_media":0,"comment_status":"closed","ping_status":"closed","sticky":false,"template":"","format":"standard","meta":{"_kad_post_transparent":"","_kad_post_title":"","_kad_post_layout":"","_kad_post_sidebar_id":"","_kad_post_content_style":"","_kad_post_vertical_padding":"","_kad_post_feature":"","_kad_post_feature_position":"","_kad_post_header":false,"_kad_post_footer":false,"_kad_post_classname":"","footnotes":""},"categories":[3],"tags":[],"class_list":["post-594","post","type-post","status-publish","format-standard","hentry","category-hitmelyito-tanulmanyok"],"_links":{"self":[{"href":"https:\/\/tmbgy.demhub.net\/index.php?rest_route=\/wp\/v2\/posts\/594","targetHints":{"allow":["GET"]}}],"collection":[{"href":"https:\/\/tmbgy.demhub.net\/index.php?rest_route=\/wp\/v2\/posts"}],"about":[{"href":"https:\/\/tmbgy.demhub.net\/index.php?rest_route=\/wp\/v2\/types\/post"}],"author":[{"embeddable":true,"href":"https:\/\/tmbgy.demhub.net\/index.php?rest_route=\/wp\/v2\/users\/4"}],"replies":[{"embeddable":true,"href":"https:\/\/tmbgy.demhub.net\/index.php?rest_route=%2Fwp%2Fv2%2Fcomments&post=594"}],"version-history":[{"count":0,"href":"https:\/\/tmbgy.demhub.net\/index.php?rest_route=\/wp\/v2\/posts\/594\/revisions"}],"wp:attachment":[{"href":"https:\/\/tmbgy.demhub.net\/index.php?rest_route=%2Fwp%2Fv2%2Fmedia&parent=594"}],"wp:term":[{"taxonomy":"category","embeddable":true,"href":"https:\/\/tmbgy.demhub.net\/index.php?rest_route=%2Fwp%2Fv2%2Fcategories&post=594"},{"taxonomy":"post_tag","embeddable":true,"href":"https:\/\/tmbgy.demhub.net\/index.php?rest_route=%2Fwp%2Fv2%2Ftags&post=594"}],"curies":[{"name":"wp","href":"https:\/\/api.w.org\/{rel}","templated":true}]}}