{"id":553,"date":"2015-04-26T21:13:18","date_gmt":"2015-04-26T18:13:18","guid":{"rendered":"http:\/\/tmbgy.ro\/?p=553"},"modified":"2015-04-26T21:13:18","modified_gmt":"2015-04-26T18:13:18","slug":"baptista-identitas-2","status":"publish","type":"post","link":"https:\/\/tmbgy.demhub.net\/?p=553","title":{"rendered":"Baptista identit\u00e1s"},"content":{"rendered":"<p align=\"CENTER\"><span style=\"text-decoration: underline;\"><b>Baptista identit\u00e1s<\/b><\/span><\/p>\n<p align=\"JUSTIFY\">Nincsen egyetlen saj\u00e1tos baptista hitelv sem. Ugyanis sem a hitvall\u00f3 bemer\u00edt\u00e9s gyakorl\u00e1sa, sem az egyetemes paps\u00e1g vall\u00e1sa, vagy a gy\u00fclekezeti vezet\u00e9si modell, illetve az egyh\u00e1z \u00e9s az \u00e1llam sz\u00e9tv\u00e1laszt\u00e1sa nem egy saj\u00e1tos baptista hitelv. Hiszen m\u00e1s kereszty\u00e9n egyh\u00e1zfelekezetek is vallanak ezek k\u00f6z\u00fcl t\u00f6bb mindent. Ink\u00e1bb azt kell mondanunk, hogy t\u00f6bb hitelvnek a kombin\u00e1ci\u00f3ja adja a baptista azonoss\u00e1got. Mi tesz teh\u00e1t egy baptist\u00e1t baptist\u00e1v\u00e1?<\/p>\n<ol>\n<li>\n<p align=\"JUSTIFY\"><b>A Szent\u00edr\u00e1s hiteless\u00e9ge<\/b>: Mi hissz\u00fck, hogy a Biblia Isten t\u00e9vedhetetlen besz\u00e9de, \u00e9s hogy a Szentl\u00e9lek az \u00edrott ige \u00e1ltal tan\u00edtja meg az embert, hogy Isten akarata szerint \u00e9ljen. Vissza az ig\u00e9hez! <i>Sola Scriptura<\/i>! A baptist\u00e1k bibli\u00e1s emberek! M\u00e1sok <i>radik\u00e1lisoknak<\/i> nevezik \u0151ket \u2013 radix (latin-gy\u00f6k\u00e9r), mert az \u00edr\u00e1sban gy\u00f6kerezik a hit\u00fck.<\/p>\n<\/li>\n<li>\n<p align=\"JUSTIFY\"><b>Krisztus \u00dar volta<\/b>: \u201eJ\u00e9zus Krisztus az \u00dar!\u201d \u2013 vallja minden baptista h\u00edv\u0151 \u00e9s t\u00f6rekszik is meg\u00e9lni naponta (nemcsak Vas\u00e1rnap) egy\u00e9nileg \u00e9s alkalmank\u00e9nt a k\u00f6z\u00f6ss\u00e9gben. Kereszty\u00e9n \u2013 krisztusi, Krisztus-k\u00f6vet\u0151.<\/p>\n<\/li>\n<li>\n<p align=\"JUSTIFY\"><b>A hitvall\u00f3 bemer\u00edt\u00e9s<\/b>: Az \u00dajsz\u00f6vets\u00e9g alapj\u00e1n a baptist\u00e1k azt vallj\u00e1k, hogy kereszts\u00e9gben csak hitvall\u00f3k r\u00e9szes\u00fclhetnek, teh\u00e1t azok, akik k\u00e9pesek \u00e9s k\u00e9szek \u00f6nk\u00e9nt \u00e9s szem\u00e9lyesen Krisztust megv\u00e1lt\u00f3juknak \u00e9s uruknak vallani. A bemer\u00edt\u00e9s a Krisztus-k\u00f6vet\u00e9s egyik fontos jele, ami v\u00edzbe bemer\u00fcl\u00e9ssel t\u00f6rt\u00e9nik. Ez jelk\u00e9pezi a megt\u00e9r\u00e9s kett\u0151s jelent\u0151s\u00e9g\u00e9t: meghalni \u00e9s elszakadni a b\u0171nt\u0151l, ill. felt\u00e1madni \u00e9s azonosulni Krisztussal.<\/p>\n<\/li>\n<li>\n<p align=\"JUSTIFY\"><b>A h\u00edv\u0151k gy\u00fclekezete<\/b>: A baptist\u00e1k a gy\u00fclekezet alatt a h\u00edv\u0151k \u00f6sszegy\u00fclekez\u00e9s\u00e9t \u00e9rtik \u2013 nem pedig az \u00e9p\u00fcletet, az imah\u00e1z. A gy\u00fclekezet a Szentl\u00e9lek ind\u00edttat\u00e1s\u00e1ra, J\u00e9zus Krisztus nev\u00e9ben \u00f6sszej\u00f6n im\u00e1datra (ima, \u00e9nek), szolg\u00e1latra (adakoz\u00e1s, karitat\u00edv munka, koroszt\u00e1ly szerinti csoportfoglalkoz\u00e1s) \u00e9s vall\u00e1st\u00e9telre (igehirdet\u00e9s, szabad bizonys\u00e1gt\u00e9tel, \u00farvacsora \u00e9s bemer\u00edt\u00e9s).<\/p>\n<\/li>\n<li>\n<p align=\"JUSTIFY\"><b>A helyi gy\u00fclekezet a legfels\u0151bb d\u00f6nt\u00e9si szerv<\/b>: &#8211; nem a p\u00fcsp\u00f6ks\u00e9g, a presbiteri tan\u00e1cs, a bizotts\u00e1g vagy a lelkip\u00e1sztor, hanem a gy\u00fclekezeti tagok \u00f6sszess\u00e9ge. Az \u00farvacsorai tagok im\u00e1ds\u00e1gos sz\u00edvvel, lelki \u00e9retts\u00e9ggel a Szent L\u00e9lek vezet\u00e9s\u00e9t keresve d\u00f6nt\u00e9st hoznak az ige m\u00e9rc\u00e9j\u00e9nek megfelel\u0151en. T\u00f6bbs\u00e9gi szavazattal d\u00f6ntenek, melynek az eg\u00e9sz gy\u00fclekezet al\u00e1rendeli mag\u00e1t.<\/p>\n<\/li>\n<li>\n<p align=\"JUSTIFY\"><b>A h\u00edv\u0151k egyetemes paps\u00e1ga<\/b>: A baptist\u00e1k a Szent\u00edr\u00e1s alapj\u00e1n hiszik, hogy minden h\u00edv\u0151 szem\u00e9lyesen &#8211; emberi k\u00f6zvet\u00edt\u00e9s n\u00e9lk\u00fcl megsz\u00f3l\u00edt\u00f3ja Istent, hogy b\u0171nei bocs\u00e1nat\u00e1t k\u00e9rje. Tov\u00e1bb\u00e1 a helyi gy\u00fclekezet minden tagja bemutathatja szolg\u00e1lat\u00e1t Istennek \u2013 lelki aj\u00e1nd\u00e9kai szerint: tan\u00edt\u00e1s, \u00e9nekl\u00e9s, evangeliz\u00e1l\u00e1s, adminisztr\u00e1ci\u00f3s feladat, p\u00e1sztorl\u00e1s, betegl\u00e1togat\u00e1s, vend\u00e9gfogad\u00e1s, pr\u00f3f\u00e9t\u00e1l\u00e1s, gy\u00f3gy\u00edt\u00e1s stb.<\/p>\n<\/li>\n<li>\n<p align=\"JUSTIFY\"><b>A sz\u00f6vets\u00e9gben val\u00f3 t\u00f6m\u00f6r\u00fcl\u00e9s<\/b>: A k\u00fcl\u00f6nf\u00e9le helyi baptista gy\u00fclekezetek ter\u00fcleti, nemzeti \u00e9s nemzetk\u00f6zi sz\u00f6vets\u00e9geket alkotnak, hogy k\u00f6lcs\u00f6n\u00f6sen \u00e9p\u00edts\u00e9k \u00e9s seg\u00edts\u00e9k egym\u00e1st. Az egym\u00e1st\u00f3l val\u00f3 f\u00fcggetlened\u00e9s helyett ink\u00e1bb a k\u00f6lcs\u00f6n\u00f6s f\u00fcgg\u0151s\u00e9get l\u00e1tj\u00e1k k\u00f6vetend\u0151 bibliai modellnek. A <i>szabad evang\u00e9liumi<\/i> k\u00f6z\u00f6ss\u00e9gek, vagy <i>f\u00fcggetlen<\/i> gy\u00fclekezetek \u2013 nem azt jelentette, hogy nincs senkivel kapcsolatuk, hanem hogy a helyi gy\u00fclekezet f\u00f6l\u00f6tt nincs nagyobb emberi, szervezeti \u00e9s egyh\u00e1zi tekint\u00e9ly.<\/p>\n<\/li>\n<li>\n<p align=\"JUSTIFY\"><b>Az egyh\u00e1z \u00e9s az \u00e1llam sz\u00e9tv\u00e1laszt\u00e1sa<\/b>: Az \u00e1llam feje a kir\u00e1ly, az egyh\u00e1z\u00e9 Krisztus. A gy\u00fclekezet \u00f6nfenntart\u00f3, \u00f6nell\u00e1t\u00f3 \u2013 nem szorul \u00e1llami seg\u00edts\u00e9gre, alkalmazottait \u0151 fizeti. <i>Nonkonformist\u00e1knak<\/i> nevezt\u00e9k \u0151ket, mert kij\u00f6ttek az anglik\u00e1n \u00e1llamegyh\u00e1zb\u00f3l, melynek feje a mindenkori kir\u00e1ly \/-n\u00e9 volt.<\/p>\n<\/li>\n<li>\n<p align=\"JUSTIFY\"><b>Misszi\u00f3s lelk\u00fclet<\/b>: A baptist\u00e1k ma is engedelmeskednek a j\u00e9zusi misszi\u00f3parancsnak. \u201e<i>menjetek el \u00e9s hirdess\u00e9tek az evang\u00e9liumot minden n\u00e9pnek<\/i>\u2026\u201d Hissz\u00fck, hogy minden baptista feladata, hogy hit\u00e9t megossza m\u00e1sokkal \u2013 minden baptista egy misszion\u00e1rius. William Carrey \u2013 a modern k\u00fclmisszi\u00f3 atyja baptista volt. Kornya Mih\u00e1ly 1<span lang=\"en-US\">0000-n\u00e9l t\u00f6bb embert mer\u00edtett be. <\/span>Az Isten szeretet\u00e9nek j\u00f3 h\u00edr\u00e9vel egy\u00fctt, a baptist\u00e1k v\u00e9geznek szoci\u00e1lis \u00e9s karitat\u00edv munk\u00e1kat, oktat\u00e1si \u00e9s eg\u00e9szs\u00e9g\u00fcgyi programokat, \u00e9s hat\u00e1rozottan v\u00e9delmezik az igazs\u00e1g\u00fcgyet \u00e9s a vil\u00e1gb\u00e9k\u00e9t.<\/p>\n<\/li>\n<li>\n<p align=\"JUSTIFY\"><b>A lelkiismeret \u00e9s vall\u00e1sszabads\u00e1g v\u00e9delmez\u00e9se<\/b>: A t\u00f6rt\u00e9nelem folyam\u00e1n sokan szenvedtek \u00e9s haltak meg hitn\u00e9zet\u00fck miatt \u2013mert nem volt vall\u00e1si tolerancia. A baptist\u00e1k az els\u0151k k\u00f6z\u00f6tt sz\u00e1lltak s\u00edkra a lelkiismereti \u00e9s a vall\u00e1si szabads\u00e1g jog\u00e1nak v\u00e9delmez\u00e9s\u00e9\u00e9rt. Ma is toler\u00e1lj\u00e1k a m\u00e1ss\u00e1got \u00e9s b\u00e1tor\u00edtj\u00e1k a hitgyakorlatok k\u00fcl\u00f6nf\u00e9le megnyilv\u00e1nul\u00e1s\u00e1t.<\/p>\n<\/li>\n<li>\n<p align=\"JUSTIFY\"><b>Egys\u00e9g a soksz\u00edn\u0171s\u00e9gben<\/b>: A baptista gy\u00fclekezetek istentiszteletei v\u00e1ltozatosak, \u00e9nek-zene kult\u00far\u00e1ja sz\u00ednes &#8211; t\u00f6bbf\u00e9le n\u00e9zet, st\u00edlus vagy gyakorlat van toler\u00e1lva, ha azok nem kifog\u00e1solhat\u00f3k a Biblia alapj\u00e1n. Egys\u00e9g \u00e9s soksz\u00edn\u0171s\u00e9g egyszerre \u2013 ezt vallja. Az egys\u00e9g sokf\u00e9les\u00e9gben nyilv\u00e1nul meg. A k\u00fcl\u00f6nbs\u00e9g pedig a harm\u00f3ni\u00e1ban tal\u00e1lja meg l\u00e9te c\u00e9lj\u00e1t. Az egys\u00e9g a gy\u00fclekezeti kapcsolatokra f\u00f3kusz\u00e1l. A k\u00fcl\u00f6nb\u00f6z\u0151s\u00e9g pedig a gy\u00fclekezeti szolg\u00e1latokra. (1Kor 12, 12-26)<\/p>\n<\/li>\n<\/ol>\n","protected":false},"excerpt":{"rendered":"<p>Baptista identit\u00e1s Nincsen egyetlen saj\u00e1tos baptista hitelv sem. Ugyanis sem a hitvall\u00f3 bemer\u00edt\u00e9s gyakorl\u00e1sa, sem az egyetemes paps\u00e1g vall\u00e1sa, vagy a gy\u00fclekezeti vezet\u00e9si modell, illetve az egyh\u00e1z \u00e9s az \u00e1llam sz\u00e9tv\u00e1laszt\u00e1sa nem egy saj\u00e1tos baptista hitelv. Hiszen m\u00e1s kereszty\u00e9n egyh\u00e1zfelekezetek is vallanak ezek k\u00f6z\u00fcl t\u00f6bb mindent. Ink\u00e1bb azt kell mondanunk, hogy t\u00f6bb hitelvnek a kombin\u00e1ci\u00f3ja&#8230;<\/p>\n","protected":false},"author":4,"featured_media":0,"comment_status":"closed","ping_status":"closed","sticky":false,"template":"","format":"standard","meta":{"_kad_post_transparent":"","_kad_post_title":"","_kad_post_layout":"","_kad_post_sidebar_id":"","_kad_post_content_style":"","_kad_post_vertical_padding":"","_kad_post_feature":"","_kad_post_feature_position":"","_kad_post_header":false,"_kad_post_footer":false,"_kad_post_classname":"","footnotes":""},"categories":[4],"tags":[24],"class_list":["post-553","post","type-post","status-publish","format-standard","hentry","category-igehirdetes-vazlatok","tag-egyseg"],"_links":{"self":[{"href":"https:\/\/tmbgy.demhub.net\/index.php?rest_route=\/wp\/v2\/posts\/553","targetHints":{"allow":["GET"]}}],"collection":[{"href":"https:\/\/tmbgy.demhub.net\/index.php?rest_route=\/wp\/v2\/posts"}],"about":[{"href":"https:\/\/tmbgy.demhub.net\/index.php?rest_route=\/wp\/v2\/types\/post"}],"author":[{"embeddable":true,"href":"https:\/\/tmbgy.demhub.net\/index.php?rest_route=\/wp\/v2\/users\/4"}],"replies":[{"embeddable":true,"href":"https:\/\/tmbgy.demhub.net\/index.php?rest_route=%2Fwp%2Fv2%2Fcomments&post=553"}],"version-history":[{"count":0,"href":"https:\/\/tmbgy.demhub.net\/index.php?rest_route=\/wp\/v2\/posts\/553\/revisions"}],"wp:attachment":[{"href":"https:\/\/tmbgy.demhub.net\/index.php?rest_route=%2Fwp%2Fv2%2Fmedia&parent=553"}],"wp:term":[{"taxonomy":"category","embeddable":true,"href":"https:\/\/tmbgy.demhub.net\/index.php?rest_route=%2Fwp%2Fv2%2Fcategories&post=553"},{"taxonomy":"post_tag","embeddable":true,"href":"https:\/\/tmbgy.demhub.net\/index.php?rest_route=%2Fwp%2Fv2%2Ftags&post=553"}],"curies":[{"name":"wp","href":"https:\/\/api.w.org\/{rel}","templated":true}]}}