{"id":1384,"date":"2021-03-13T10:23:45","date_gmt":"2021-03-13T08:23:45","guid":{"rendered":"http:\/\/tmbgy.ro\/?p=1384"},"modified":"2021-03-13T10:23:45","modified_gmt":"2021-03-13T08:23:45","slug":"gyulekezeti-kozlemeny","status":"publish","type":"post","link":"https:\/\/tmbgy.demhub.net\/?p=1384","title":{"rendered":"Gy\u00fclekezeti k\u00f6zlem\u00e9ny!"},"content":{"rendered":"<p>Az \u00e9rv\u00e9nyben lev\u0151 j\u00e1rv\u00e1ny\u00fcgyi t\u00f6rv\u00e9nyek \u00e9rtelm\u00e9ben Temesv\u00e1ron, m\u00e1rcius 8 \u00e9s 21 k\u00f6z\u00f6tt nem tarthatunk istentiszteletet az imah\u00e1zban. Ez\u00e9rt a k\u00f6vetkez\u0151 k\u00e9t Vas\u00e1rnap, m\u00e1rcius 14-\u00e9n \u00e9s 21-\u00e9n az imah\u00e1z udvar\u00e1n fogjuk megtartani istentiszteleti alkalmunkat.<br \/>\n&#8211; Kezd\u00e9si id\u0151pont 11 \u00f3ra.<br \/>\n&#8211; Es\u0151 eset\u00e9n az \u00f6sszej\u00f6vetel elmarad. <span class=\"text_exposed_show\"><br \/>\n&#8211; Maszkviselet \u00e9s a 2 m\u00e9ter t\u00e1vols\u00e1gtart\u00e1s tov\u00e1bbra is \u00e9rv\u00e9nyben van. <\/span><\/p>\n<div class=\"text_exposed_show\">\n<p>&#8220;Ne hanyagoljuk el a k\u00f6z\u00f6ss\u00e9g \u00f6sszegy\u00fclekez\u00e9seit &#8211; mint egyesek teszik -, hanem b\u00e1tor\u00edtsuk egym\u00e1st! Ann\u00e1l is ink\u00e1bb, mivel l\u00e1tjuk, hogy k\u00f6zeledik az a bizonyos Nap!&#8221; (Zsid 10:25)<\/p>\n<p>Isten jelenl\u00e9t\u00e9ben \u00e1ld\u00e1st rem\u00e9lve, szeretettel v\u00e1runk!<\/p>\n<p>Boros R\u00f3bert lp.<\/p>\n<\/div>\n","protected":false},"excerpt":{"rendered":"<p>Az \u00e9rv\u00e9nyben lev\u0151 j\u00e1rv\u00e1ny\u00fcgyi t\u00f6rv\u00e9nyek \u00e9rtelm\u00e9ben Temesv\u00e1ron, m\u00e1rcius 8 \u00e9s 21 k\u00f6z\u00f6tt nem tarthatunk istentiszteletet az imah\u00e1zban. Ez\u00e9rt a k\u00f6vetkez\u0151 k\u00e9t Vas\u00e1rnap, m\u00e1rcius 14-\u00e9n \u00e9s 21-\u00e9n az imah\u00e1z udvar\u00e1n fogjuk megtartani istentiszteleti alkalmunkat. &#8211; Kezd\u00e9si id\u0151pont 11 \u00f3ra. &#8211; Es\u0151 eset\u00e9n az \u00f6sszej\u00f6vetel elmarad. &#8211; Maszkviselet \u00e9s a 2 m\u00e9ter t\u00e1vols\u00e1gtart\u00e1s tov\u00e1bbra is \u00e9rv\u00e9nyben van&#8230;.<\/p>\n","protected":false},"author":4,"featured_media":0,"comment_status":"closed","ping_status":"closed","sticky":false,"template":"","format":"standard","meta":{"_kad_post_transparent":"","_kad_post_title":"","_kad_post_layout":"","_kad_post_sidebar_id":"","_kad_post_content_style":"","_kad_post_vertical_padding":"","_kad_post_feature":"","_kad_post_feature_position":"","_kad_post_header":false,"_kad_post_footer":false,"_kad_post_classname":"","footnotes":""},"categories":[2],"tags":[],"class_list":["post-1384","post","type-post","status-publish","format-standard","hentry","category-hirdetesek"],"_links":{"self":[{"href":"https:\/\/tmbgy.demhub.net\/index.php?rest_route=\/wp\/v2\/posts\/1384","targetHints":{"allow":["GET"]}}],"collection":[{"href":"https:\/\/tmbgy.demhub.net\/index.php?rest_route=\/wp\/v2\/posts"}],"about":[{"href":"https:\/\/tmbgy.demhub.net\/index.php?rest_route=\/wp\/v2\/types\/post"}],"author":[{"embeddable":true,"href":"https:\/\/tmbgy.demhub.net\/index.php?rest_route=\/wp\/v2\/users\/4"}],"replies":[{"embeddable":true,"href":"https:\/\/tmbgy.demhub.net\/index.php?rest_route=%2Fwp%2Fv2%2Fcomments&post=1384"}],"version-history":[{"count":0,"href":"https:\/\/tmbgy.demhub.net\/index.php?rest_route=\/wp\/v2\/posts\/1384\/revisions"}],"wp:attachment":[{"href":"https:\/\/tmbgy.demhub.net\/index.php?rest_route=%2Fwp%2Fv2%2Fmedia&parent=1384"}],"wp:term":[{"taxonomy":"category","embeddable":true,"href":"https:\/\/tmbgy.demhub.net\/index.php?rest_route=%2Fwp%2Fv2%2Fcategories&post=1384"},{"taxonomy":"post_tag","embeddable":true,"href":"https:\/\/tmbgy.demhub.net\/index.php?rest_route=%2Fwp%2Fv2%2Ftags&post=1384"}],"curies":[{"name":"wp","href":"https:\/\/api.w.org\/{rel}","templated":true}]}}