{"id":1321,"date":"2020-06-19T15:33:28","date_gmt":"2020-06-19T12:33:28","guid":{"rendered":"http:\/\/tmbgy.ro\/?p=1321"},"modified":"2020-06-19T15:33:28","modified_gmt":"2020-06-19T12:33:28","slug":"junius-21-i-istentisztelet","status":"publish","type":"post","link":"https:\/\/tmbgy.demhub.net\/?p=1321","title":{"rendered":"J\u00fanius 21.-i istentisztelet"},"content":{"rendered":"<p>Kedves testv\u00e9reink, bar\u00e1taink!<\/p>\n<p>Vas\u00e1rnap, j\u00fanius 21.-t\u0151l \u00fajb\u00f3l megengedett a benti istentiszteletek tart\u00e1sa, az al\u00e1bbi felt\u00e9telek mellett:<br \/>\n&#8211; a maszk visel\u00e9se k\u00f6telez\u0151<br \/>\n&#8211; bel\u00e9p\u00e9s el\u0151tt a k\u00e9z fert\u0151tlen\u00edt\u00e9se k\u00f6telez\u0151<span class=\"text_exposed_show\"><br \/>\n&#8211; tilos a l\u00e9guti fert\u0151z\u00e9s t\u00fcneteit mutat\u00f3 szem\u00e9lyek bel\u00e9p\u00e9se az istentiszteleti terembe<br \/>\n&#8211; k\u00e9t szem\u00e9ly k\u00f6z\u00f6tt legkevesebb 2 m t\u00e1vols\u00e1got kell tartani. Ennek \u00e9rdek\u00e9ben k\u00e9rj\u00fck, hogy csak minden m\u00e1sodik padot foglaljunk el.<br \/>\nSzeretettel h\u00edvunk \u00e9s v\u00e1runk mindenkit a rom\u00e1n adventista imah\u00e1z term\u00e9ben, d\u00e9lel\u0151tt 10.-t\u0151l kezd\u0151d\u0151 alkalmunkra (Independentei u. 19) !<\/span><\/p>\n","protected":false},"excerpt":{"rendered":"<p>Kedves testv\u00e9reink, bar\u00e1taink! Vas\u00e1rnap, j\u00fanius 21.-t\u0151l \u00fajb\u00f3l megengedett a benti istentiszteletek tart\u00e1sa, az al\u00e1bbi felt\u00e9telek mellett: &#8211; a maszk visel\u00e9se k\u00f6telez\u0151 &#8211; bel\u00e9p\u00e9s el\u0151tt a k\u00e9z fert\u0151tlen\u00edt\u00e9se k\u00f6telez\u0151 &#8211; tilos a l\u00e9guti fert\u0151z\u00e9s t\u00fcneteit mutat\u00f3 szem\u00e9lyek bel\u00e9p\u00e9se az istentiszteleti terembe &#8211; k\u00e9t szem\u00e9ly k\u00f6z\u00f6tt legkevesebb 2 m t\u00e1vols\u00e1got kell tartani. Ennek \u00e9rdek\u00e9ben k\u00e9rj\u00fck, hogy csak&#8230;<\/p>\n","protected":false},"author":3,"featured_media":0,"comment_status":"closed","ping_status":"closed","sticky":false,"template":"","format":"standard","meta":{"_kad_post_transparent":"","_kad_post_title":"","_kad_post_layout":"","_kad_post_sidebar_id":"","_kad_post_content_style":"","_kad_post_vertical_padding":"","_kad_post_feature":"","_kad_post_feature_position":"","_kad_post_header":false,"_kad_post_footer":false,"_kad_post_classname":"","footnotes":""},"categories":[2],"tags":[],"class_list":["post-1321","post","type-post","status-publish","format-standard","hentry","category-hirdetesek"],"_links":{"self":[{"href":"https:\/\/tmbgy.demhub.net\/index.php?rest_route=\/wp\/v2\/posts\/1321","targetHints":{"allow":["GET"]}}],"collection":[{"href":"https:\/\/tmbgy.demhub.net\/index.php?rest_route=\/wp\/v2\/posts"}],"about":[{"href":"https:\/\/tmbgy.demhub.net\/index.php?rest_route=\/wp\/v2\/types\/post"}],"author":[{"embeddable":true,"href":"https:\/\/tmbgy.demhub.net\/index.php?rest_route=\/wp\/v2\/users\/3"}],"replies":[{"embeddable":true,"href":"https:\/\/tmbgy.demhub.net\/index.php?rest_route=%2Fwp%2Fv2%2Fcomments&post=1321"}],"version-history":[{"count":0,"href":"https:\/\/tmbgy.demhub.net\/index.php?rest_route=\/wp\/v2\/posts\/1321\/revisions"}],"wp:attachment":[{"href":"https:\/\/tmbgy.demhub.net\/index.php?rest_route=%2Fwp%2Fv2%2Fmedia&parent=1321"}],"wp:term":[{"taxonomy":"category","embeddable":true,"href":"https:\/\/tmbgy.demhub.net\/index.php?rest_route=%2Fwp%2Fv2%2Fcategories&post=1321"},{"taxonomy":"post_tag","embeddable":true,"href":"https:\/\/tmbgy.demhub.net\/index.php?rest_route=%2Fwp%2Fv2%2Ftags&post=1321"}],"curies":[{"name":"wp","href":"https:\/\/api.w.org\/{rel}","templated":true}]}}