{"id":1304,"date":"2020-05-30T11:45:17","date_gmt":"2020-05-30T08:45:17","guid":{"rendered":"http:\/\/tmbgy.ro\/?p=1304"},"modified":"2020-05-30T11:45:17","modified_gmt":"2020-05-30T08:45:17","slug":"hirdetes-punkosdi-osszejovetel","status":"publish","type":"post","link":"https:\/\/tmbgy.demhub.net\/?p=1304","title":{"rendered":"Hirdet\u00e9s &#8211; P\u00fcnk\u00f6sdi \u00f6sszej\u00f6vetel"},"content":{"rendered":"<p>Kedves testv\u00e9rek, bar\u00e1tok!<\/p>\n<p>Ha az \u00dar akarja \u00e9s \u00e9l\u00fcnk, m\u00e1jus 31-\u00e9n P\u00fcnk\u00f6sdvas\u00e1rnap d\u00e9lel\u0151tt 11 \u00f3rakor az adventista rom\u00e1n imah\u00e1z (Independentei 19 sz.) udvar\u00e1n szabadt\u00e9ri \u00farvacsorai istentiszteletet tartunk.<\/p>\n<p>K\u00e9rj\u00fck a k\u00f6vetkez\u0151 rendeletek betart\u00e1s\u00e1t:<span class=\"text_exposed_show\"><br \/>\n1. Az udvar bej\u00e1rat\u00e1n\u00e1l haszn\u00e1ljunk k\u00e9zfert\u0151tlen\u00edt\u0151t.<br \/>\n2. A maszk visel\u00e9se nem k\u00f6telez\u0151, de aj\u00e1nlott.<br \/>\n3. Tartsuk be a 2 m biztons\u00e1gi t\u00e1vols\u00e1got. Egym\u00e1s \u00fcdv\u00f6zl\u00e9s\u00e9t most ne k\u00e9zfog\u00e1ssal, \u00f6lel\u00e9ssel, puszival tegy\u00fck, hanem sz\u00e9les mosollyal \u00e9s \u00e1ld\u00e1sk\u00edv\u00e1n\u00e1ssal.<br \/>\n4. Akik meg vannak f\u00e1zva, esetleg h\u0151emelked\u00e9s\u00fck van, k\u00e9rj\u00fck most maradjanak otthon a t\u00f6bbiek \u00e9rdek\u00e9ben.<br \/>\n5. A bej\u00e1ratn\u00e1l vegy\u00fck figyelembe a szervez\u0151k \u00fatbaigaz\u00edt\u00e1s\u00e1t.<br \/>\n6. Legyen n\u00e1lunk Hit Hangjai \u00e9nekesk\u00f6nyv.<\/span><\/p>\n<div class=\"text_exposed_show\">\n<p>Im\u00e1dkozzunk, Isten adjon j\u00f3 id\u0151t!<br \/>\nA tal\u00e1lkoz\u00e1s rem\u00e9ny\u00e9ben, Boros R\u00f3bert lp.<\/p>\n<\/div>\n","protected":false},"excerpt":{"rendered":"<p>Kedves testv\u00e9rek, bar\u00e1tok! Ha az \u00dar akarja \u00e9s \u00e9l\u00fcnk, m\u00e1jus 31-\u00e9n P\u00fcnk\u00f6sdvas\u00e1rnap d\u00e9lel\u0151tt 11 \u00f3rakor az adventista rom\u00e1n imah\u00e1z (Independentei 19 sz.) udvar\u00e1n szabadt\u00e9ri \u00farvacsorai istentiszteletet tartunk. K\u00e9rj\u00fck a k\u00f6vetkez\u0151 rendeletek betart\u00e1s\u00e1t: 1. Az udvar bej\u00e1rat\u00e1n\u00e1l haszn\u00e1ljunk k\u00e9zfert\u0151tlen\u00edt\u0151t. 2. A maszk visel\u00e9se nem k\u00f6telez\u0151, de aj\u00e1nlott. 3. Tartsuk be a 2 m biztons\u00e1gi t\u00e1vols\u00e1got. Egym\u00e1s&#8230;<\/p>\n","protected":false},"author":4,"featured_media":0,"comment_status":"closed","ping_status":"closed","sticky":false,"template":"","format":"standard","meta":{"_kad_post_transparent":"","_kad_post_title":"","_kad_post_layout":"","_kad_post_sidebar_id":"","_kad_post_content_style":"","_kad_post_vertical_padding":"","_kad_post_feature":"","_kad_post_feature_position":"","_kad_post_header":false,"_kad_post_footer":false,"_kad_post_classname":"","footnotes":""},"categories":[2],"tags":[],"class_list":["post-1304","post","type-post","status-publish","format-standard","hentry","category-hirdetesek"],"_links":{"self":[{"href":"https:\/\/tmbgy.demhub.net\/index.php?rest_route=\/wp\/v2\/posts\/1304","targetHints":{"allow":["GET"]}}],"collection":[{"href":"https:\/\/tmbgy.demhub.net\/index.php?rest_route=\/wp\/v2\/posts"}],"about":[{"href":"https:\/\/tmbgy.demhub.net\/index.php?rest_route=\/wp\/v2\/types\/post"}],"author":[{"embeddable":true,"href":"https:\/\/tmbgy.demhub.net\/index.php?rest_route=\/wp\/v2\/users\/4"}],"replies":[{"embeddable":true,"href":"https:\/\/tmbgy.demhub.net\/index.php?rest_route=%2Fwp%2Fv2%2Fcomments&post=1304"}],"version-history":[{"count":0,"href":"https:\/\/tmbgy.demhub.net\/index.php?rest_route=\/wp\/v2\/posts\/1304\/revisions"}],"wp:attachment":[{"href":"https:\/\/tmbgy.demhub.net\/index.php?rest_route=%2Fwp%2Fv2%2Fmedia&parent=1304"}],"wp:term":[{"taxonomy":"category","embeddable":true,"href":"https:\/\/tmbgy.demhub.net\/index.php?rest_route=%2Fwp%2Fv2%2Fcategories&post=1304"},{"taxonomy":"post_tag","embeddable":true,"href":"https:\/\/tmbgy.demhub.net\/index.php?rest_route=%2Fwp%2Fv2%2Ftags&post=1304"}],"curies":[{"name":"wp","href":"https:\/\/api.w.org\/{rel}","templated":true}]}}