{"id":1300,"date":"2020-05-23T11:39:00","date_gmt":"2020-05-23T08:39:00","guid":{"rendered":"http:\/\/tmbgy.ro\/?p=1300"},"modified":"2020-05-23T11:39:00","modified_gmt":"2020-05-23T08:39:00","slug":"hirdetes-2","status":"publish","type":"post","link":"https:\/\/tmbgy.demhub.net\/?p=1300","title":{"rendered":"Hirdet\u00e9s"},"content":{"rendered":"<p class=\"western\"><span style=\"font-size: 14pt;\"><strong><span style=\"font-family: Calibri, sans-serif;\">Szeretettel a Temesv\u00e1ri Magyar Baptista Gy\u00fclekezet tagjainak, hozz\u00e1tartoz\u00f3inak \u00e9s kedves bar\u00e1tainknak!<\/span><\/strong><\/span><\/p>\n<p class=\"western\"><span style=\"font-size: 14pt;\"><strong><span style=\"font-family: Calibri, sans-serif;\">\u00c9rtes\u00edt\u00fcnk benneteket, hogy a vezet\u0151s\u00e9g d\u00f6nt\u00e9se alapj\u00e1n, a kedvez\u0151tlen id\u0151j\u00e1r\u00e1si viszonyok miatt a m\u00e1jus 24-i istentiszteletet csak interneten k\u00f6zvet\u00edtj\u00fck.<\/span><\/strong><\/span><\/p>\n<p class=\"western\"><span style=\"font-size: 14pt;\"><strong><span style=\"font-family: Calibri, sans-serif;\">Rem\u00e9lhet\u0151leg a m\u00e1jus 31-i P\u00fcnk\u00f6sdvas\u00e1rnapi \u00e9s \u00farvacsorai istentisztelet\u00fcnket m\u00e1r megtarthatjuk 11 \u00f3rai kezdettel. Term\u00e9szetesen az aktu\u00e1lis korm\u00e1nyrendeleti szab\u00e1lyok \u00e9rtelm\u00e9ben szabadt\u00e9rben, betartva a 2 m. t\u00e1vols\u00e1got, a rom\u00e1n Adventista imah\u00e1z udvar\u00e1n. Im\u00e1dkozzunk, hogy Isten tegye lehet\u0151v\u00e9 ezt. \u00a0<\/span><\/strong><\/span><\/p>\n<p class=\"western\"><span style=\"font-size: 14pt;\"><strong><span style=\"font-family: Calibri, sans-serif;\">Tisztelettel \u00e9s szeretettel, Boros R\u00f3bert lp.<\/span><\/strong><\/span><\/p>\n","protected":false},"excerpt":{"rendered":"<p>Szeretettel a Temesv\u00e1ri Magyar Baptista Gy\u00fclekezet tagjainak, hozz\u00e1tartoz\u00f3inak \u00e9s kedves bar\u00e1tainknak! \u00c9rtes\u00edt\u00fcnk benneteket, hogy a vezet\u0151s\u00e9g d\u00f6nt\u00e9se alapj\u00e1n, a kedvez\u0151tlen id\u0151j\u00e1r\u00e1si viszonyok miatt a m\u00e1jus 24-i istentiszteletet csak interneten k\u00f6zvet\u00edtj\u00fck. Rem\u00e9lhet\u0151leg a m\u00e1jus 31-i P\u00fcnk\u00f6sdvas\u00e1rnapi \u00e9s \u00farvacsorai istentisztelet\u00fcnket m\u00e1r megtarthatjuk 11 \u00f3rai kezdettel. Term\u00e9szetesen az aktu\u00e1lis korm\u00e1nyrendeleti szab\u00e1lyok \u00e9rtelm\u00e9ben szabadt\u00e9rben, betartva a 2 m. t\u00e1vols\u00e1got,&#8230;<\/p>\n","protected":false},"author":4,"featured_media":0,"comment_status":"closed","ping_status":"closed","sticky":false,"template":"","format":"standard","meta":{"_kad_post_transparent":"","_kad_post_title":"","_kad_post_layout":"","_kad_post_sidebar_id":"","_kad_post_content_style":"","_kad_post_vertical_padding":"","_kad_post_feature":"","_kad_post_feature_position":"","_kad_post_header":false,"_kad_post_footer":false,"_kad_post_classname":"","footnotes":""},"categories":[2],"tags":[],"class_list":["post-1300","post","type-post","status-publish","format-standard","hentry","category-hirdetesek"],"_links":{"self":[{"href":"https:\/\/tmbgy.demhub.net\/index.php?rest_route=\/wp\/v2\/posts\/1300","targetHints":{"allow":["GET"]}}],"collection":[{"href":"https:\/\/tmbgy.demhub.net\/index.php?rest_route=\/wp\/v2\/posts"}],"about":[{"href":"https:\/\/tmbgy.demhub.net\/index.php?rest_route=\/wp\/v2\/types\/post"}],"author":[{"embeddable":true,"href":"https:\/\/tmbgy.demhub.net\/index.php?rest_route=\/wp\/v2\/users\/4"}],"replies":[{"embeddable":true,"href":"https:\/\/tmbgy.demhub.net\/index.php?rest_route=%2Fwp%2Fv2%2Fcomments&post=1300"}],"version-history":[{"count":0,"href":"https:\/\/tmbgy.demhub.net\/index.php?rest_route=\/wp\/v2\/posts\/1300\/revisions"}],"wp:attachment":[{"href":"https:\/\/tmbgy.demhub.net\/index.php?rest_route=%2Fwp%2Fv2%2Fmedia&parent=1300"}],"wp:term":[{"taxonomy":"category","embeddable":true,"href":"https:\/\/tmbgy.demhub.net\/index.php?rest_route=%2Fwp%2Fv2%2Fcategories&post=1300"},{"taxonomy":"post_tag","embeddable":true,"href":"https:\/\/tmbgy.demhub.net\/index.php?rest_route=%2Fwp%2Fv2%2Ftags&post=1300"}],"curies":[{"name":"wp","href":"https:\/\/api.w.org\/{rel}","templated":true}]}}