{"id":1265,"date":"2020-01-16T16:30:25","date_gmt":"2020-01-16T14:30:25","guid":{"rendered":"http:\/\/tmbgy.ro\/?p=1265"},"modified":"2020-01-16T16:30:25","modified_gmt":"2020-01-16T14:30:25","slug":"koszonetnyilvanitas","status":"publish","type":"post","link":"https:\/\/tmbgy.demhub.net\/?p=1265","title":{"rendered":"K\u00f6sz\u00f6netnyilv\u00e1n\u00edt\u00e1s"},"content":{"rendered":"<p class=\"yiv5865249660ydp454cfb1fMsoNormal\">A Temesv\u00e1ri Magyar Baptista Gy\u00fclekezet k\u00f6z\u00f6ss\u00e9ge k\u00f6sz\u00f6net\u00e9t fejezi ki a Bethlen G\u00e1bor Alapkezel\u0151 Zrt.-nek, hogy a 2019-es \u00e9vben hozz\u00e1j\u00e1rult a hangtechnikai eszk\u00f6z\u00f6k beszerz\u00e9s\u00e9hez az \u00fajj\u00e1\u00e9pitett imaterem kihangosit\u00e1s\u00e1hoz.<\/p>\n<div><span style=\"font-size: 12pt;\">A t\u00e1mogat\u00e1st ez\u00faton is k\u00f6sz\u00f6nj\u00fck!<\/span><\/div>\n<div><\/div>\n<div><img loading=\"lazy\" decoding=\"async\" class=\"alignnone size-full wp-image-12701\" src=\"https:\/\/bgazrt.hu\/wp-content\/uploads\/2019\/05\/xmegvalosult_a_magyar_kormany_tamogatasaval_bga_alap.jpg.pagespeed.ic.vZH8rt7JZH.jpg\" sizes=\"auto, (max-width: 2244px) 100vw, 2244px\" srcset=\"https:\/\/bgazrt.hu\/wp-content\/uploads\/2019\/05\/xmegvalosult_a_magyar_kormany_tamogatasaval_bga_alap.jpg.pagespeed.ic.vZH8rt7JZH.jpg 2244w, https:\/\/bgazrt.hu\/wp-content\/uploads\/2019\/05\/xmegvalosult_a_magyar_kormany_tamogatasaval_bga_alap-300x67.jpg.pagespeed.ic.IZFkUMlsDr.jpg 300w, https:\/\/bgazrt.hu\/wp-content\/uploads\/2019\/05\/xmegvalosult_a_magyar_kormany_tamogatasaval_bga_alap-768x171.jpg.pagespeed.ic.9xZrR6taaF.jpg 768w, https:\/\/bgazrt.hu\/wp-content\/uploads\/2019\/05\/xmegvalosult_a_magyar_kormany_tamogatasaval_bga_alap-1024x229.jpg.pagespeed.ic.sUhoSJDidq.jpg 1024w, https:\/\/bgazrt.hu\/wp-content\/uploads\/2019\/05\/xmegvalosult_a_magyar_kormany_tamogatasaval_bga_alap-585x131.jpg.pagespeed.ic.g2KLyEjDUm.jpg 585w\" alt=\"\" width=\"2244\" height=\"501\" \/><\/div>\n","protected":false},"excerpt":{"rendered":"<p>A Temesv\u00e1ri Magyar Baptista Gy\u00fclekezet k\u00f6z\u00f6ss\u00e9ge k\u00f6sz\u00f6net\u00e9t fejezi ki a Bethlen G\u00e1bor Alapkezel\u0151 Zrt.-nek, hogy a 2019-es \u00e9vben hozz\u00e1j\u00e1rult a hangtechnikai eszk\u00f6z\u00f6k beszerz\u00e9s\u00e9hez az \u00fajj\u00e1\u00e9pitett imaterem kihangosit\u00e1s\u00e1hoz. A t\u00e1mogat\u00e1st ez\u00faton is k\u00f6sz\u00f6nj\u00fck!<\/p>\n","protected":false},"author":4,"featured_media":0,"comment_status":"closed","ping_status":"closed","sticky":false,"template":"","format":"standard","meta":{"_kad_post_transparent":"","_kad_post_title":"","_kad_post_layout":"","_kad_post_sidebar_id":"","_kad_post_content_style":"","_kad_post_vertical_padding":"","_kad_post_feature":"","_kad_post_feature_position":"","_kad_post_header":false,"_kad_post_footer":false,"_kad_post_classname":"","footnotes":""},"categories":[2,1],"tags":[],"class_list":["post-1265","post","type-post","status-publish","format-standard","hentry","category-hirdetesek","category-uncategorized"],"_links":{"self":[{"href":"https:\/\/tmbgy.demhub.net\/index.php?rest_route=\/wp\/v2\/posts\/1265","targetHints":{"allow":["GET"]}}],"collection":[{"href":"https:\/\/tmbgy.demhub.net\/index.php?rest_route=\/wp\/v2\/posts"}],"about":[{"href":"https:\/\/tmbgy.demhub.net\/index.php?rest_route=\/wp\/v2\/types\/post"}],"author":[{"embeddable":true,"href":"https:\/\/tmbgy.demhub.net\/index.php?rest_route=\/wp\/v2\/users\/4"}],"replies":[{"embeddable":true,"href":"https:\/\/tmbgy.demhub.net\/index.php?rest_route=%2Fwp%2Fv2%2Fcomments&post=1265"}],"version-history":[{"count":0,"href":"https:\/\/tmbgy.demhub.net\/index.php?rest_route=\/wp\/v2\/posts\/1265\/revisions"}],"wp:attachment":[{"href":"https:\/\/tmbgy.demhub.net\/index.php?rest_route=%2Fwp%2Fv2%2Fmedia&parent=1265"}],"wp:term":[{"taxonomy":"category","embeddable":true,"href":"https:\/\/tmbgy.demhub.net\/index.php?rest_route=%2Fwp%2Fv2%2Fcategories&post=1265"},{"taxonomy":"post_tag","embeddable":true,"href":"https:\/\/tmbgy.demhub.net\/index.php?rest_route=%2Fwp%2Fv2%2Ftags&post=1265"}],"curies":[{"name":"wp","href":"https:\/\/api.w.org\/{rel}","templated":true}]}}