{"id":1224,"date":"2019-03-24T22:33:40","date_gmt":"2019-03-24T20:33:40","guid":{"rendered":"http:\/\/tmbgy.ro\/?p=1224"},"modified":"2019-03-24T22:33:40","modified_gmt":"2019-03-24T20:33:40","slug":"oszlop-isten-templomaban","status":"publish","type":"post","link":"https:\/\/tmbgy.demhub.net\/?p=1224","title":{"rendered":"Oszlop Isten templom\u00e1ban"},"content":{"rendered":"<p class=\"western\" align=\"left\"><span style=\"font-family: DejaVu Serif, serif;\"><span style=\"font-size: small;\">Gal 2:9 \u00c9s amikor Jakab \u00e9s K\u00e9f\u00e1s meg J\u00e1nos, akiket oszlopoknak tekintenek, felismert\u00e9k a nekem adott kegyelmet, meg\u00e1llapod\u00e1sul kezet adtak nekem \u00e9s Barnab\u00e1snak, hogy mi a pog\u00e1nyokhoz menj\u00fcnk, \u0151k pedig a k\u00f6r\u00fclmet\u00e9ltekhez.<\/span><\/span><\/p>\n<p class=\"western\" align=\"left\"><span style=\"font-family: DejaVu Serif, serif;\"><span style=\"font-size: small;\">Jel 3:12 Aki gy\u0151z, azt oszlopp\u00e1 teszem az \u00e9n Istenem templom\u00e1ban, \u00e9s onnan nem ker\u00fcl ki t\u00f6bb\u00e9, fel\u00edrom r\u00e1 az \u00e9n Istenem nev\u00e9t, \u00e9s az \u00e9n Istenem v\u00e1ros\u00e1nak, az \u00faj Jeruzs\u00e1lemnek a nev\u00e9t, amely a mennyb\u0151l sz\u00e1ll al\u00e1 az \u00e9n Istenemt\u0151l, \u00e9s az \u00e9n \u00faj nevemet.<\/span><\/span><\/p>\n<p align=\"left\"><span style=\"font-family: DejaVu Serif, serif;\"><span style=\"font-size: small;\">Az igehirdet\u00e9s<\/span><span style=\"font-size: small;\"> c\u00e9l<\/span><span style=\"font-size: small;\">ja<\/span><span style=\"font-size: small;\"> az hogy:<\/span> <\/span><\/p>\n<p class=\"western\" align=\"left\"><span style=\"font-family: DejaVu Serif, serif;\"><span style=\"font-size: small;\">&#8211; <\/span><span style=\"font-size: small;\">l<\/span><span style=\"font-size: small;\">egy\u00fcnk oszlopos tagjai a gy\u00fclekezetnek<\/span><span style=\"font-size: small;\">, <\/span><\/span><\/p>\n<p class=\"western\" align=\"left\"><span style=\"font-family: DejaVu Serif, serif;\"><span style=\"font-size: small;\">&#8211; ismerj\u00fck fel megb\u00edzat\u00e1sunk \u00e9s teljes\u00edts\u00fck <\/span><span style=\"font-size: small;\">az<\/span><span style=\"font-size: small;\">t, \u00e9s <\/span><\/span><\/p>\n<p class=\"western\" align=\"left\"><span style=\"font-family: DejaVu Serif, serif;\"><span style=\"font-size: small;\">&#8211; egy napon legy\u00fcnk oszlopok Isten mennyei templom\u00e1ban!<\/span><\/span><\/p>\n<p class=\"western\" align=\"left\"><span style=\"font-family: DejaVu Serif, serif;\"><span style=\"font-size: small;\">Sok k\u00e9rd\u00e9s <\/span><span style=\"font-size: small;\">tev\u0151dik fel<\/span><span style=\"font-size: small;\">, \u00f6nvizsg\u00e1lati k\u00e9rd\u00e9sek, v\u00e1laszoljunk <\/span><span style=\"font-size: small;\">r\u00e1<\/span><span style=\"font-size: small;\">!<\/span><\/span><\/p>\n<p class=\"western\" align=\"left\"><span style=\"font-family: DejaVu Serif, serif;\"><span style=\"font-size: small;\">Az o<\/span><span style=\"font-size: small;\">szlop<\/span><span style=\"font-size: small;\">pal s\u0171r\u0171n tal\u00e1lkozunk a Bibli\u00e1ban, <\/span><span style=\"font-size: small;\">csaknem <\/span><span style=\"font-size: small;\">151-szer van \u00edrva r\u00f3la, k\u00fcl\u00f6n\u00f6sen az \u00d3 Sz\u00f6v<\/span><span style=\"font-size: small;\">ets\u00e9g<\/span><span style=\"font-size: small;\">ben, 146-szor fordul el\u0151. <\/span><\/span><\/p>\n<p class=\"western\" align=\"left\"><span style=\"font-family: DejaVu Serif, serif;\"><span style=\"font-size: small;\">Milyen c\u00e9llal \u00e9p\u00edtettek, vagy \u00e1ll\u00edtottak oszlopot?<\/span><\/span><\/p>\n<p class=\"western\" align=\"left\"><span style=\"font-family: DejaVu Serif, serif;\"><span style=\"font-size: small;\">&#8211; olvasunk felh\u0151 oszlopr\u00f3l, t\u0171z oszlopr\u00f3l, ezeket Isten \u00e1ll\u00edtotta, \u00edgy vezette n\u00e9p\u00e9t, <\/span><\/span><\/p>\n<p class=\"western\" align=\"left\"><span style=\"font-family: DejaVu Serif, serif;\"><span style=\"font-size: small;\">&#8211; olvasunk eml\u00e9k oszlopr\u00f3l, ezeket k\u00fcl\u00f6nb\u00f6z\u0151 szem\u00e9lyek <\/span><span style=\"font-size: small;\">\u00e1ll\u00edtott\u00e1k<\/span><span style=\"font-size: small;\">, eml\u00e9keztet\u0151\u00fcl egy esem\u00e9nyre, vagy saj\u00e1t magukra,<\/span><\/span><\/p>\n<p class=\"western\" align=\"left\"><span style=\"font-family: DejaVu Serif, serif;\"><span style=\"font-size: small;\">&#8211; olvasunk tart\u00f3 oszlopokr\u00f3l, <\/span><span style=\"font-size: small;\">p\u00e9ld\u00e1ul a <\/span><span style=\"font-size: small;\">S\u00e1mson t\u00f6rt\u00e9net\u00e9ben,<\/span><\/span><\/p>\n<p class=\"western\" align=\"left\"><span style=\"font-family: DejaVu Serif, serif;\"><span style=\"font-size: small;\">&#8211; olyan oszlopr\u00f3l pedig amelynek semmi c\u00e9lja ne legyen, csak \u00f6nmag\u00e1\u00e9rt legyen, nem olvasunk.<\/span><\/span><\/p>\n<p class=\"western\" align=\"left\"><span style=\"font-family: DejaVu Serif, serif;\"><span style=\"font-size: small;\">Ha megfigyelj\u00fck, Isten mindenkit oszlopp\u00e1 akar tenni, &#8220;aki gy\u0151z&#8221;, \u00e9s mindenki kell gy\u0151zz\u00f6n! Teh\u00e1t mindenki oszlop lesz aki gy\u0151z. <\/span><\/span><\/p>\n<p class=\"western\" align=\"left\"><span style=\"font-family: DejaVu Serif, serif;\"><span style=\"font-size: small;\">Az oszlop <\/span><span style=\"font-size: small;\">nem egy passz\u00edv jelenl\u00e9tre utal, hanem <\/span><span style=\"font-size: small;\">egy jelk\u00e9p, \u00fagy mint Jakab, K\u00e9f\u00e1s \u00e9s J\u00e1nos voltak, akikr\u0151l a galata lev\u00e9lben olvastunk, \u00fagy tekintettek r\u00e1juk &#8230; , alapos tagjai voltak a gy\u00fcl<\/span><span style=\"font-size: small;\">ekezet<\/span><span style=\"font-size: small;\">nek,<\/span><\/span><\/p>\n<p class=\"western\" align=\"left\"><span style=\"font-family: DejaVu Serif, serif;\"><span style=\"font-size: small;\">Hiszem azt, hogy sok m\u00e1s oszlopos tag volt m\u00e9g ott. <\/span><\/span><\/p>\n<p class=\"western\" align=\"left\"><span style=\"font-family: DejaVu Serif, serif;\"><span style=\"font-size: small;\">Mikor az \u00fcld\u00f6ztet\u00e9s t\u00e1madt, sokan elsz\u00e9ledtek, de tov\u00e1bb folytatt\u00e1k munk\u00e1jukat, hirdett\u00e9k az evang\u00e9liumot b\u00e1rhova mentek, szerintem \u0151k is oszlopok voltak a maguk hely\u00e9n. Nem voltak apostolok, de szem\u00e9lyes <\/span><span style=\"font-size: small;\">evangeliz\u00e1ci\u00f3t<\/span><span style=\"font-size: small;\"> v\u00e9geztek.<\/span><\/span><\/p>\n<p class=\"western\" align=\"left\"><span style=\"font-family: DejaVu Serif, serif;\"><span style=\"font-size: small;\">Nem minden oszlop l\u00e1tszik, vannak rejtett oszlopok is csak akkor tal\u00e1lod meg \u0151ket ha keresed, de akkor amikor sz\u00fcks\u00e9g van r\u00e1juk, akkor <\/span><span style=\"font-size: small;\">kit\u0171nnek<\/span><span style=\"font-size: small;\">, ott vannak.<\/span><\/span><\/p>\n<p class=\"western\" align=\"left\"><span style=\"font-family: DejaVu Serif, serif;\"><span style=\"font-size: small;\">Teh\u00e1t nemcsak azok oszlopok akik l\u00e1tszanak, akik vezet\u0151k, akik el\u0151l j\u00e1rnak, azok is oszlopok akik rejtve hordj\u00e1k a terhet, pl. ha adakozni kell, ha jav\u00edt\u00e1sokat kell elv\u00e9gezni, ott vannak \u0151k, ha takar\u00edtani kell, ha f\u0151zni kell egy rendezv\u00e9nyre, ha villanyszerel\u00e9st kell v\u00e9gezni, ott vannak \u0151k, \u00e9s sorolhatn\u00e1nk tov\u00e1bb.<\/span><\/span><\/p>\n<p class=\"western\" align=\"left\"><span style=\"font-family: DejaVu Serif, serif;\"><span style=\"font-size: small;\">Azok is oszlopok a maguk hely\u00e9n, akik bizonys\u00e1got tesznek, tan\u00faskodnak J\u00e9zus Krisztusr\u00f3l a szem\u00e9lyes <\/span><span style=\"font-size: small;\">evangeliz\u00e1ci\u00f3ban<\/span><span style=\"font-size: small;\">, \u00e9s ez is nagyon fontos!<\/span><\/span><\/p>\n<p class=\"western\" align=\"left\"><span style=\"font-family: DejaVu Serif, serif;\"><span style=\"font-size: small;\">Milyen j\u00f3 az, milyen biztons\u00e1got ad az, ha ember kell, van aki oda \u00e1lljon \u00e9s v\u00e9gezze a tennival\u00f3t.<\/span><\/span><\/p>\n<p class=\"western\" align=\"left\"><span style=\"font-family: DejaVu Serif, serif;\"><b><span style=\"font-size: small;\">Vagy te egy ilyen ember a gy\u00fclekezetben?<\/span><\/b><\/span><\/p>\n<p class=\"western\" align=\"left\"><span style=\"font-family: DejaVu Serif, serif;\"><b><span style=\"font-size: small;\">Milyen <\/span><span style=\"font-size: small;\">megb\u00edzat\u00e1sod<\/span><span style=\"font-size: small;\"> van az \u00dart\u00f3l? <\/span><\/b><\/span><\/p>\n<p class=\"western\" align=\"left\"><span style=\"font-family: DejaVu Serif, serif;\"><b><span style=\"font-size: small;\">\u00c9s tudod ezt al\u00e1zatosan v\u00e9gezni?<\/span><\/b><\/span><\/p>\n<p align=\"left\"><span style=\"font-family: DejaVu Serif, serif;\"><span style=\"font-size: small;\">N\u00e9zz\u00fck meg az oszlop feladatait, el\u0151sz\u00f6r is:<\/span><\/span><\/p>\n<ol>\n<li>\n<p class=\"western\" align=\"left\"><span style=\"color: #000000;\"><span style=\"font-family: DejaVu Serif, serif;\"><span style=\"font-size: small;\"><span lang=\"hu-HU\"><i>Az oszlop t<\/i><\/span><\/span><\/span><\/span><span style=\"color: #000000;\"><span style=\"font-family: DejaVu Serif, serif;\"><span style=\"font-size: small;\"><span lang=\"hu-HU\"><i>erhet<\/i><\/span><\/span><\/span><\/span><span style=\"color: #000000;\"><span style=\"font-family: DejaVu Serif, serif;\"><span style=\"font-size: small;\"><span lang=\"hu-HU\"><i> kellett<\/i><\/span><\/span><\/span><\/span><span style=\"color: #000000;\"><span style=\"font-family: DejaVu Serif, serif;\"><span style=\"font-size: small;\"><span lang=\"hu-HU\"><i> tart<\/i><\/span><\/span><\/span><\/span><span style=\"color: #000000;\"><span style=\"font-family: DejaVu Serif, serif;\"><span style=\"font-size: small;\"><span lang=\"hu-HU\"><i>son, <\/i><\/span><\/span><\/span><\/span><\/p>\n<\/li>\n<\/ol>\n<p class=\"western\" align=\"left\"><span style=\"font-family: DejaVu Serif, serif;\"><span style=\"font-size: small;\">&#8211; eml\u00e9kezz\u00fcnk: S\u00e1mson \u00e9lete v\u00e9g\u00e9n, a k\u00e9t oszlopot mozgatta meg, amelyek az \u00e9p\u00fcletet tartott\u00e1k \u00e9s \u00f6sszed\u0151lt az \u00e9p\u00fclet, &#8211; <\/span><span style=\"font-size: small;\"><b>ez az oszlop els\u0151dleges c\u00e9lja, terhet tartani, terhet hordozni,<\/b><\/span><span style=\"font-size: small;\"> de lelki \u00e9rtelemben is igaz ez,<\/span><\/span><\/p>\n<p class=\"western\" align=\"left\"><span style=\"font-family: DejaVu Serif, serif;\"><span style=\"font-size: small;\">&#8211; Jakab, K\u00e9f\u00e1s \u00e9s J\u00e1nos vitt\u00e9k a terhet a jeruzs\u00e1lemi gy\u00fclekezetben, a t\u00f6bbiekkel egy\u00fctt,<\/span><\/span><\/p>\n<p class=\"western\" align=\"left\"><span style=\"font-family: DejaVu Serif, serif;\"><span style=\"font-size: small;\">&#8211; Istennek sz\u00fcks\u00e9ge van a gy\u00fclekezetben emberekre, f\u00e9rfiakra \u00e9s n\u0151kre, fiatalokra \u00e9s id\u0151sekre, akik hordozz\u00e1k a terhet, <\/span><\/span><\/p>\n<p class=\"western\" align=\"left\"><span style=\"font-family: DejaVu Serif, serif;\"><span style=\"font-size: small;\">&#8211; nemcsak hallgat\u00f3k, nemcsak fogyaszt\u00f3k kell legyenek a tagok, hanem teher tart\u00f3k, teher hordoz\u00f3k. <\/span><\/span><\/p>\n<p class=\"western\" align=\"left\"><span style=\"font-family: DejaVu Serif, serif;\"><span style=\"font-size: small;\">&#8211; ha mindenki, m\u00e1svalakire v\u00e1r, nem lesz el\u0151halad\u00e1s, <\/span><\/span><\/p>\n<p class=\"western\" align=\"left\"><span style=\"font-family: DejaVu Serif, serif;\"><span style=\"font-size: small;\">&#8211; de az is igaz ha valaki terhet hordoz, tesz valamit, ez\u00e9rt n\u00e9ha kritika is \u00e9ri, mert n\u00e9ha akad olyan is, aki nem tesz semmit csak b\u00edr\u00e1lja azt aki tesz,<\/span><\/span><\/p>\n<p class=\"western\" align=\"left\"><span style=\"font-family: DejaVu Serif, serif;\"><span style=\"font-size: small;\"><b>Te milyen tag vagy? Aki terhet hordozol, vagy aki kritiz\u00e1lsz?<\/b><\/span><\/span><\/p>\n<p class=\"western\" align=\"left\"><span style=\"font-family: DejaVu Serif, serif;\"><b><span style=\"font-size: small;\">Lehet r\u00e1d sz\u00e1m\u00edtani? <\/span><\/b><\/span><\/p>\n<p class=\"western\" align=\"left\"><span style=\"font-family: DejaVu Serif, serif;\"><b><span style=\"font-size: small;\">Isten sz\u00e1m\u00edthat r\u00e1d az emberek megment\u00e9s\u00e9ben?<\/span><\/b><\/span><\/p>\n<p class=\"western\" align=\"left\"><span style=\"font-family: DejaVu Serif, serif;\"><span style=\"font-size: small;\">Az aki dolgozik, t\u00e9vedhet, hib\u00e1zhat, ezt lehet kritiz\u00e1lni, vagy lehet \u00e9p\u00edt\u0151 m\u00f3don helyre igaz\u00edtani.<\/span><\/span><\/p>\n<p class=\"western\" align=\"left\"><span style=\"font-family: DejaVu Serif, serif;\"><span style=\"font-size: small;\"><b>Te hogy teszel?<\/b><\/span><\/span><\/p>\n<ol start=\"2\">\n<li>\n<p class=\"western\" align=\"left\"><span style=\"color: #000000;\"><span style=\"font-family: DejaVu Serif, serif;\"><span style=\"font-size: small;\"><span lang=\"hu-HU\"><i>Az oszlop c<\/i><\/span><\/span><\/span><\/span><span style=\"color: #000000;\"><span style=\"font-family: DejaVu Serif, serif;\"><span style=\"font-size: small;\"><span lang=\"hu-HU\"><i>sendben rend<\/i><\/span><\/span><\/span><\/span><span style=\"color: #000000;\"><span style=\"font-family: DejaVu Serif, serif;\"><span style=\"font-size: small;\"><span lang=\"hu-HU\"><i>\u00ed<\/i><\/span><\/span><\/span><\/span><span style=\"color: #000000;\"><span style=\"font-family: DejaVu Serif, serif;\"><span style=\"font-size: small;\"><span lang=\"hu-HU\"><i>thetetlen\u00fcl \u00e1ll a neki rendelt helyen<\/i><\/span><\/span><\/span><\/span><span style=\"color: #000000;\"><span style=\"font-family: DejaVu Serif, serif;\"><span style=\"font-size: small;\"><span lang=\"hu-HU\"><i>,<\/i><\/span><\/span><\/span><\/span><\/p>\n<\/li>\n<\/ol>\n<p class=\"western\" align=\"left\"><span style=\"font-family: DejaVu Serif, serif;\"><span style=\"font-size: small;\">&#8211; egy nagyon fontos jellemz\u0151je az oszlopnak, nem lehet ide-oda tolni, megb\u00edzat\u00e1sa van, att\u00f3l aki oda \u00e1ll\u00edtotta, \u00e9s v\u00e9gzi feladat\u00e1t.<\/span><\/span><\/p>\n<p class=\"western\" align=\"left\"><span style=\"font-family: DejaVu Serif, serif;\"><span style=\"font-size: small;\"><b>Ilyen vagy te? <\/b><\/span><\/span><\/p>\n<p class=\"western\" align=\"left\"><span style=\"font-family: DejaVu Serif, serif;\"><b><span style=\"font-size: small;\">Vagy ide-oda f\u00fajj a sz\u00e9l, a tan\u00edt\u00e1sok szele, vagy az emberek v\u00e9lem\u00e9nye? <\/span><\/b><\/span><\/p>\n<p class=\"western\" align=\"left\"><span style=\"font-family: DejaVu Serif, serif;\"><b><span style=\"font-size: small;\">Ki \u00e1ll\u00edtott oda ahol vagy, felismerted?<\/span><\/b><\/span><\/p>\n<ol start=\"3\">\n<li>\n<p class=\"western\" align=\"left\"><span style=\"color: #000000;\"><span style=\"font-family: DejaVu Serif, serif;\"><span style=\"font-size: small;\"><span lang=\"hu-HU\"><i>Az oszlop f<\/i><\/span><\/span><\/span><\/span><span style=\"color: #000000;\"><span style=\"font-family: DejaVu Serif, serif;\"><span style=\"font-size: small;\"><span lang=\"hu-HU\"><i>\u00fcgg<\/i><\/span><\/span><\/span><\/span><span style=\"color: #000000;\"><span style=\"font-family: DejaVu Serif, serif;\"><span style=\"font-size: small;\"><span lang=\"hu-HU\"><i>\u0151<\/i><\/span><\/span><\/span><\/span><span style=\"color: #000000;\"><span style=\"font-family: DejaVu Serif, serif;\"><span style=\"font-size: small;\"><span lang=\"hu-HU\"><i>leges kapcsolatot tart<\/i><\/span><\/span><\/span><\/span><span style=\"color: #000000;\"><span style=\"font-family: DejaVu Serif, serif;\"><span style=\"font-size: small;\"><span lang=\"hu-HU\"><i>,<\/i><\/span><\/span><\/span><\/span><\/p>\n<\/li>\n<\/ol>\n<p class=\"western\" align=\"left\"><span style=\"font-family: DejaVu Serif, serif;\"><span style=\"font-size: small;\">&#8211; az oszlopnak fontos c\u00e9lja van, \u00f6sszek\u00f6ti a lentit a fentivel, lelki \u00e9rtelemben a f\u00f6ldi embert kapcsolatba hozza Istennel. <\/span><\/span><\/p>\n<p class=\"western\" align=\"left\"><span style=\"font-family: DejaVu Serif, serif;\"><span style=\"font-size: small;\"><b>Te \u00e1ltalad valaki k\u00f6zelebb jutott Istenhez, valaki megismerte Istent rajtad kereszt\u00fcl?<\/b><\/span><\/span><\/p>\n<p class=\"western\" align=\"left\"><span style=\"font-family: DejaVu Serif, serif;\"><span style=\"font-size: small;\"><b>K\u00f6zel vagy te az emberekhez \u00e9s Istenhez?<\/b><\/span><\/span><\/p>\n<ol start=\"4\">\n<li>\n<p class=\"western\" align=\"left\"><span style=\"color: #000000;\"><span style=\"font-family: DejaVu Serif, serif;\"><span style=\"font-size: small;\"><span lang=\"hu-HU\"><i>Az oszlop j<\/i><\/span><\/span><\/span><\/span><span style=\"color: #000000;\"><span style=\"font-family: DejaVu Serif, serif;\"><span style=\"font-size: small;\"><span lang=\"hu-HU\"><i>elenl\u00e9t<\/i><\/span><\/span><\/span><\/span><span style=\"color: #000000;\"><span style=\"font-family: DejaVu Serif, serif;\"><span style=\"font-size: small;\"><span lang=\"hu-HU\"><i>e<\/i><\/span><\/span><\/span><\/span><span style=\"color: #000000;\"><span style=\"font-family: DejaVu Serif, serif;\"><span style=\"font-size: small;\"><span lang=\"hu-HU\"><i> biztons\u00e1got ad<\/i><\/span><\/span><\/span><\/span><span style=\"color: #000000;\"><span style=\"font-family: DejaVu Serif, serif;\"><span style=\"font-size: small;\"><span lang=\"hu-HU\"><i>, <\/i><\/span><\/span><\/span><\/span><\/p>\n<\/li>\n<\/ol>\n<p class=\"western\" align=\"left\"><span style=\"font-family: DejaVu Serif, serif;\"><span style=\"font-size: small;\">&#8211; ha l\u00e1tod nyugodt vagy, nem fog r\u00e1d omolni a tet\u0151, a balkon,<\/span><\/span><\/p>\n<p class=\"western\" align=\"left\"><span style=\"font-family: DejaVu Serif, serif;\"><span style=\"font-size: small;\"><b>A te jelenl\u00e9ted ahol vagy, mit sugall az embereknek?<\/b><\/span><\/span><\/p>\n<p class=\"western\" align=\"left\"><span style=\"font-family: DejaVu Serif, serif;\"><span style=\"font-size: small;\"><b>Amikor t\u00e9ged l\u00e1tnak, tudj\u00e1k azt, hogy j\u00f3 helyen vannak, mert ott vagy te is? <\/b><\/span><\/span><\/p>\n<p class=\"western\" align=\"left\"><span style=\"color: #000000;\"><span style=\"font-family: DejaVu Serif, serif;\"><span style=\"font-size: small;\"><span lang=\"hu-HU\">V\u00e9g\u00fcl is nem te vagy a fontos, felismerik az emberek, hogy Isten ott van veled, \u0150 a fontos?<\/span><\/span><\/span><\/span><\/p>\n<ol start=\"5\">\n<li>\n<p class=\"western\"><span style=\"color: #000000;\"><span style=\"font-family: DejaVu Serif, serif;\"><span style=\"font-size: small;\"><span lang=\"hu-HU\"><i>Az oszlop l<\/i><\/span><\/span><\/span><\/span><span style=\"color: #000000;\"><span style=\"font-family: DejaVu Serif, serif;\"><span style=\"font-size: small;\"><span lang=\"hu-HU\"><i>e<\/i><\/span><\/span><\/span><\/span><span style=\"color: #000000;\"><span style=\"font-family: DejaVu Serif, serif;\"><span style=\"font-size: small;\"><span lang=\"hu-HU\"><i>het eml\u00e9koszlop<\/i><\/span><\/span><\/span><\/span><span style=\"color: #000000;\"><span style=\"font-family: DejaVu Serif, serif;\"><span style=\"font-size: small;\"><span lang=\"hu-HU\"><i> is, valamire eml\u00e9keztet, vagy valakire mutat, <\/i><\/span><\/span><\/span><\/span><\/p>\n<\/li>\n<\/ol>\n<p class=\"western\" align=\"left\"><span style=\"font-family: DejaVu Serif, serif;\"><span style=\"font-size: small;\">Voltak akik maguknak \u00e1ll\u00edtottak eml\u00e9koszlopot, (Absolon), m\u00e1skor az oszlop egy esem\u00e9nyre kellett eml\u00e9keztesse az egy\u00e9nt, vagy a n\u00e9pet,<\/span><\/span><\/p>\n<p class=\"western\" align=\"left\"><span style=\"font-family: DejaVu Serif, serif;\"><span style=\"font-size: small;\">A h\u00edv\u0151 ember feladata: Istenre mutatni, felfel\u00e9 mutatni, J\u00e9zus Krisztust bemutatni az embereknek!<\/span><\/span><\/p>\n<p class=\"western\" align=\"left\"><span style=\"font-family: DejaVu Serif, serif;\"><b><span style=\"font-size: small;\">Te kire mutatsz? <\/span><\/b><\/span><\/p>\n<p class=\"western\" align=\"left\"><span style=\"font-family: DejaVu Serif, serif;\"><b><span style=\"font-size: small;\">Mit jegyeznek meg az emberek miut\u00e1n melletted elmentek, melletted \u00e9ltek, veled tal\u00e1lkoztak? <\/span><\/b><\/span><\/p>\n<p class=\"western\" align=\"left\"><span style=\"font-family: DejaVu Serif, serif;\"><b><span style=\"font-size: small;\">Mondj\u00e1k: ez Istennek szent embere? <\/span><\/b><\/span><\/p>\n<p class=\"western\" align=\"left\"><span style=\"font-family: DejaVu Serif, serif;\"><span style=\"font-size: small;\">Vagy azt mondj\u00e1k: ez is komolytalan? Csak l\u00e1tszat h\u00edv\u0151? Csak besz\u00e9l? <\/span><\/span><\/p>\n<p class=\"western\" align=\"left\"><span style=\"font-family: DejaVu Serif, serif;\"><span style=\"font-size: small;\">\u00c9s miattad, azt mondj\u00e1k: minden h\u00edv\u0151 ilyen?<\/span><\/span><\/p>\n<p align=\"left\"><span style=\"font-family: DejaVu Serif, serif;\"><span style=\"font-size: small;\">Az oszlopok sorsa <\/span><span style=\"font-size: small;\">\u00e9rdekes<\/span><span style=\"font-size: small;\">:<\/span><\/span><\/p>\n<ol>\n<li>\n<p class=\"western\" align=\"left\"><span style=\"font-family: DejaVu Serif, serif;\"><span style=\"font-size: small;\"><i>N\u00e9ha \u00e9<\/i><\/span><span style=\"font-size: small;\"><i>szre sem veszik <\/i><\/span><span style=\"font-size: small;\"><i>\u0151<\/i><\/span><span style=\"font-size: small;\"><i>ket<\/i><\/span><span style=\"font-size: small;\"><i>,<\/i><\/span><span style=\"font-size: small;\"> elmennek mellett\u00fck, meg sem l\u00e1tj\u00e1k \u0151ket. De \u0151k \u00e1llnak rend\u00edthetetlen\u00fcl.<\/span><\/span><\/p>\n<\/li>\n<\/ol>\n<p class=\"western\" align=\"left\"><span style=\"font-family: DejaVu Serif, serif;\"><span style=\"font-size: small;\">&#8211; mondtam n\u00e9ha, mert a h\u00edv\u0151 ember nem maradhat \u00e9szrev\u00e9tlen, nem <\/span><span style=\"font-size: small;\">simulhat<\/span><span style=\"font-size: small;\"> bele, <\/span><span style=\"font-size: small;\">nem <\/span><span style=\"font-size: small;\"> olvadhat bele a vil\u00e1gba, l\u00e1that\u00f3v\u00e1 kell legyen,<\/span><\/span><\/p>\n<p class=\"western\" align=\"left\"><span style=\"font-family: DejaVu Serif, serif;\"><b><span style=\"font-size: small;\">Tudsz ilyen h\u00edv\u0151 ember lenni? <\/span><\/b><\/span><\/p>\n<p class=\"western\" align=\"left\"><span style=\"font-family: DejaVu Serif, serif;\"><b><span style=\"font-size: small;\">V\u00e9gezni feladatod amikor sz\u00e1nd\u00e9kosan nem vesznek \u00e9szre?<\/span><\/b><\/span><\/p>\n<p class=\"western\" align=\"left\"><span style=\"font-family: DejaVu Serif, serif;\"><b><span style=\"font-size: small;\">Teszed feladatod, \u00e9s nem v\u00e1rsz elismer\u00e9st, nem v\u00e1rsz tapsot az emberekt\u0151l? <\/span><\/b><\/span><\/p>\n<p class=\"western\" align=\"left\"><span style=\"font-family: DejaVu Serif, serif;\"><span style=\"font-size: small;\">&#8211; \u00e9s te sem embereknek adod a dics\u0151s\u00e9get?<\/span><\/span><\/p>\n<ol start=\"2\">\n<li>\n<p class=\"western\" align=\"left\"><span style=\"font-family: DejaVu Serif, serif;\"><i><span style=\"font-size: small;\">Az oszlopnak<\/span><span style=\"font-size: small;\"> t\u00e1maszkodnak<\/span><span style=\"font-size: small;\">, <\/span><\/i><\/span><\/p>\n<\/li>\n<\/ol>\n<p class=\"western\" align=\"left\"><span style=\"font-family: DejaVu Serif, serif;\"><span style=\"font-size: small;\">&#8211; n\u00e9ha milyen j\u00f3, hogy van kire t\u00e1maszkodni, valakit\u0151l meger\u0151s\u00edt\u00e9st nyerni,<\/span><\/span><\/p>\n<p class=\"western\" align=\"left\"><span style=\"font-family: DejaVu Serif, serif;\"><span style=\"font-size: small;\"><b>Vagy egy ilyen szem\u00e9ly, aki m\u00e1sokat meger\u0151s\u00edtesz?<\/b><\/span><\/span><\/p>\n<p class=\"western\" align=\"left\"><span style=\"font-family: DejaVu Serif, serif;\"><span style=\"font-size: small;\">&#8211; lehet n\u00e9ha egy sz\u00f3 is el\u00e9g, egy b\u00e1tor\u00edt\u00e1s, <\/span><\/span><\/p>\n<p class=\"western\" align=\"left\"><span style=\"font-family: DejaVu Serif, serif;\"><span style=\"font-size: small;\">&#8211; m\u00e1skor id\u0151t, er\u0151t ig\u00e9nybe vev\u0151 tettek kellenek, de te oszlop vagy,<\/span><\/span><\/p>\n<ol start=\"3\">\n<li>\n<p class=\"western\" align=\"left\"><span style=\"font-family: DejaVu Serif, serif;\"><span style=\"font-size: small;\"><i>M\u00e1skor \u00fa<\/i><\/span><span style=\"font-size: small;\"><i>tban vannak<\/i><\/span><span style=\"font-size: small;\"><i> az oszlopok<\/i><\/span><span style=\"font-size: small;\"><i>,<\/i><\/span> <\/span><\/p>\n<\/li>\n<\/ol>\n<p class=\"western\" align=\"left\"><span style=\"font-family: DejaVu Serif, serif;\"><span style=\"font-size: small;\">&#8211; <\/span><span style=\"font-size: small;\">olyan helyen vannak ahol nem szeretn\u00e9nk \u0151ket l\u00e1tni, <\/span><span style=\"font-size: small;\">ki kell ker\u00fclni <\/span><span style=\"font-size: small;\">\u0151<\/span><span style=\"font-size: small;\">ke<\/span><span style=\"font-size: small;\">t. <\/span><\/span><\/p>\n<p class=\"western\" align=\"left\"><span style=\"font-family: DejaVu Serif, serif;\"><span style=\"font-size: small;\">N\u00e9ha olyat tesznek, n\u00e9ha olyat mondanak ami nem tetszik nek\u00fcnk, <\/span><span style=\"font-size: small;\">utunkban<\/span><span style=\"font-size: small;\"> vannak.<\/span><\/span><\/p>\n<p class=\"western\" align=\"left\"><span style=\"font-family: DejaVu Serif, serif;\"><span style=\"font-size: small;\">\u00c9ppen ez\u00e9rt n<\/span><span style=\"font-size: small;\">\u00e9ha <\/span><span style=\"font-size: small;\">beler\u00fagnak<\/span><span style=\"font-size: small;\">, de az oszlop \u00e1ll rend\u00edthetetlen\u00fcl, mert megb\u00edzat\u00e1s\u00e1t nem att\u00f3l kapta akinek \u00fatj\u00e1ban van. <\/span><\/span><\/p>\n<p class=\"western\" align=\"left\"><span style=\"font-family: DejaVu Serif, serif;\"><span style=\"font-size: small;\">Ismerek olyan h\u00edv\u0151 embert akit sokszor f\u00e9lre tettek, mintha <\/span><span style=\"font-size: small;\">beler\u00fagtak<\/span><span style=\"font-size: small;\"> volna, de \u0151 meg\u00e1llt \u00e9s az id\u0151 folyam\u00e1n Isten igazolt mellette.<\/span><\/span><\/p>\n<p class=\"western\" align=\"left\"><span style=\"font-family: DejaVu Serif, serif;\"><b><span style=\"font-size: small;\">Te milyen oszlop vagy? V\u00e1llalod ezt a kellemetlen <\/span><span style=\"font-size: small;\">megb\u00edzat\u00e1st<\/span><span style=\"font-size: small;\">?<\/span><\/b><\/span><\/p>\n<p class=\"western\" align=\"left\"><span style=\"font-family: DejaVu Serif, serif;\"><span style=\"font-size: small;\">A pr\u00f3f\u00e9t\u00e1k is ilyen emberek voltak, Isten szav\u00e1t <\/span><span style=\"font-size: small;\">hirdett\u00e9k<\/span><span style=\"font-size: small;\">, \u00e9s sokszor nem tetszett a hallgat\u00f3knak.<\/span><\/span><\/p>\n<p class=\"western\" align=\"left\"><span style=\"font-family: DejaVu Serif, serif;\"><span style=\"font-size: small;\">Ma is vannak ilyen <\/span><span style=\"font-size: small;\">igehirdet\u0151k<\/span><span style=\"font-size: small;\">, aki nem emberek tetsz\u00e9s\u00e9t keresik, a tiszta ig\u00e9t <\/span><span style=\"font-size: small;\">hirdetik<\/span><span style=\"font-size: small;\">, a b\u0171n ellen besz\u00e9lnek, \u00e9s ez\u00e9rt nem mindenkinek tetszenek.<\/span><\/span><\/p>\n<ol start=\"4\">\n<li>\n<p class=\"western\" align=\"left\"><span style=\"font-family: DejaVu Serif, serif;\"><i><span style=\"font-size: small;\">A<\/span><span style=\"font-size: small;\">z oszlop a<\/span><span style=\"font-size: small;\">kkor is \u00e1ll mikor <\/span><span style=\"font-size: small;\">feleslegesnek <\/span><span style=\"font-size: small;\"> l\u00e1tsz<\/span><span style=\"font-size: small;\">i<\/span><span style=\"font-size: small;\">k,<\/span> <\/i><\/span><\/p>\n<\/li>\n<\/ol>\n<p class=\"western\" align=\"left\"><span style=\"font-family: DejaVu Serif, serif;\"><span style=\"font-size: small;\">&#8211; <\/span><span style=\"font-size: small;\">aki oszlop azt a <\/span><span style=\"font-size: small;\">kitart<\/span><span style=\"font-size: small;\">\u00e1s jellemzi<\/span><span style=\"font-size: small;\">,<\/span><span style=\"font-size: small;\"> s<\/span><span style=\"font-size: small;\">ok esem\u00e9nynek tan\u00fa<\/span><span style=\"font-size: small;\">ja,<\/span><span style=\"font-size: small;\"> de nem rend\u00fcl meg,<\/span><span style=\"font-size: small;\"> tudja mi a c\u00e9lja, mi\u00e9rt van ott, \u00e9s akkor mikor sz\u00fcks\u00e9g van r\u00e1 teszi feladat\u00e1t.<\/span><\/span><\/p>\n<p class=\"western\" align=\"left\"><span style=\"font-family: DejaVu Serif, serif;\"><b><span style=\"font-size: small;\">Vagy te egy ilyen oszlop, aki tudod milyen <\/span><span style=\"font-size: small;\">megb\u00edzat\u00e1st<\/span><span style=\"font-size: small;\"> kapt\u00e1l, \u00e9s teszed azt?<\/span><\/b><\/span><\/p>\n<p align=\"left\"><span style=\"font-family: DejaVu Serif, serif;\"><span style=\"font-size: small;\">Egy n\u00e9h\u00e1ny oszlop az ig\u00e9b\u0151l:<\/span><\/span><\/p>\n<p class=\"western\" align=\"left\"><span style=\"font-family: DejaVu Serif, serif;\"><span style=\"font-size: small;\">Gal 2,9 <\/span><\/span><\/p>\n<ul>\n<li>\n<p class=\"western\" align=\"left\"><span style=\"font-family: DejaVu Serif, serif;\"><span style=\"font-size: small;\">Jakab, K\u00e9f\u00e1s \u00e9s J\u00e1nos oszlopok<\/span><span style=\"font-size: small;\"> voltak<\/span><span style=\"font-size: small;\">,<\/span><\/span><\/p>\n<ul>\n<li>\n<p class=\"western\" align=\"left\"><span style=\"font-family: DejaVu Serif, serif;\"><span style=\"font-size: small;\">m<\/span><span style=\"font-size: small;\">egb\u00edzhat\u00f3<\/span><span style=\"font-size: small;\"> szem\u00e9lyek voltak<\/span><\/span><\/p>\n<\/li>\n<li>\n<p class=\"western\" align=\"left\"><span style=\"font-family: DejaVu Serif, serif;\"><span style=\"font-size: small;\">hordozt\u00e1k a terheket, nem inogtak meg,<\/span><\/span><\/p>\n<\/li>\n<li>\n<p class=\"western\" align=\"left\"><span style=\"font-family: DejaVu Serif, serif;\"><span style=\"font-size: small;\">Isten eszk\u00f6zei v<\/span><span style=\"font-size: small;\">oltak<\/span><\/span><\/p>\n<\/li>\n<\/ul>\n<\/li>\n<\/ul>\n<ul>\n<li>\n<p class=\"western\" align=\"left\"><span style=\"font-family: DejaVu Serif, serif;\"><span style=\"font-size: small;\">L\u00f3t is oszlop lehetett volna,<\/span><\/span><\/p>\n<\/li>\n<\/ul>\n<p class=\"western\" align=\"left\"><span style=\"font-family: DejaVu Serif, serif;\"><span style=\"font-size: small;\">&#8211; <\/span><span style=\"font-size: small;\">Isten haragj\u00e1nak z<\/span><span style=\"font-size: small;\">\u00fa<\/span><span style=\"font-size: small;\">dul\u00e1s\u00e1t akad\u00e1lyoz<\/span><span style=\"font-size: small;\">hat<\/span><span style=\"font-size: small;\">ta <\/span><span style=\"font-size: small;\">volna <\/span><span style=\"font-size: small;\">meg (<\/span><span style=\"font-size: small;\"> ha lett volna m\u00e9g 9 t\u00e1rsa, de viselked\u00e9se miatt vejei sem hittek neki, ha azok hittek volna, <\/span><span style=\"font-size: small;\">m\u00e1sok is<\/span><span style=\"font-size: small;\"> lettek volna, <\/span><span style=\"font-size: small;\">\u00e9s lettek volna t\u00edzen is<\/span><span style=\"font-size: small;\">)<\/span><\/span><\/p>\n<p class=\"western\" align=\"left\"><span style=\"font-family: DejaVu Serif, serif;\"><span style=\"font-size: small;\"><b>Mi h\u00e1ny ember megt\u00e9r\u00e9s\u00e9t szalasztottuk el?<\/b><\/span><\/span><\/p>\n<ul>\n<li>\n<p class=\"western\" align=\"left\"><span style=\"font-family: DejaVu Serif, serif;\"><span style=\"font-size: small;\">Sz\u00e1rd\u00edszi h\u00edv\u0151k:<\/span><\/span><\/p>\n<\/li>\n<\/ul>\n<p class=\"western\" align=\"left\"><span style=\"font-family: DejaVu Serif, serif;\"><span style=\"font-size: small;\">Jel 3:4 De van n\u00e9h\u00e1ny neved Sz\u00e1rd\u00edszb\u00e1n, azok, akik nem szennyezt\u00e9k be ruh\u00e1ikat, \u00e9s feh\u00e9rben fognak velem j\u00e1rni, mert m\u00e9lt\u00f3k r\u00e1.<\/span><\/span><\/p>\n<p class=\"western\" align=\"left\"><span style=\"font-family: DejaVu Serif, serif;\"><span style=\"font-size: small;\">&#8211; ezekre Isten feladatot is b\u00edz: er\u0151s\u00edtsd meg a t\u00f6bbieket.<\/span><\/span><\/p>\n<p class=\"western\" align=\"left\"><span style=\"font-family: DejaVu Serif, serif;\"><b><span style=\"font-size: small;\">Vagy te ilyen oszlop a gy\u00fclekezetben? <\/span><\/b><\/span><\/p>\n<p class=\"western\" align=\"left\"><span style=\"font-family: DejaVu Serif, serif;\"><b><span style=\"font-size: small;\">Aki nem a t\u00f6meggel haladsz, nem szennyezed be ruh\u00e1dat?<\/span><\/b><\/span><\/p>\n<p align=\"left\"><span style=\"font-family: DejaVu Serif, serif;\"><span style=\"font-size: small;\">Az oszlopnak \u00fczenete van! <\/span><\/span><\/p>\n<p class=\"western\" align=\"left\"><span style=\"font-family: DejaVu Serif, serif;\"><span style=\"font-size: small;\"><b>Mit olvasnak r\u00f3lunk az emberek?<\/b><\/span><\/span><\/p>\n<ol>\n<li>\n<p class=\"western\" align=\"left\"><span style=\"font-family: DejaVu Serif, serif;\"><span style=\"font-size: small;\">Isten nev\u00e9t<\/span><span style=\"font-size: small;\">?<\/span><\/span><\/p>\n<\/li>\n<li>\n<p class=\"western\" align=\"left\"><span style=\"font-family: DejaVu Serif, serif;\"><span style=\"font-size: small;\">Isten v\u00e1ros\u00e1nak nev\u00e9t, a hova tartoz\u00e1s hely\u00e9t<\/span><span style=\"font-size: small;\">?<\/span><\/span><\/p>\n<\/li>\n<li>\n<p class=\"western\" align=\"left\"><span style=\"font-family: DejaVu Serif, serif;\"><span style=\"font-size: small;\">Krisztus \u00faj nev\u00e9t<\/span><span style=\"font-size: small;\">? Ezt<\/span><span style=\"font-size: small;\"> Krisztus <\/span><span style=\"font-size: small;\">\u00ed<\/span><span style=\"font-size: small;\">rja r\u00e1d, ezt nem lehet mint egy jelmezt fel\u00f6lteni,<\/span><\/span><\/p>\n<\/li>\n<\/ol>\n<p align=\"left\"><span style=\"font-family: DejaVu Serif, serif;\"><b><span style=\"font-size: small;\">Mit a titka hogy ezt <\/span><span style=\"font-size: small;\">beteljes\u00edtsd<\/span><span style=\"font-size: small;\">? <\/span><\/b><\/span><\/p>\n<p align=\"left\"><span style=\"color: #000000;\"><span style=\"font-family: DejaVu Serif, serif;\"><span style=\"font-size: small;\"><span lang=\"hu-HU\">Az oszlopnak van l\u00e1that\u00f3 r\u00e9sze, \u00e9s egy l\u00e1thatatlan r\u00e9sze, a fund\u00e1ci\u00f3, az alap, ez ad neki tart\u00e1st,<\/span><\/span><\/span><\/span><\/p>\n<p class=\"western\" align=\"left\"><span style=\"font-family: DejaVu Serif, serif;\"><b><span style=\"font-size: small;\">M<\/span><span style=\"font-size: small;\">i lehet az \u00e9n \u00e9s a te <\/span><span style=\"font-size: small;\">fundamentumod<\/span><span style=\"font-size: small;\">? <\/span><\/b><\/span><\/p>\n<p class=\"western\" align=\"left\"><span style=\"font-family: DejaVu Serif, serif;\"><span style=\"font-size: small;\">Az ami nem &#8220;l\u00e1tszik&#8221;<\/span><span style=\"font-size: small;\"> de tart\u00e1st ad<\/span><span style=\"font-size: small;\">?<\/span> <\/span><\/p>\n<p class=\"western\" align=\"left\"><span style=\"font-family: DejaVu Serif, serif;\"><span style=\"font-size: small;\">Az Istennel val\u00f3 szem\u00e9lyes kapcsolat, a titkos kamra, az ige olvas\u00e1sa, elm\u00e9lked\u00e9s rajta \u00e9s a gy\u00f6ny\u00f6rk\u00f6d\u00e9s benne, az im\u00e1dkoz\u00e1s!<\/span><\/span><\/p>\n<p class=\"western\" align=\"left\"><span style=\"font-family: DejaVu Serif, serif;\"><span style=\"font-size: small;\">&#8220;Aki gy\u0151z&#8221;&#8230; mondta az \u00dar J\u00e9zus, J\u00e1nos ap<\/span><span style=\"font-size: small;\">ostol<\/span><span style=\"font-size: small;\"> pedig megmagyar\u00e1zza: &#8220;\u00e9s az a gy\u0151zelem, amely legy\u0151zte a vil\u00e1got, a mi hit\u00fcnk&#8221;<\/span><\/span><\/p>\n<p class=\"western\" align=\"left\"><span style=\"font-family: DejaVu Serif, serif;\"><span style=\"font-size: small;\">Nem az oszlop voltunk\u00e9rt gy\u0151z\u00fcnk, hanem a hit\u00fcnk \u00e1ltal gy\u0151z\u00fcnk, mert \u00fagy \u00e9lek mint aki hiszek.<\/span><\/span><\/p>\n<p class=\"western\" align=\"left\"><span style=\"font-family: DejaVu Serif, serif;\"><span style=\"font-size: small;\">Seg\u00edtsen az \u00dar erre benn\u00fcnket!<\/span><\/span><\/p>\n","protected":false},"excerpt":{"rendered":"<p>Gal 2:9 \u00c9s amikor Jakab \u00e9s K\u00e9f\u00e1s meg J\u00e1nos, akiket oszlopoknak tekintenek, felismert\u00e9k a nekem adott kegyelmet, meg\u00e1llapod\u00e1sul kezet adtak nekem \u00e9s Barnab\u00e1snak, hogy mi a pog\u00e1nyokhoz menj\u00fcnk, \u0151k pedig a k\u00f6r\u00fclmet\u00e9ltekhez. Jel 3:12 Aki gy\u0151z, azt oszlopp\u00e1 teszem az \u00e9n Istenem templom\u00e1ban, \u00e9s onnan nem ker\u00fcl ki t\u00f6bb\u00e9, fel\u00edrom r\u00e1 az \u00e9n Istenem nev\u00e9t,&#8230;<\/p>\n","protected":false},"author":2,"featured_media":0,"comment_status":"closed","ping_status":"closed","sticky":false,"template":"","format":"standard","meta":{"_kad_post_transparent":"","_kad_post_title":"","_kad_post_layout":"","_kad_post_sidebar_id":"","_kad_post_content_style":"","_kad_post_vertical_padding":"","_kad_post_feature":"","_kad_post_feature_position":"","_kad_post_header":false,"_kad_post_footer":false,"_kad_post_classname":"","footnotes":""},"categories":[4,5],"tags":[13,28,36,37,49,61,64,65,71,85,107,112,117,120],"class_list":["post-1224","post","type-post","status-publish","format-standard","hentry","category-igehirdetes-vazlatok","category-legujabb-irasok","tag-barnabas","tag-emlek-oszlop","tag-gyoz","tag-gyozelem-poganyok","tag-hivo","tag-isten-temploma","tag-jakab","tag-janos","tag-kefas","tag-megbizatas","tag-oszlop","tag-szent-ember","tag-tag","tag-terhet-hordozo"],"_links":{"self":[{"href":"https:\/\/tmbgy.demhub.net\/index.php?rest_route=\/wp\/v2\/posts\/1224","targetHints":{"allow":["GET"]}}],"collection":[{"href":"https:\/\/tmbgy.demhub.net\/index.php?rest_route=\/wp\/v2\/posts"}],"about":[{"href":"https:\/\/tmbgy.demhub.net\/index.php?rest_route=\/wp\/v2\/types\/post"}],"author":[{"embeddable":true,"href":"https:\/\/tmbgy.demhub.net\/index.php?rest_route=\/wp\/v2\/users\/2"}],"replies":[{"embeddable":true,"href":"https:\/\/tmbgy.demhub.net\/index.php?rest_route=%2Fwp%2Fv2%2Fcomments&post=1224"}],"version-history":[{"count":0,"href":"https:\/\/tmbgy.demhub.net\/index.php?rest_route=\/wp\/v2\/posts\/1224\/revisions"}],"wp:attachment":[{"href":"https:\/\/tmbgy.demhub.net\/index.php?rest_route=%2Fwp%2Fv2%2Fmedia&parent=1224"}],"wp:term":[{"taxonomy":"category","embeddable":true,"href":"https:\/\/tmbgy.demhub.net\/index.php?rest_route=%2Fwp%2Fv2%2Fcategories&post=1224"},{"taxonomy":"post_tag","embeddable":true,"href":"https:\/\/tmbgy.demhub.net\/index.php?rest_route=%2Fwp%2Fv2%2Ftags&post=1224"}],"curies":[{"name":"wp","href":"https:\/\/api.w.org\/{rel}","templated":true}]}}