{"id":1168,"date":"2018-11-17T12:41:27","date_gmt":"2018-11-17T10:41:27","guid":{"rendered":"http:\/\/tmbgy.ro\/?p=1168"},"modified":"2018-11-17T12:41:27","modified_gmt":"2018-11-17T10:41:27","slug":"1168-2","status":"publish","type":"post","link":"https:\/\/tmbgy.demhub.net\/?p=1168","title":{"rendered":"K\u00f6z\u00f6ss\u00e9g\u00e9p\u00edt\u0151 h\u00e9tv\u00e9ge a B\u00e1ns\u00e1gban"},"content":{"rendered":"<p style=\"text-align: left;\" align=\"center\"><span style=\"font-size: 10pt;\"><em>lejegyezte: Boros Emilia<\/em><\/span><\/p>\n<p><span style=\"color: #26282a;\"><span style=\"font-family: 'DejaVu Sans', sans-serif;\"><span style=\"font-size: medium;\">A Temesv\u00e1ri Magyar Baptista Gy\u00fclekezet negyedik alkalommal szervezett k\u00f6z\u00f6ss\u00e9g\u00e9p\u00edt\u0151, hitm\u00e9ly\u00edt\u0151 h\u00e9tv\u00e9g\u00e9t 2018 szeptember\u00e9ben. Erre az alkalomra a Precept Ministries International Surduc-i t\u00f3 partj\u00e1n lev\u0151 konferencia k\u00f6zpontj\u00e1ban ker\u00fclt sor, ahol a k\u00f6z\u00f6ss\u00e9get ver\u0151f\u00e9nyes naps\u00fct\u00e9s, sz\u00ednpomp\u00e1s \u0151szi t\u00e1j, gazdagon megter\u00edtett asztal v\u00e1rta.<\/span><\/span><\/span><\/p>\n<p><span style=\"color: #26282a;\"><span style=\"font-family: 'DejaVu Sans', sans-serif;\"><span style=\"font-size: medium;\"><i>,,J\u00f6jjetek velem csak ti magatok egy lakatlan helyre, \u00e9s pihenjetek meg egy kiss\u00e9<\/i>\u201d-ezzel az Ig\u00e9vel, J\u00e9zus szavaival k\u00f6sz\u00f6nt\u00f6tte az egybegy\u0171lteket Boros R\u00f3bert lelkip\u00e1sztor, majd arra b\u00e1tor\u00edtott mindenkit, hogy ezen a ,,csendes h\u00e9tv\u00e9g\u00e9n\u201d pr\u00f3b\u00e1ljon mindenki Istenre \u00e9s egym\u00e1sra figyelni, felt\u00f6lt\u0151dni, lelkiekben gazdagodni. <\/span><\/span><\/span><\/p>\n<p><span style=\"color: #26282a;\"><span style=\"font-family: 'DejaVu Sans', sans-serif;\"><span style=\"font-size: medium;\">A m\u00e1sf\u00e9l nap alatt kicsiknek \u00e9s nagyoknak, id\u0151seknek \u00e9s fiataloknak egyar\u00e1nt lehet\u0151s\u00e9g\u00fck volt hossz\u00fa s\u00e9t\u00e1kat tenni a t\u00f3parton, v\u00edzibiciklizni, besz\u00e9lgetni, r\u00f6plabd\u00e1zni, j\u00e1tszani, de term\u00e9szetesen a k\u00f6z\u00f6ss\u00e9get \u00e9rint\u0151 gyakorlati k\u00e9rd\u00e9seket is megbesz\u00e9lt\u00e9k, egym\u00e1st b\u00e1tor\u00edtva, seg\u00edtve.<\/span><\/span><\/span><\/p>\n<p><span style=\"color: #26282a;\"><span style=\"font-family: 'DejaVu Sans', sans-serif;\"><span style=\"font-size: medium;\">A h\u00e9tv\u00e9ge t\u00e9m\u00e1ja a <i>Lelki n\u00f6veked\u00e9s <\/i>volt, de olyan k\u00e9rd\u00e9sek megbesz\u00e9l\u00e9s\u00e9re is sor ker\u00fclt, mint a kereszty\u00e9n \u00e9let gyakorlati megnyilv\u00e1nul\u00e1sai, gyereknevel\u00e9s, k\u00f6z\u00f6ss\u00e9gi oldalak haszn\u00e1lata, napi csendess\u00e9g, megbocs\u00e1t\u00e1s, korrupci\u00f3. Nagy hangs\u00falyt fektettek a k\u00f6z\u00f6s \u00e9nekl\u00e9sre, im\u00e1dkoz\u00e1sra, egym\u00e1s m\u00e9lyebb megismer\u00e9s\u00e9re is.<\/span><\/span><\/span><\/p>\n<p><span style=\"color: #26282a;\"><span style=\"font-family: 'DejaVu Sans', sans-serif;\"><span style=\"font-size: medium;\">H\u00e1l\u00e1sak vagyunk els\u0151sorban Istennek a sz\u00e9p id\u0151\u00e9rt, oltalom\u00e9rt, gazdag testi- \u00e9s lelki t\u00e1pl\u00e1l\u00e9k\u00e9rt, ugyanakkor b\u00edzunk benne, hogy ezt a hagyom\u00e1nyt meg\u0151rizhetj\u00fck \u00e9s a j\u00f6v\u0151ben is folytathatjuk.<\/span><\/span><\/span><\/p>\n<p><span style=\"color: #26282a;\"><span style=\"font-family: 'DejaVu Sans', sans-serif;\"><span style=\"font-size: medium;\">Kiemelt k\u00f6sz\u00f6net illeti a Magyar Korm\u00e1nyt, aki a Bethlen G\u00e1bor Alapon kereszt\u00fcl t\u00e1mogatta a rendezv\u00e9ny megval\u00f3sul\u00e1s\u00e1t.<\/span><\/span><\/span><\/p>\n<p><span style=\"font-family: 'DejaVu Sans', sans-serif;\"><br \/>\n<\/span><\/p>\n<p align=\"right\">\n","protected":false},"excerpt":{"rendered":"<p>lejegyezte: Boros Emilia A Temesv\u00e1ri Magyar Baptista Gy\u00fclekezet negyedik alkalommal szervezett k\u00f6z\u00f6ss\u00e9g\u00e9p\u00edt\u0151, hitm\u00e9ly\u00edt\u0151 h\u00e9tv\u00e9g\u00e9t 2018 szeptember\u00e9ben. Erre az alkalomra a Precept Ministries International Surduc-i t\u00f3 partj\u00e1n lev\u0151 konferencia k\u00f6zpontj\u00e1ban ker\u00fclt sor, ahol a k\u00f6z\u00f6ss\u00e9get ver\u0151f\u00e9nyes naps\u00fct\u00e9s, sz\u00ednpomp\u00e1s \u0151szi t\u00e1j, gazdagon megter\u00edtett asztal v\u00e1rta. ,,J\u00f6jjetek velem csak ti magatok egy lakatlan helyre, \u00e9s pihenjetek meg egy&#8230;<\/p>\n","protected":false},"author":4,"featured_media":0,"comment_status":"open","ping_status":"closed","sticky":false,"template":"","format":"standard","meta":{"_kad_post_transparent":"","_kad_post_title":"","_kad_post_layout":"","_kad_post_sidebar_id":"","_kad_post_content_style":"","_kad_post_vertical_padding":"","_kad_post_feature":"","_kad_post_feature_position":"","_kad_post_header":false,"_kad_post_footer":false,"_kad_post_classname":"","footnotes":""},"categories":[5],"tags":[],"class_list":["post-1168","post","type-post","status-publish","format-standard","hentry","category-legujabb-irasok"],"_links":{"self":[{"href":"https:\/\/tmbgy.demhub.net\/index.php?rest_route=\/wp\/v2\/posts\/1168","targetHints":{"allow":["GET"]}}],"collection":[{"href":"https:\/\/tmbgy.demhub.net\/index.php?rest_route=\/wp\/v2\/posts"}],"about":[{"href":"https:\/\/tmbgy.demhub.net\/index.php?rest_route=\/wp\/v2\/types\/post"}],"author":[{"embeddable":true,"href":"https:\/\/tmbgy.demhub.net\/index.php?rest_route=\/wp\/v2\/users\/4"}],"replies":[{"embeddable":true,"href":"https:\/\/tmbgy.demhub.net\/index.php?rest_route=%2Fwp%2Fv2%2Fcomments&post=1168"}],"version-history":[{"count":0,"href":"https:\/\/tmbgy.demhub.net\/index.php?rest_route=\/wp\/v2\/posts\/1168\/revisions"}],"wp:attachment":[{"href":"https:\/\/tmbgy.demhub.net\/index.php?rest_route=%2Fwp%2Fv2%2Fmedia&parent=1168"}],"wp:term":[{"taxonomy":"category","embeddable":true,"href":"https:\/\/tmbgy.demhub.net\/index.php?rest_route=%2Fwp%2Fv2%2Fcategories&post=1168"},{"taxonomy":"post_tag","embeddable":true,"href":"https:\/\/tmbgy.demhub.net\/index.php?rest_route=%2Fwp%2Fv2%2Ftags&post=1168"}],"curies":[{"name":"wp","href":"https:\/\/api.w.org\/{rel}","templated":true}]}}