{"id":1143,"date":"2019-04-02T09:49:27","date_gmt":"2019-04-02T06:49:27","guid":{"rendered":"http:\/\/tmbgy.ro\/?p=1143"},"modified":"2019-04-02T09:49:27","modified_gmt":"2019-04-02T06:49:27","slug":"a-feltamadas-hatasai","status":"publish","type":"post","link":"https:\/\/tmbgy.demhub.net\/?p=1143","title":{"rendered":"A felt\u00e1mad\u00e1s hat\u00e1sai"},"content":{"rendered":"<p><span style=\"color: #333333;\"><span style=\"font-family: Arial,serif;\"><span style=\"font-size: medium;\">Ha pedig Krisztus nem t\u00e1madt fel, semmit sem \u00e9r a ti hitetek, m\u00e9g b\u0171neitekben vagytok. (1Kor 15:17)<\/span><\/span><\/span><\/p>\n<p><span style=\"font-family: Arial,serif;\"><span style=\"font-size: medium;\">Biztos hallottuk m\u00e1r azoknak az embereknek a megjegyz\u00e9s\u00e9t, akik \u00fagy v\u00e9dt\u00e9k a felt\u00e1mad\u00e1s lehetetlens\u00e9g\u00e9t, hogy <\/span><\/span><span style=\"font-family: Arial,serif;\"><span style=\"font-size: medium;\"><i>nem j\u00f6tt m\u00e9g onnan vissza senki \u2013 m\u00e1rmint a hal\u00e1lb\u00f3l. <\/i><\/span><\/span><span style=\"font-family: Arial,serif;\"><span style=\"font-size: medium;\">Vajon, biztos, hogy nem? <\/span><\/span><\/p>\n<p><span style=\"font-family: Arial,serif;\"><span style=\"font-size: medium;\">A Biblia egy kincsesb\u00e1nya. Ha kitart\u00e1ssal keres\u00fcnk, nagyszer\u0171 \u00e9s lelkes\u00edt\u0151 dr\u00e1gagy\u00f6ngy\u00f6ket tal\u00e1lunk benne. \u00cdme 10 \u00e9rt\u00e9k, amit Krisztus felt\u00e1mad\u00e1s\u00e1nak k\u00f6sz\u00f6nhet\u00fcnk. <\/span><\/span><\/p>\n<ol>\n<li><span style=\"font-family: Arial,serif;\"><span style=\"font-size: medium;\">Olyan Megv\u00e1lt\u00f3nk van, aki t\u00f6bb\u00e9 nem hal meg &#8211; \u201e<\/span><\/span><span style=\"color: #333333;\"><span style=\"font-family: Arial,serif;\"><span style=\"font-size: medium;\">Hiszen tudjuk, hogy Krisztus, aki felt\u00e1madt a halottak k\u00f6z\u00fcl, t\u00f6bb\u00e9 nem hal meg, a hal\u00e1l t\u00f6bb\u00e9 nem uralkodik rajta\u201d \u2013 R\u00f3m 6:9<\/span><\/span><\/span><\/li>\n<li><span style=\"font-family: Arial,serif;\"><span style=\"font-size: medium;\">Megt\u00e9r\u00e9s\u00fcnk lehet\u0151s\u00e9ge \u2013 \u201e<\/span><\/span><span style=\"color: #333333;\"><span style=\"font-family: Arial,serif;\"><span style=\"font-size: medium;\">A mi aty\u00e1ink Istene felt\u00e1masztotta J\u00e9zust, akit ti f\u00e1ra f\u00fcggesztve kiv\u00e9geztetek.\u00a0Isten \u0151t mint fejedelmet \u00e9s szabad\u00edt\u00f3t emelte a jobbj\u00e1ra, hogy megt\u00e9r\u00e9st \u00e9s b\u0171nbocs\u00e1natot adjon Izr\u00e1elnek.\u201d ApCsel 5: 30-31<\/span><\/span><\/span><\/li>\n<li><span style=\"color: #333333;\"><span style=\"font-family: Arial,serif;\"><span style=\"font-size: medium;\">Az \u00faj \u00e9let kibontakoz\u00e1sa \u2013 \u201e\u00c1ldott a mi Urunk J\u00e9zus Krisztus Istene \u00e9s Atyja, aki nagy irgalm\u00e1b\u00f3l \u00fajj\u00e1sz\u00fclt minket J\u00e9zus Krisztusnak a halottak k\u00f6z\u00fcl val\u00f3 felt\u00e1mad\u00e1sa \u00e1ltal \u00e9l\u0151 rem\u00e9nys\u00e9gre.\u201d<\/span><\/span><\/span><\/li>\n<\/ol>\n<ol start=\"4\">\n<li><span style=\"font-family: Arial,serif;\"><span style=\"font-size: medium;\">A b\u0171nbocs\u00e1nat val\u00f3s\u00e1ga- \u201e<\/span><\/span><span style=\"color: #333333;\"><span style=\"font-family: Arial,serif;\"><span style=\"font-size: medium;\">Ha pedig Krisztus nem t\u00e1madt fel, semmit sem \u00e9r a ti hitetek, m\u00e9g b\u0171neitekben vagytok.\u201d 1Kor 15:17<\/span><\/span><\/span><\/li>\n<\/ol>\n<ol start=\"5\">\n<li><span style=\"color: #333333;\"><span style=\"font-family: Arial,serif;\"><span style=\"font-size: medium;\">A Szentl\u00e9lek<\/span><\/span><\/span><span style=\"font-family: Arial,serif;\"><span style=\"font-size: medium;\"> aj\u00e1nd\u00e9ka &#8211; \u201e<\/span><\/span><span style=\"color: #333333;\"><span style=\"font-family: Arial,serif;\"><span style=\"font-size: medium;\">Ezt a J\u00e9zust t\u00e1masztotta fel az Isten, aminek mi valamennyien tan\u00fai vagyunk.\u00a0Miut\u00e1n teh\u00e1t felemeltetett az Isten jobbj\u00e1ra, \u00e9s megkapta az Aty\u00e1t\u00f3l a meg\u00edg\u00e9rt Szentlelket, kit\u00f6lt\u00f6tte ezt, amint l\u00e1tj\u00e1tok is, hallj\u00e1tok is.\u201d ApCsel 2: 32-33<\/span><\/span><\/span><\/li>\n<\/ol>\n<ol start=\"6\">\n<li><span style=\"font-family: Arial,serif;\"><span style=\"font-size: medium;\">V\u00e9gleges felment\u00e9s minden v\u00e1d al\u00f3l &#8211; \u201e<\/span><\/span><span style=\"color: #333333;\"><span style=\"font-family: Arial,serif;\"><span style=\"font-size: medium;\">Ki \u00edt\u00e9lne k\u00e1rhozatra? Hiszen Krisztus J\u00e9zus az, aki meghalt, s\u0151t felt\u00e1madt, aki Isten jobbj\u00e1n van, \u00e9s esedezik is \u00e9rt\u00fcnk.\u201d R\u00f3m 8: 34<\/span><\/span><\/span><\/li>\n<\/ol>\n<ol start=\"7\">\n<li><span style=\"font-family: Arial,serif;\"><span style=\"font-size: medium;\">J\u00e9zussal szem\u00e9lyes k\u00f6z\u00f6ss\u00e9g \u00e9s v\u00e9delem &#8211; \u201e<\/span><\/span><span style=\"color: #333333;\"><span style=\"font-family: Arial,serif;\"><span style=\"font-size: medium;\">\u00e9s \u00edme, \u00e9n veletek vagyok minden napon a vil\u00e1g v\u00e9gezet\u00e9ig.\u201d Mt 28: 20<\/span><\/span><\/span><\/li>\n<\/ol>\n<ol start=\"8\">\n<li><span style=\"font-family: Arial,serif;\"><span style=\"font-size: medium;\">Az elj\u00f6vend\u0151 igazs\u00e1gszolg\u00e1ltat\u00e1s bizonyoss\u00e1ga &#8211; \u201e<\/span><\/span><span style=\"color: #333333;\"><span style=\"font-family: Arial,serif;\"><span style=\"font-size: medium;\">Az\u00e9rt rendelt egy napot, amelyen igazs\u00e1gos \u00edt\u00e9letet mond majd az eg\u00e9sz f\u00f6ldkereks\u00e9g f\u00f6l\u00f6tt egy f\u00e9rfi \u00e1ltal, akit erre kiv\u00e1lasztott, akir\u0151l bizonys\u00e1got adott mindenki el\u0151tt az\u00e1ltal, hogy felt\u00e1masztotta a hal\u00e1lb\u00f3l.\u201d ApCsel 17:31<\/span><\/span><\/span><\/li>\n<\/ol>\n<ol start=\"9\">\n<li><span style=\"font-family: Arial,serif;\"><span style=\"font-size: medium;\">Megmenek\u00fcl\u00e9s Isten haragj\u00e1t\u00f3l (pokol) &#8211; \u201e<\/span><\/span><span style=\"color: #333333;\"><span style=\"font-family: Arial,serif;\"><span style=\"font-size: medium;\">\u00e9s v\u00e1rj\u00e1tok a mennyb\u0151l J\u00e9zust, az \u0151 Fi\u00e1t, akit felt\u00e1masztott a halottak k\u00f6z\u00fcl, aki megszabad\u00edt minket az elj\u00f6vend\u0151 haragt\u00f3l.\u201d 1Thessz 1: 10<\/span><\/span><\/span><\/li>\n<\/ol>\n<ol start=\"10\">\n<li><span style=\"font-family: Arial,serif;\"><span style=\"font-size: medium;\">A mi felt\u00e1mad\u00e1sunk a hal\u00e1lb\u00f3l &#8211; \u201e<\/span><\/span><span style=\"color: #333333;\"><span style=\"font-family: Arial,serif;\"><span style=\"font-size: medium;\">Mert tudjuk, hogy aki felt\u00e1masztotta az \u00dar J\u00e9zust, az J\u00e9zussal egy\u00fctt minket is felt\u00e1maszt, \u00e9s maga el\u00e9 \u00e1ll\u00edt veletek egy\u00fctt.\u201d 2Kor 4: 14, R\u00f3m 6:4, 1Kor 6:14<\/span><\/span><\/span><\/li>\n<\/ol>\n<p><span style=\"font-family: Arial,serif;\"><span style=\"font-size: medium;\">K\u00e9rlek engedd, kedves olvas\u00f3, hogy Isten szava meg\u00e9rintsen ezen az \u00fcnnepen. Az els\u0151 felt\u00e1mad\u00e1s azt \u00fczeni, hogy lesz m\u00e1sodik is. T\u00f6bb\u00e9 nem a hal\u00e1l\u00e9 az utols\u00f3 sz\u00f3, hanem az \u00e9let\u00e9. Az \u00e9let f\u00e9nye legy\u0151zte a hal\u00e1l s\u00f6t\u00e9tj\u00e9t. Hidd el! Fogadd el! B\u00edzd r\u00e1 magad! <\/span><\/span><\/p>\n","protected":false},"excerpt":{"rendered":"<p>Ha pedig Krisztus nem t\u00e1madt fel, semmit sem \u00e9r a ti hitetek, m\u00e9g b\u0171neitekben vagytok. (1Kor 15:17) Biztos hallottuk m\u00e1r azoknak az embereknek a megjegyz\u00e9s\u00e9t, akik \u00fagy v\u00e9dt\u00e9k a felt\u00e1mad\u00e1s lehetetlens\u00e9g\u00e9t, hogy nem j\u00f6tt m\u00e9g onnan vissza senki \u2013 m\u00e1rmint a hal\u00e1lb\u00f3l. Vajon, biztos, hogy nem? A Biblia egy kincsesb\u00e1nya. Ha kitart\u00e1ssal keres\u00fcnk, nagyszer\u0171 \u00e9s&#8230;<\/p>\n","protected":false},"author":4,"featured_media":0,"comment_status":"closed","ping_status":"closed","sticky":false,"template":"","format":"standard","meta":{"_kad_post_transparent":"","_kad_post_title":"","_kad_post_layout":"","_kad_post_sidebar_id":"","_kad_post_content_style":"","_kad_post_vertical_padding":"","_kad_post_feature":"","_kad_post_feature_position":"","_kad_post_header":false,"_kad_post_footer":false,"_kad_post_classname":"","footnotes":""},"categories":[5],"tags":[],"class_list":["post-1143","post","type-post","status-publish","format-standard","hentry","category-legujabb-irasok"],"_links":{"self":[{"href":"https:\/\/tmbgy.demhub.net\/index.php?rest_route=\/wp\/v2\/posts\/1143","targetHints":{"allow":["GET"]}}],"collection":[{"href":"https:\/\/tmbgy.demhub.net\/index.php?rest_route=\/wp\/v2\/posts"}],"about":[{"href":"https:\/\/tmbgy.demhub.net\/index.php?rest_route=\/wp\/v2\/types\/post"}],"author":[{"embeddable":true,"href":"https:\/\/tmbgy.demhub.net\/index.php?rest_route=\/wp\/v2\/users\/4"}],"replies":[{"embeddable":true,"href":"https:\/\/tmbgy.demhub.net\/index.php?rest_route=%2Fwp%2Fv2%2Fcomments&post=1143"}],"version-history":[{"count":0,"href":"https:\/\/tmbgy.demhub.net\/index.php?rest_route=\/wp\/v2\/posts\/1143\/revisions"}],"wp:attachment":[{"href":"https:\/\/tmbgy.demhub.net\/index.php?rest_route=%2Fwp%2Fv2%2Fmedia&parent=1143"}],"wp:term":[{"taxonomy":"category","embeddable":true,"href":"https:\/\/tmbgy.demhub.net\/index.php?rest_route=%2Fwp%2Fv2%2Fcategories&post=1143"},{"taxonomy":"post_tag","embeddable":true,"href":"https:\/\/tmbgy.demhub.net\/index.php?rest_route=%2Fwp%2Fv2%2Ftags&post=1143"}],"curies":[{"name":"wp","href":"https:\/\/api.w.org\/{rel}","templated":true}]}}