{"id":1141,"date":"2018-03-26T20:42:09","date_gmt":"2018-03-26T17:42:09","guid":{"rendered":"http:\/\/tmbgy.ro\/?p=1141"},"modified":"2018-03-26T20:42:09","modified_gmt":"2018-03-26T17:42:09","slug":"egyutt-a-bansagi-magyar-gyermekszivekert","status":"publish","type":"post","link":"https:\/\/tmbgy.demhub.net\/?p=1141","title":{"rendered":"Egy\u00fctt a b\u00e1ns\u00e1gi magyar gyermeksz\u00edvek\u00e9rt!"},"content":{"rendered":"<p>2018. m\u00e1rcius 17-\u00e9n t\u00f6bb, mint h\u00fasz B\u00e1ns\u00e1gban \u00e9l\u0151 vas\u00e1rnapi iskolai tan\u00edt\u00f3, kereszty\u00e9n pedag\u00f3gus tartott konferenci\u00e1t ,,<b>A tin\u00e9dzserkor kih\u00edv\u00e1sai\u201d<\/b> t\u00e9m\u00e1val a Temesv\u00e1ri Magyar Baptista Gy\u00fclekezet szervez\u00e9s\u00e9ben. Az alkalom k\u00f6tetlen besz\u00e9lget\u00e9ssel indult meleg tea, k\u00e1v\u00e9 mellett, majd n\u00e9h\u00e1ny lelkes fiatal az alkalomhoz ill\u0151 \u00e9nekekkel hangolta a sz\u00edveket a napi t\u00e9ma feldolgoz\u00e1s\u00e1ra.<\/p>\n<p>Ezut\u00e1n im\u00e1ban hozt\u00e1k Isten el\u00e9 gondjaikat, \u00f6r\u00f6meiket azzal a hittel, hogy a Teremt\u0151 \u00e9s gondvisel\u0151 Istenn\u00e9l minden probl\u00e9m\u00e1ra van megold\u00e1s.<\/p>\n<p>Az alkalom m\u00e1sodik fel\u00e9ben meghallgatt\u00e1k Buz\u00e1s-Gere Henrietta, nagyv\u00e1radi kereszty\u00e9n pszichol\u00f3gus el\u0151ad\u00e1s\u00e1t a fenti t\u00e9m\u00e1ban, aki felsorolta a tin\u00e9dzserkor jellemz\u0151it, majd felv\u00e1zolta azokat a lehet\u0151s\u00e9geket, gyakorlati tennival\u00f3kat, amelyeket alkalmaznunk kell gyermekeink, ifjaink eg\u00e9szs\u00e9ges lelki fejl\u0151d\u00e9s\u00e9nek el\u0151seg\u00edt\u00e9s\u00e9re.<\/p>\n<p>A pszichol\u00f3gusk\u00e9nt \u00e9s gyermek-bibliak\u00f6r\u00f6k vezet\u0151jek\u00e9nt dolgoz\u00f3 el\u0151ad\u00f3 hangs\u00falyozta, hogy nagyon fontos a f\u00fcgg\u0151s\u00e9gek kialakul\u00e1s\u00e1t megel\u0151z\u0151 prevenci\u00f3, a tin\u00e9dzserek meghallgat\u00e1sa \u00e9s nem a tilt\u00e1s, hanem a vel\u00fcnk val\u00f3 egy\u00fctt gondolkod\u00e1s kialak\u00edt\u00e1sa. Mivel identit\u00e1skeres\u0151 f\u00e1zisban vannak, elengedhetetlen\u00fcl fontos tudatos\u00edtani, milyen nagy \u00e9rt\u00e9k van benn\u00fck, mennyire dr\u00e1g\u00e1k \u00e9s \u00e9rt\u00e9kesek els\u0151sorban Isten, de mindannyiunk szem\u00e9ben.<\/p>\n<p>Nagyon sok gyakorlati tan\u00e1cs is elhangzott arra n\u00e9zve, hogyan k\u00f6zeledhet\u00fcnk gyermekeinkhez, megel\u0151zve az \u00e9rzelmi elt\u00e1volod\u00e1st, elszigetel\u0151d\u00e9st.<\/p>\n<p>Az alkalom v\u00e9g\u00e9n meleg eb\u00e9d mellett m\u00e9g lehet\u0151s\u00e9g volt a kapcsolatok \u00e1pol\u00e1s\u00e1ra, t\u00e1borszervez\u00e9si k\u00e9rd\u00e9sek megbesz\u00e9l\u00e9s\u00e9re, egym\u00e1s b\u00e1tor\u00edt\u00e1s\u00e1ra. Mindny\u00e1jan egyet\u00e9rtettek abban, hogy csak \u00f6sszefog\u00e1ssal \u00e9s hittel szolg\u00e1lhatnak egy\u00fctt a b\u00e1ns\u00e1gi magyar gyermeksz\u00edvek\u00e9rt.<\/p>\n<p>Az esem\u00e9ny megval\u00f3s\u00edt\u00e1s\u00e1t t\u00e1mogatta a V\u00e1rb\u00e1stya Egyes\u00fclet \u00e1ltal l\u00e9trehozott Temes Megyei Magyar K\u00f6z\u00f6ss\u00e9gfejleszt\u00e9si Alap.<\/p>\n<p align=\"right\">Boros Em\u00edlia, az Erd\u00e9lyi Baptista Vas\u00e1rnapi Iskolai Sz\u00f6vets\u00e9g eln\u00f6ke<\/p>\n","protected":false},"excerpt":{"rendered":"<p>2018. m\u00e1rcius 17-\u00e9n t\u00f6bb, mint h\u00fasz B\u00e1ns\u00e1gban \u00e9l\u0151 vas\u00e1rnapi iskolai tan\u00edt\u00f3, kereszty\u00e9n pedag\u00f3gus tartott konferenci\u00e1t ,,A tin\u00e9dzserkor kih\u00edv\u00e1sai\u201d t\u00e9m\u00e1val a Temesv\u00e1ri Magyar Baptista Gy\u00fclekezet szervez\u00e9s\u00e9ben. Az alkalom k\u00f6tetlen besz\u00e9lget\u00e9ssel indult meleg tea, k\u00e1v\u00e9 mellett, majd n\u00e9h\u00e1ny lelkes fiatal az alkalomhoz ill\u0151 \u00e9nekekkel hangolta a sz\u00edveket a napi t\u00e9ma feldolgoz\u00e1s\u00e1ra. Ezut\u00e1n im\u00e1ban hozt\u00e1k Isten el\u00e9 gondjaikat,&#8230;<\/p>\n","protected":false},"author":4,"featured_media":0,"comment_status":"closed","ping_status":"closed","sticky":false,"template":"","format":"standard","meta":{"_kad_post_transparent":"","_kad_post_title":"","_kad_post_layout":"","_kad_post_sidebar_id":"","_kad_post_content_style":"","_kad_post_vertical_padding":"","_kad_post_feature":"","_kad_post_feature_position":"","_kad_post_header":false,"_kad_post_footer":false,"_kad_post_classname":"","footnotes":""},"categories":[2],"tags":[],"class_list":["post-1141","post","type-post","status-publish","format-standard","hentry","category-hirdetesek"],"_links":{"self":[{"href":"https:\/\/tmbgy.demhub.net\/index.php?rest_route=\/wp\/v2\/posts\/1141","targetHints":{"allow":["GET"]}}],"collection":[{"href":"https:\/\/tmbgy.demhub.net\/index.php?rest_route=\/wp\/v2\/posts"}],"about":[{"href":"https:\/\/tmbgy.demhub.net\/index.php?rest_route=\/wp\/v2\/types\/post"}],"author":[{"embeddable":true,"href":"https:\/\/tmbgy.demhub.net\/index.php?rest_route=\/wp\/v2\/users\/4"}],"replies":[{"embeddable":true,"href":"https:\/\/tmbgy.demhub.net\/index.php?rest_route=%2Fwp%2Fv2%2Fcomments&post=1141"}],"version-history":[{"count":0,"href":"https:\/\/tmbgy.demhub.net\/index.php?rest_route=\/wp\/v2\/posts\/1141\/revisions"}],"wp:attachment":[{"href":"https:\/\/tmbgy.demhub.net\/index.php?rest_route=%2Fwp%2Fv2%2Fmedia&parent=1141"}],"wp:term":[{"taxonomy":"category","embeddable":true,"href":"https:\/\/tmbgy.demhub.net\/index.php?rest_route=%2Fwp%2Fv2%2Fcategories&post=1141"},{"taxonomy":"post_tag","embeddable":true,"href":"https:\/\/tmbgy.demhub.net\/index.php?rest_route=%2Fwp%2Fv2%2Ftags&post=1141"}],"curies":[{"name":"wp","href":"https:\/\/api.w.org\/{rel}","templated":true}]}}