{"id":1068,"date":"2017-10-12T16:27:47","date_gmt":"2017-10-12T13:27:47","guid":{"rendered":"http:\/\/tmbgy.ro\/?p=1068"},"modified":"2017-10-12T16:27:47","modified_gmt":"2017-10-12T13:27:47","slug":"beszamolo-a-nagykoveresi-kozossegi-naprol","status":"publish","type":"post","link":"https:\/\/tmbgy.demhub.net\/?p=1068","title":{"rendered":"Besz\u00e1mol\u00f3 a Nagyk\u00f6v\u00e9resi K\u00f6z\u00f6ss\u00e9gi napr\u00f3l"},"content":{"rendered":"<p align=\"justify\"><a name=\"yiv0077443436yui_3_16_0_ym19_1_1507811599936_9166\"><\/a> <span style=\"font-size: large;\"> A Temesv\u00e1ri Magyar Baptista Gy\u00fclekezet imm\u00e1r 2. alkalommal szervezett k\u00f6z\u00f6ss\u00e9gi napot Nagyk\u00f6v\u00e9resen. A k\u00f6z\u00f6ss\u00e9g tagjai a nagyv\u00e1ros zaj\u00e1t maguk m\u00f6g\u00f6tt hagyva, kint a term\u00e9szetben \u00e1polt\u00e1k a testv\u00e9ri kapcsolatokat. 2017 szeptember 9.-\u00e9n szombaton gy\u0171lt \u00f6ssze a k\u00f6zel 70 szem\u00e9lyb\u0151l \u00e1ll\u00f3 csapat Temesv\u00e1rr\u00f3l \u00e9s n\u00e9h\u00e1nyan \u00d6tv\u00f6sdr\u0151l.<\/span><\/p>\n<p align=\"justify\"><a name=\"yiv0077443436yui_3_16_0_ym19_1_1507811599936_9170\"><\/a> <span style=\"font-size: large;\"> A d\u00e9lel\u0151tt folyam\u00e1n lelki felt\u00f6lt\u0151d\u00e9sre volt lehet\u0151s\u00e9g. A szervez\u0151k igyekeztek v\u00e1ltozatos programokkal szolg\u00e1lni a r\u00e9sztvev\u0151k fel\u00e9. Istent dics\u00e9r\u0151 \u00e9nekekkel kezdt\u00e9k a napot, h\u00e1l\u00e1t adva a megtart\u00e1s\u00e9rt, az\u00e9rt hogy most \u00edgy egy\u00fctt lehetnek. Ezut\u00e1n f\u00f3rumbesz\u00e9lget\u00e9sre ker\u00fclt sor, melynek t\u00e9m\u00e1ja a f\u00e9lelem volt. Mit kezdj\u00fcnk a f\u00e9lelmeinkkel, hogyan kezelj\u00fck \u0151ket, mit tan\u00edt ezzel kapcsolatban a Biblia? <\/span><\/p>\n<p align=\"justify\"><a name=\"yiv0077443436yui_3_16_0_ym19_1_1507811599936_9174\"><\/a><a name=\"yiv0077443436yui_3_16_0_ym19_1_1507811599936_9178\"><\/a> <span style=\"font-size: large;\"> A k\u00fcl\u00f6nb\u00f6z\u0151 koroszt\u00e1lyb\u00f3l \u00e9s k\u00fcl\u00f6nb\u00f6z\u0151 h\u00e1tt\u00e9rb\u0151l j\u00f6v\u0151 megk\u00e9rdezettek egyet\u00e9rtettek abban, hogy a f\u00e9lelem b\u00e1rkit megk\u00f6rny\u00e9kezhet. Ezek lehetnek v\u00e9lt vagy val\u00f3s f\u00e9lelmek. A sz\u00fcl\u0151 agg\u00f3dik \u00e9s f\u00e9lti gyermeke j\u00f6v\u0151j\u00e9t, a nyugdijas f\u00e9l, hogy a nyugdija nem lesz el\u00e9g a meg\u00e9lhet\u00e9shez, vagy a fiatal h\u00e1zas, aki banki k\u00f6lcs\u00f6nt vett fel, hogy lesz-e mib\u0151l megadnia a k\u00f6lcs\u00f6nt. F\u00e9ltj\u00fck az eg\u00e9szs\u00e9g\u00fcnket, iskola kezd\u00e9s el\u0151tt a gyermekeink biztons\u00e1g\u00e1t, \u00e9s m\u00e9g a hal\u00e1lf\u00e9lelem is megk\u00f6rny\u00e9kezhet. T\u00f6bben elmondtak epiz\u00f3dokat saj\u00e1t \u00e9let\u00fckb\u0151l, hogy hogyan gy\u0151zt\u00e9k le f\u00e9lelmeiket. A felismer\u00e9s, a kimond\u00e1s, a megvall\u00e1s az els\u0151 l\u00e9p\u00e9s a kivezet\u0151 \u00fatban. Ezut\u00e1n megvallani Istennek, elmondani, megosztani a probl\u00e9m\u00e1t valakivel, egy\u00fctt im\u00e1dkozni egy testv\u00e9rrel. Nagyon l\u00e9nyeges, hogy el\u0151vegy\u00fck ilyenkor is Isten \u00edg\u00e9reteit, melyek er\u0151siteni tudj\u00e1k Istenbe vetett bizalmunkat. Ah\u00e1ny napja vagy egy \u00e9vnek, mindegyikre jut egy \u201cNe f\u00e9lj!\u201d a Bibli\u00e1b\u00f3l. A mi mindehat\u00f3 \u00e9s mindentud\u00f3 Aty\u00e1nk meg akar \u00f3vni a f\u00f6l\u00f6sleges agg\u00f3d\u00e1st\u00f3l, hiszen \u0151 tartja k\u00e9zben a t\u00f6rt\u00e9nelem esem\u00e9nyeit, a mi \u00e9let\u00fcnk t\u00f6rt\u00e9n\u00e9seit. Ha Krisztusban vagyunk, vele val\u00f3 szoros k\u00f6z\u00f6ss\u00e9gben \u00e9lj\u00fck napjainkat, akkor megnyugodhatunk abban, hogyha nem is minden \u00fagy alakul, ahogy mi szeretn\u00e9nk, \u0150 mindent javunka tud ford\u00edtani. (R\u00f3ma 8, 28). A munk\u00e1val, a k\u00f6z\u00e9rdek\u0171 tev\u00e9kenys\u00e9gekkel hasznoss\u00e1 teheti mag\u00e1t az ember \u00e9s m\u00e1ris nem a f\u00e9lelmein gondolkodik. A kiscsoportos im\u00e1dkoz\u00e1s sor\u00e1n egym\u00e1s\u00e9rt is im\u00e1dkoztak a r\u00e9sztvev\u0151k.<\/span><\/p>\n<p align=\"justify\"><span style=\"font-size: large;\"> A finom eb\u00e9d elfogyaszt\u00e1sa ut\u00e1n szervezett j\u00e1t\u00e9kokra ker\u00fclt sor. A focip\u00e1ly\u00e1n nagy volt a lelkesed\u00e9s. Kicsik \u00e9s nagyok r\u00fagt\u00e1k a labd\u00e1t. M\u00e1sok csapat\u00e9pit\u0151 j\u00e1t\u00e9kokban vettek r\u00e9szt Pincotan Emilia szervez\u00e9s\u00e9ben. Az eb\u00e9d ut\u00e1ni s\u00e9ta alkalm\u00e1val teaf\u00fcvet is szedtek n\u00e9melyek.<\/span><\/p>\n<p align=\"justify\"><a name=\"yiv0077443436yui_3_16_0_ym19_1_1507811599936_9182\"><\/a> <span style=\"font-size: large;\"> K\u00e9s\u0151 d\u00e9lut\u00e1n oszlott sz\u00e9t a csapat. Kiv\u00e1ncsian v\u00e1rj\u00e1k a k\u00f6vetkez\u0151 k\u00f6z\u00f6ss\u00e9g\u00e9p\u00edt\u0151 napot.<\/span><\/p>\n<p align=\"justify\"><a name=\"yiv0077443436yui_3_16_0_ym19_1_1507811599936_9184\"><\/a> <span style=\"font-size: large;\"> A nap mott\u00f3ja lehet b\u00f6lcs Salamon mond\u00e1sa: \u201cVid\u00e1m sz\u00edv a legjobb orvoss\u00e1g\u201d.<\/span><\/p>\n<p align=\"justify\"><a name=\"yiv0077443436yui_3_16_0_ym19_1_1507811599936_9186\"><\/a> <span style=\"font-size: large;\"> A k\u00f6z\u00f6ss\u00e9gi nap l\u00e9trej\u00f6tt\u00e9t a Communitas Alapitv\u00e1ny t\u00e1mogatta.<\/span><\/p>\n","protected":false},"excerpt":{"rendered":"<p>A Temesv\u00e1ri Magyar Baptista Gy\u00fclekezet imm\u00e1r 2. alkalommal szervezett k\u00f6z\u00f6ss\u00e9gi napot Nagyk\u00f6v\u00e9resen. A k\u00f6z\u00f6ss\u00e9g tagjai a nagyv\u00e1ros zaj\u00e1t maguk m\u00f6g\u00f6tt hagyva, kint a term\u00e9szetben \u00e1polt\u00e1k a testv\u00e9ri kapcsolatokat. 2017 szeptember 9.-\u00e9n szombaton gy\u0171lt \u00f6ssze a k\u00f6zel 70 szem\u00e9lyb\u0151l \u00e1ll\u00f3 csapat Temesv\u00e1rr\u00f3l \u00e9s n\u00e9h\u00e1nyan \u00d6tv\u00f6sdr\u0151l. A d\u00e9lel\u0151tt folyam\u00e1n lelki felt\u00f6lt\u0151d\u00e9sre volt lehet\u0151s\u00e9g. A szervez\u0151k igyekeztek v\u00e1ltozatos&#8230;<\/p>\n","protected":false},"author":4,"featured_media":0,"comment_status":"open","ping_status":"closed","sticky":false,"template":"","format":"standard","meta":{"_kad_post_transparent":"","_kad_post_title":"","_kad_post_layout":"","_kad_post_sidebar_id":"","_kad_post_content_style":"","_kad_post_vertical_padding":"","_kad_post_feature":"","_kad_post_feature_position":"","_kad_post_header":false,"_kad_post_footer":false,"_kad_post_classname":"","footnotes":""},"categories":[2],"tags":[],"class_list":["post-1068","post","type-post","status-publish","format-standard","hentry","category-hirdetesek"],"_links":{"self":[{"href":"https:\/\/tmbgy.demhub.net\/index.php?rest_route=\/wp\/v2\/posts\/1068","targetHints":{"allow":["GET"]}}],"collection":[{"href":"https:\/\/tmbgy.demhub.net\/index.php?rest_route=\/wp\/v2\/posts"}],"about":[{"href":"https:\/\/tmbgy.demhub.net\/index.php?rest_route=\/wp\/v2\/types\/post"}],"author":[{"embeddable":true,"href":"https:\/\/tmbgy.demhub.net\/index.php?rest_route=\/wp\/v2\/users\/4"}],"replies":[{"embeddable":true,"href":"https:\/\/tmbgy.demhub.net\/index.php?rest_route=%2Fwp%2Fv2%2Fcomments&post=1068"}],"version-history":[{"count":0,"href":"https:\/\/tmbgy.demhub.net\/index.php?rest_route=\/wp\/v2\/posts\/1068\/revisions"}],"wp:attachment":[{"href":"https:\/\/tmbgy.demhub.net\/index.php?rest_route=%2Fwp%2Fv2%2Fmedia&parent=1068"}],"wp:term":[{"taxonomy":"category","embeddable":true,"href":"https:\/\/tmbgy.demhub.net\/index.php?rest_route=%2Fwp%2Fv2%2Fcategories&post=1068"},{"taxonomy":"post_tag","embeddable":true,"href":"https:\/\/tmbgy.demhub.net\/index.php?rest_route=%2Fwp%2Fv2%2Ftags&post=1068"}],"curies":[{"name":"wp","href":"https:\/\/api.w.org\/{rel}","templated":true}]}}